{"id":43707,"date":"2024-07-02T19:54:20","date_gmt":"2024-07-02T22:54:20","guid":{"rendered":"https:\/\/radiorevelacionfm.cl\/?p=43707"},"modified":"2024-07-02T19:54:20","modified_gmt":"2024-07-02T22:54:20","slug":"sesiono-mesa-regional-de-coordinacion-del-sistema-de-justicia-penal","status":"publish","type":"post","link":"https:\/\/radiorevelacionfm.cl\/?p=43707","title":{"rendered":"Sesion\u00f3 Mesa Regional de Coordinaci\u00f3n del Sistema de Justicia Penal"},"content":{"rendered":"<div class=\"flex_column av_one_full  flex_column_div av-zero-column-padding first  avia-builder-el-0  el_before_av_one_full  avia-builder-el-first  \" style='border-radius:0px; '><div  class='avia-image-container  av-styling-    avia-builder-el-1  avia-builder-el-no-sibling  avia-align-center '  itemprop=\"image\" itemscope=\"itemscope\" itemtype=\"https:\/\/schema.org\/ImageObject\"  ><div class='avia-image-container-inner'><div class='avia-image-overlay-wrap'><img decoding=\"async\" class='wp-image-43708 avia-img-lazy-loading-not-43708 avia_image' src=\"https:\/\/radiorevelacionfm.cl\/wp-content\/uploads\/2024\/07\/IMG_1845-1-1.jpeg\" alt='' title='IMG_1845 (1) (1)' height=\"600\" width=\"865\"  itemprop=\"thumbnailUrl\" srcset=\"https:\/\/radiorevelacionfm.cl\/wp-content\/uploads\/2024\/07\/IMG_1845-1-1.jpeg 865w, https:\/\/radiorevelacionfm.cl\/wp-content\/uploads\/2024\/07\/IMG_1845-1-1-300x208.jpeg 300w, https:\/\/radiorevelacionfm.cl\/wp-content\/uploads\/2024\/07\/IMG_1845-1-1-768x533.jpeg 768w, https:\/\/radiorevelacionfm.cl\/wp-content\/uploads\/2024\/07\/IMG_1845-1-1-705x489.jpeg 705w, https:\/\/radiorevelacionfm.cl\/wp-content\/uploads\/2024\/07\/IMG_1845-1-1-450x312.jpeg 450w, https:\/\/radiorevelacionfm.cl\/wp-content\/uploads\/2024\/07\/IMG_1845-1-1-600x416.jpeg 600w\" sizes=\"(max-width: 865px) 100vw, 865px\" \/><\/div><\/div><\/div><\/div><div class=\"flex_column av_one_full  flex_column_div av-zero-column-padding first  avia-builder-el-2  el_after_av_one_full  el_before_av_one_full  column-top-margin\" style='border-radius:0px; '><section class=\"av_textblock_section \"  itemscope=\"itemscope\" itemtype=\"https:\/\/schema.org\/BlogPosting\" itemprop=\"blogPost\" ><div class='avia_textblock  '   itemprop=\"text\" ><p style=\"text-align: center;\"><span style=\"font-size: 18pt;\"><strong>Sesion\u00f3 Mesa Regional de Coordinaci\u00f3n del Sistema de Justicia Penal <\/strong><\/span><\/p>\n<div id=\"gtx-trans\" style=\"position: absolute; left: -50px; top: 4.31534px;\">\n<div class=\"gtx-trans-icon\"><\/div>\n<\/div>\n<\/div><\/section><\/div><div class=\"flex_column av_one_full  flex_column_div av-zero-column-padding first  avia-builder-el-4  el_after_av_one_full  el_before_av_hr  column-top-margin\" style='border-radius:0px; '><section class=\"av_textblock_section \"  itemscope=\"itemscope\" itemtype=\"https:\/\/schema.org\/BlogPosting\" itemprop=\"blogPost\" ><div class='avia_textblock  '   itemprop=\"text\" ><p style=\"text-align: justify;\"><em>Para abordar temas como la instalaci\u00f3n del nuevo Servicio de Reinserci\u00f3n Social Juvenil, entre otros.<\/em><\/p>\n<p style=\"text-align: justify;\">Recientemente en dependencias de la Secretar\u00eda Regional Ministerial de Justicia y Derechos Humanos, se llev\u00f3 a cabo una nueva sesi\u00f3n de la Comisi\u00f3n Regional de Coordinaci\u00f3n del Sistema de Justicia Penal, instancia encabezada por el Seremi de Justicia y DD.HH Samuel Navarro Castro y que tiene como objetivo procurar el fortalecimiento y buen funcionamiento del sistema procesal penal, a trav\u00e9s de proposiciones t\u00e9cnicas que faciliten su desarrollo, seguimiento y evaluaci\u00f3n, as\u00ed como la acci\u00f3n mancomunada de las instituciones participantes.<\/p>\n<p style=\"text-align: justify;\">El Seremi de Justicia y Derechos Humanos Samuel Navarro se refiri\u00f3 a esta instancia se\u00f1alando que \u201cfue la segunda sesi\u00f3n del a\u00f1o, es una comisi\u00f3n que funciona por mandato legal para ver la puesta en marcha de todo lo que tiene que ver con\u00a0 Justicia Penal, y en lo particular en esta oportunidad dimos paso a la creaci\u00f3n de una subcomisi\u00f3n, que tiene que ver con la instalaci\u00f3n del Servicio de Reinserci\u00f3n Social Juvenil y como se hacen las adecuaciones con los actores e intervinientes de Justicia Penal dada las modificaciones que van a haber tanto en las especializaci\u00f3n de los distintos intervinientes, Poder Judicial, Fiscal\u00eda y Defensor\u00eda como la incorporaci\u00f3n de la mediaci\u00f3n penal en el \u00e1mbito de ley de Responsabilidad Penal Adolescente, en ese sentido tambi\u00e9n pudimos ver algunos aspectos de esa instalaci\u00f3n, ver otras materias propias de la adjudicatura y de los distintos \u00f3rganos que participan de esta comisi\u00f3n para ir adecuando, revisando y mejorando algunas brechas que se puedan ir detectando y de esta forma estas instancias sirven para una mejor coordinaci\u00f3n y en el trabajo con las distintas entidades que tenemos que ver con Justicia Penal\u201d.<\/p>\n<p style=\"text-align: justify;\">Finalmente, cabe mencionar que a nivel regional la comisi\u00f3n es presidida por el Seremi de Justicia y DD.HH, y la integran de forma permanente el Presidente de la Ilustr\u00edsima Corte de Apelaciones de Coyhaique, el Fiscal Regional, el Defensor Regional, el Jefe de Zona de Carabineros de Chile, el Jefe Regional de la Polic\u00eda de Investigaciones de Chile.<\/p>\n<\/div><\/section><\/div><div  style='height:50px' class='hr hr-invisible   avia-builder-el-6  el_after_av_one_full  el_before_av_social_share '><span class='hr-inner ' ><span class='hr-inner-style'><\/span><\/span><\/div><\/p>\n<div  class='av-social-sharing-box  avia-builder-el-7  el_after_av_hr  el_before_av_hr  '><div class='av-share-box'><h5 class='av-share-link-description av-no-toc '>Compartir esta noticia<\/h5><ul class='av-share-box-list noLightbox'><li class='av-share-link av-social-link-facebook' ><a target=\"_blank\" aria-label=\"Compartir en Facebook\" href='https:\/\/www.facebook.com\/sharer.php?u=https:\/\/radiorevelacionfm.cl\/?p=43707&#038;t=Sesion%C3%B3%20Mesa%20Regional%20de%20Coordinaci%C3%B3n%20del%20Sistema%20de%20Justicia%20Penal' aria-hidden='false' data-av_icon='\ue8f3' data-av_iconfont='entypo-fontello' title='' data-avia-related-tooltip='Compartir en Facebook' rel=\"noopener\"><span class='avia_hidden_link_text'>Compartir en Facebook<\/span><\/a><\/li><li class='av-share-link av-social-link-twitter' ><a target=\"_blank\" aria-label=\"Compartir en Twitter\" href='https:\/\/twitter.com\/share?text=Sesion%C3%B3%20Mesa%20Regional%20de%20Coordinaci%C3%B3n%20del%20Sistema%20de%20Justicia%20Penal&#038;url=https:\/\/radiorevelacionfm.cl\/?p=43707' aria-hidden='false' data-av_icon='\ue8f1' data-av_iconfont='entypo-fontello' title='' data-avia-related-tooltip='Compartir en Twitter' rel=\"noopener\"><span class='avia_hidden_link_text'>Compartir en Twitter<\/span><\/a><\/li><li class='av-share-link av-social-link-whatsapp' ><a target=\"_blank\" aria-label=\"Compartir en Whatsapp\" href='https:\/\/api.whatsapp.com\/send?text=https:\/\/radiorevelacionfm.cl\/?p=43707' aria-hidden='false' data-av_icon='\uf232' data-av_iconfont='entypo-fontello' title='' data-avia-related-tooltip='Compartir en Whatsapp' rel=\"noopener\"><span class='avia_hidden_link_text'>Compartir en Whatsapp<\/span><\/a><\/li><li class='av-share-link av-social-link-linkedin' ><a target=\"_blank\" aria-label=\"Compartir en LinkedIn\" href='https:\/\/linkedin.com\/shareArticle?mini=true&#038;title=Sesion%C3%B3%20Mesa%20Regional%20de%20Coordinaci%C3%B3n%20del%20Sistema%20de%20Justicia%20Penal&#038;url=https:\/\/radiorevelacionfm.cl\/?p=43707' aria-hidden='false' data-av_icon='\ue8fc' data-av_iconfont='entypo-fontello' title='' data-avia-related-tooltip='Compartir en LinkedIn' rel=\"noopener\"><span class='avia_hidden_link_text'>Compartir en LinkedIn<\/span><\/a><\/li><li class='av-share-link av-social-link-mail' ><a  aria-label=\"Compartir por correo\" href='mailto:?subject=Sesion%C3%B3%20Mesa%20Regional%20de%20Coordinaci%C3%B3n%20del%20Sistema%20de%20Justicia%20Penal&#038;body=https:\/\/radiorevelacionfm.cl\/?p=43707' aria-hidden='false' data-av_icon='\ue805' data-av_iconfont='entypo-fontello' title='' data-avia-related-tooltip='Compartir por correo'><span class='avia_hidden_link_text'>Compartir por correo<\/span><\/a><\/li><\/ul><\/div><\/div>\n<div  style='height:50px' class='hr hr-invisible   avia-builder-el-8  el_after_av_social_share  el_before_av_comments_list '><span class='hr-inner ' ><span class='hr-inner-style'><\/span><\/span><\/div>\n<div  class='av-buildercomment  av-blog-meta-html-info-disabled av-blog-meta-tag-disabled  '><\/div>\n","protected":false},"excerpt":{"rendered":"","protected":false},"author":1,"featured_media":43708,"comment_status":"open","ping_status":"open","sticky":false,"template":"","format":"standard","meta":{"footnotes":""},"categories":[55],"tags":[],"class_list":["post-43707","post","type-post","status-publish","format-standard","has-post-thumbnail","hentry","category-justicia"],"jetpack_featured_media_url":"https:\/\/radiorevelacionfm.cl\/wp-content\/uploads\/2024\/07\/IMG_1845-1-1.jpeg","_links":{"self":[{"href":"https:\/\/radiorevelacionfm.cl\/index.php?rest_route=\/wp\/v2\/posts\/43707","targetHints":{"allow":["GET"]}}],"collection":[{"href":"https:\/\/radiorevelacionfm.cl\/index.php?rest_route=\/wp\/v2\/posts"}],"about":[{"href":"https:\/\/radiorevelacionfm.cl\/index.php?rest_route=\/wp\/v2\/types\/post"}],"author":[{"embeddable":true,"href":"https:\/\/radiorevelacionfm.cl\/index.php?rest_route=\/wp\/v2\/users\/1"}],"replies":[{"embeddable":true,"href":"https:\/\/radiorevelacionfm.cl\/index.php?rest_route=%2Fwp%2Fv2%2Fcomments&post=43707"}],"version-history":[{"count":1,"href":"https:\/\/radiorevelacionfm.cl\/index.php?rest_route=\/wp\/v2\/posts\/43707\/revisions"}],"predecessor-version":[{"id":43709,"href":"https:\/\/radiorevelacionfm.cl\/index.php?rest_route=\/wp\/v2\/posts\/43707\/revisions\/43709"}],"wp:featuredmedia":[{"embeddable":true,"href":"https:\/\/radiorevelacionfm.cl\/index.php?rest_route=\/wp\/v2\/media\/43708"}],"wp:attachment":[{"href":"https:\/\/radiorevelacionfm.cl\/index.php?rest_route=%2Fwp%2Fv2%2Fmedia&parent=43707"}],"wp:term":[{"taxonomy":"category","embeddable":true,"href":"https:\/\/radiorevelacionfm.cl\/index.php?rest_route=%2Fwp%2Fv2%2Fcategories&post=43707"},{"taxonomy":"post_tag","embeddable":true,"href":"https:\/\/radiorevelacionfm.cl\/index.php?rest_route=%2Fwp%2Fv2%2Ftags&post=43707"}],"curies":[{"name":"wp","href":"https:\/\/api.w.org\/{rel}","templated":true}]}}