{"id":4370,"date":"2021-05-21T17:58:05","date_gmt":"2021-05-21T20:58:05","guid":{"rendered":"https:\/\/radiorevelacionfm.cl\/?p=4370"},"modified":"2021-05-21T17:58:05","modified_gmt":"2021-05-21T20:58:05","slug":"luego-de-12-dias-de-busqueda-recuperan-cuerpo-en-lago-general-carrera-tras-denuncia-por-presunta-desgracia","status":"publish","type":"post","link":"https:\/\/radiorevelacionfm.cl\/?p=4370","title":{"rendered":"Luego de 12 d\u00edas de b\u00fasqueda recuperan cuerpo en lago General Carrera tras denuncia por presunta desgracia"},"content":{"rendered":"<div class=\"flex_column av_one_full  flex_column_div av-zero-column-padding first  avia-builder-el-0  el_before_av_one_full  avia-builder-el-first  \" style='border-radius:0px; '><div  class='avia-image-container  av-styling-    avia-builder-el-1  avia-builder-el-no-sibling  avia-align-center '  itemprop=\"image\" itemscope=\"itemscope\" itemtype=\"https:\/\/schema.org\/ImageObject\"  ><div class='avia-image-container-inner'><div class='avia-image-overlay-wrap'><img decoding=\"async\" class='wp-image-4371 avia-img-lazy-loading-not-4371 avia_image' src=\"https:\/\/radiorevelacionfm.cl\/wp-content\/uploads\/2021\/05\/Busquerda_b16-1-1.jpg\" alt='' title='Busquerda_b16 (1) (1)' height=\"600\" width=\"1306\"  itemprop=\"thumbnailUrl\" srcset=\"https:\/\/radiorevelacionfm.cl\/wp-content\/uploads\/2021\/05\/Busquerda_b16-1-1.jpg 1306w, https:\/\/radiorevelacionfm.cl\/wp-content\/uploads\/2021\/05\/Busquerda_b16-1-1-300x138.jpg 300w, https:\/\/radiorevelacionfm.cl\/wp-content\/uploads\/2021\/05\/Busquerda_b16-1-1-1030x473.jpg 1030w, https:\/\/radiorevelacionfm.cl\/wp-content\/uploads\/2021\/05\/Busquerda_b16-1-1-768x353.jpg 768w, https:\/\/radiorevelacionfm.cl\/wp-content\/uploads\/2021\/05\/Busquerda_b16-1-1-705x324.jpg 705w, https:\/\/radiorevelacionfm.cl\/wp-content\/uploads\/2021\/05\/Busquerda_b16-1-1-600x276.jpg 600w\" sizes=\"(max-width: 1306px) 100vw, 1306px\" \/><\/div><\/div><\/div><\/div><div class=\"flex_column av_one_full  flex_column_div av-zero-column-padding first  avia-builder-el-2  el_after_av_one_full  el_before_av_one_full  column-top-margin\" style='border-radius:0px; '><section class=\"av_textblock_section \"  itemscope=\"itemscope\" itemtype=\"https:\/\/schema.org\/BlogPosting\" itemprop=\"blogPost\" ><div class='avia_textblock  '   itemprop=\"text\" ><p style=\"text-align: center;\"><span style=\"font-size: 18pt;\"><b>Luego de 12 d\u00edas de b\u00fasqueda recuperan cuerpo en lago General Carrera tras denuncia por presunta desgracia<\/b><\/span><\/p>\n<div id=\"gtx-trans\" style=\"position: absolute; left: -50px; top: 4.31534px;\">\n<div class=\"gtx-trans-icon\"><\/div>\n<\/div>\n<\/div><\/section><\/div><div class=\"flex_column av_one_full  flex_column_div av-zero-column-padding first  avia-builder-el-4  el_after_av_one_full  el_before_av_hr  column-top-margin\" style='border-radius:0px; '><section class=\"av_textblock_section \"  itemscope=\"itemscope\" itemtype=\"https:\/\/schema.org\/BlogPosting\" itemprop=\"blogPost\" ><div class='avia_textblock  '   itemprop=\"text\" ><p class=\"v1MsoNormal\" style=\"text-align: justify;\">Tras el desarrollo de tareas de reb\u00fasqueda por parte de equipos especializados del GOPE de Carabineros \u2013mediante un robot) en conjunto con la Armada, boteros y el Grupo Especializado para Rescate Subacu\u00e1tico (Gersa) de Bomberos de Puerto Ays\u00e9n, fue este \u00faltimo equipo el cual logr\u00f3 ubicar un cuerpo de sexo masculino a unos 27 metros de profundidad, cerca del punto cero en el sector Isla Mac\u00edas, frente a Puerto R\u00edo Tranquilo.<\/p>\n<p class=\"v1MsoNormal\" style=\"text-align: justify;\">Luego de una reuni\u00f3n de trabajo efectuada a primera hora de esta ma\u00f1ana \u2013a 12 d\u00edas del accidente- fueron nuevamente asignadas las cuadr\u00edculas de trabajo a cada grupo, quienes se abocaron a una exhaustiva reb\u00fasqueda, la cual arroj\u00f3 resultados positivos a las 13:50 horas de esta tarde.<\/p>\n<p class=\"v1MsoNormal\" style=\"text-align: justify;\">Tras lo anterior el cuerpo fue retirado del lugar y trasladado hasta el muelle de la isla. Antecedentes del procedimiento que fueron puestos en conocimiento de la Fiscal\u00eda por parte de la Armada, quienes a esta hora trasladan el cuerpo a bordo de una embarcaci\u00f3n institucional hasta Puerto Ib\u00e1\u00f1ez, para el posterior desarrollo de diligencias y peritajes por parte de la PDI y el Servicio M\u00e9dico Legal que se trasladan al lugar.<\/p>\n<p class=\"v1MsoNormal\" style=\"text-align: justify;\">Desde el momento de conocida la denuncia por presunta desgracia, Carabineros a trav\u00e9s de una patrulla del GOPE se traslad\u00f3 en forma inmediata al sector, desplegando en la zona un equipo rob\u00f3tico de avanzada tecnolog\u00eda, manteniendo un trabajo ininterrumpido de manera conjunta con apoyo de la Armada y en conjunto con boteros, familiares y el Grupo Gersa de Bomberos de Puerto Ays\u00e9n.<\/p>\n<\/div><\/section><\/div><div  style='height:50px' class='hr hr-invisible   avia-builder-el-6  el_after_av_one_full  el_before_av_social_share '><span class='hr-inner ' ><span class='hr-inner-style'><\/span><\/span><\/div><\/p>\n<div  class='av-social-sharing-box  avia-builder-el-7  el_after_av_hr  el_before_av_hr  '><div class='av-share-box'><h5 class='av-share-link-description av-no-toc '>Compartir esta noticia<\/h5><ul class='av-share-box-list noLightbox'><li class='av-share-link av-social-link-facebook' ><a target=\"_blank\" aria-label=\"Compartir en Facebook\" href='https:\/\/www.facebook.com\/sharer.php?u=https:\/\/radiorevelacionfm.cl\/?p=4370&#038;t=Luego%20de%2012%20d%C3%ADas%20de%20b%C3%BAsqueda%20recuperan%20cuerpo%20en%20lago%20General%20Carrera%20tras%20denuncia%20por%20presunta%20desgracia' aria-hidden='false' data-av_icon='\ue8f3' data-av_iconfont='entypo-fontello' title='' data-avia-related-tooltip='Compartir en Facebook' rel=\"noopener\"><span class='avia_hidden_link_text'>Compartir en Facebook<\/span><\/a><\/li><li class='av-share-link av-social-link-twitter' ><a target=\"_blank\" aria-label=\"Compartir en Twitter\" href='https:\/\/twitter.com\/share?text=Luego%20de%2012%20d%C3%ADas%20de%20b%C3%BAsqueda%20recuperan%20cuerpo%20en%20lago%20General%20Carrera%20tras%20denuncia%20por%20presunta%20desgracia&#038;url=https:\/\/radiorevelacionfm.cl\/?p=4370' aria-hidden='false' data-av_icon='\ue8f1' data-av_iconfont='entypo-fontello' title='' data-avia-related-tooltip='Compartir en Twitter' rel=\"noopener\"><span class='avia_hidden_link_text'>Compartir en Twitter<\/span><\/a><\/li><li class='av-share-link av-social-link-whatsapp' ><a target=\"_blank\" aria-label=\"Compartir en Whatsapp\" href='https:\/\/api.whatsapp.com\/send?text=https:\/\/radiorevelacionfm.cl\/?p=4370' aria-hidden='false' data-av_icon='\uf232' data-av_iconfont='entypo-fontello' title='' data-avia-related-tooltip='Compartir en Whatsapp' rel=\"noopener\"><span class='avia_hidden_link_text'>Compartir en Whatsapp<\/span><\/a><\/li><li class='av-share-link av-social-link-linkedin' ><a target=\"_blank\" aria-label=\"Compartir en LinkedIn\" href='https:\/\/linkedin.com\/shareArticle?mini=true&#038;title=Luego%20de%2012%20d%C3%ADas%20de%20b%C3%BAsqueda%20recuperan%20cuerpo%20en%20lago%20General%20Carrera%20tras%20denuncia%20por%20presunta%20desgracia&#038;url=https:\/\/radiorevelacionfm.cl\/?p=4370' aria-hidden='false' data-av_icon='\ue8fc' data-av_iconfont='entypo-fontello' title='' data-avia-related-tooltip='Compartir en LinkedIn' rel=\"noopener\"><span class='avia_hidden_link_text'>Compartir en LinkedIn<\/span><\/a><\/li><li class='av-share-link av-social-link-mail' ><a  aria-label=\"Compartir por correo\" href='mailto:?subject=Luego%20de%2012%20d%C3%ADas%20de%20b%C3%BAsqueda%20recuperan%20cuerpo%20en%20lago%20General%20Carrera%20tras%20denuncia%20por%20presunta%20desgracia&#038;body=https:\/\/radiorevelacionfm.cl\/?p=4370' aria-hidden='false' data-av_icon='\ue805' data-av_iconfont='entypo-fontello' title='' data-avia-related-tooltip='Compartir por correo'><span class='avia_hidden_link_text'>Compartir por correo<\/span><\/a><\/li><\/ul><\/div><\/div>\n<div  style='height:50px' class='hr hr-invisible   avia-builder-el-8  el_after_av_social_share  el_before_av_comments_list '><span class='hr-inner ' ><span class='hr-inner-style'><\/span><\/span><\/div>\n<div  class='av-buildercomment  av-blog-meta-html-info-disabled av-blog-meta-tag-disabled  '><\/div>\n","protected":false},"excerpt":{"rendered":"","protected":false},"author":1,"featured_media":4371,"comment_status":"open","ping_status":"open","sticky":false,"template":"","format":"standard","meta":{"footnotes":""},"categories":[36],"tags":[],"class_list":["post-4370","post","type-post","status-publish","format-standard","has-post-thumbnail","hentry","category-policial"],"jetpack_featured_media_url":"https:\/\/radiorevelacionfm.cl\/wp-content\/uploads\/2021\/05\/Busquerda_b16-1-1.jpg","_links":{"self":[{"href":"https:\/\/radiorevelacionfm.cl\/index.php?rest_route=\/wp\/v2\/posts\/4370","targetHints":{"allow":["GET"]}}],"collection":[{"href":"https:\/\/radiorevelacionfm.cl\/index.php?rest_route=\/wp\/v2\/posts"}],"about":[{"href":"https:\/\/radiorevelacionfm.cl\/index.php?rest_route=\/wp\/v2\/types\/post"}],"author":[{"embeddable":true,"href":"https:\/\/radiorevelacionfm.cl\/index.php?rest_route=\/wp\/v2\/users\/1"}],"replies":[{"embeddable":true,"href":"https:\/\/radiorevelacionfm.cl\/index.php?rest_route=%2Fwp%2Fv2%2Fcomments&post=4370"}],"version-history":[{"count":1,"href":"https:\/\/radiorevelacionfm.cl\/index.php?rest_route=\/wp\/v2\/posts\/4370\/revisions"}],"predecessor-version":[{"id":4372,"href":"https:\/\/radiorevelacionfm.cl\/index.php?rest_route=\/wp\/v2\/posts\/4370\/revisions\/4372"}],"wp:featuredmedia":[{"embeddable":true,"href":"https:\/\/radiorevelacionfm.cl\/index.php?rest_route=\/wp\/v2\/media\/4371"}],"wp:attachment":[{"href":"https:\/\/radiorevelacionfm.cl\/index.php?rest_route=%2Fwp%2Fv2%2Fmedia&parent=4370"}],"wp:term":[{"taxonomy":"category","embeddable":true,"href":"https:\/\/radiorevelacionfm.cl\/index.php?rest_route=%2Fwp%2Fv2%2Fcategories&post=4370"},{"taxonomy":"post_tag","embeddable":true,"href":"https:\/\/radiorevelacionfm.cl\/index.php?rest_route=%2Fwp%2Fv2%2Ftags&post=4370"}],"curies":[{"name":"wp","href":"https:\/\/api.w.org\/{rel}","templated":true}]}}