{"id":43694,"date":"2024-07-02T16:44:30","date_gmt":"2024-07-02T19:44:30","guid":{"rendered":"https:\/\/radiorevelacionfm.cl\/?p=43694"},"modified":"2024-07-02T16:44:30","modified_gmt":"2024-07-02T19:44:30","slug":"emprendedores-de-aysen-se-capacitan-en-normativa-turistica-vigente","status":"publish","type":"post","link":"https:\/\/radiorevelacionfm.cl\/?p=43694","title":{"rendered":"Emprendedores de Ays\u00e9n se capacitan en normativa tur\u00edstica vigente"},"content":{"rendered":"<div class=\"flex_column av_one_full  flex_column_div av-zero-column-padding first  avia-builder-el-0  el_before_av_one_full  avia-builder-el-first  \" style='border-radius:0px; '><div  class='avia-image-container  av-styling-    avia-builder-el-1  avia-builder-el-no-sibling  avia-align-center '  itemprop=\"image\" itemscope=\"itemscope\" itemtype=\"https:\/\/schema.org\/ImageObject\"  ><div class='avia-image-container-inner'><div class='avia-image-overlay-wrap'><img decoding=\"async\" class='wp-image-43695 avia-img-lazy-loading-not-43695 avia_image' src=\"https:\/\/radiorevelacionfm.cl\/wp-content\/uploads\/2024\/07\/CHARLA-TURISMO-1-1-1.jpeg\" alt='' title='CHARLA TURISMO 1 (1) (1)' height=\"600\" width=\"1333\"  itemprop=\"thumbnailUrl\" srcset=\"https:\/\/radiorevelacionfm.cl\/wp-content\/uploads\/2024\/07\/CHARLA-TURISMO-1-1-1.jpeg 1333w, https:\/\/radiorevelacionfm.cl\/wp-content\/uploads\/2024\/07\/CHARLA-TURISMO-1-1-1-300x135.jpeg 300w, https:\/\/radiorevelacionfm.cl\/wp-content\/uploads\/2024\/07\/CHARLA-TURISMO-1-1-1-1030x464.jpeg 1030w, https:\/\/radiorevelacionfm.cl\/wp-content\/uploads\/2024\/07\/CHARLA-TURISMO-1-1-1-768x346.jpeg 768w, https:\/\/radiorevelacionfm.cl\/wp-content\/uploads\/2024\/07\/CHARLA-TURISMO-1-1-1-705x317.jpeg 705w, https:\/\/radiorevelacionfm.cl\/wp-content\/uploads\/2024\/07\/CHARLA-TURISMO-1-1-1-450x203.jpeg 450w, https:\/\/radiorevelacionfm.cl\/wp-content\/uploads\/2024\/07\/CHARLA-TURISMO-1-1-1-600x270.jpeg 600w\" sizes=\"(max-width: 1333px) 100vw, 1333px\" \/><\/div><\/div><\/div><\/div><div class=\"flex_column av_one_full  flex_column_div av-zero-column-padding first  avia-builder-el-2  el_after_av_one_full  el_before_av_one_full  column-top-margin\" style='border-radius:0px; '><section class=\"av_textblock_section \"  itemscope=\"itemscope\" itemtype=\"https:\/\/schema.org\/BlogPosting\" itemprop=\"blogPost\" ><div class='avia_textblock  '   itemprop=\"text\" ><p style=\"text-align: center;\"><span style=\"font-size: 18pt;\"><strong>Emprendedores de Ays\u00e9n se capacitan en normativa tur\u00edstica vigente<\/strong><\/span><\/p>\n<div id=\"gtx-trans\" style=\"position: absolute; left: -50px; top: 4.31534px;\">\n<div class=\"gtx-trans-icon\"><\/div>\n<\/div>\n<\/div><\/section><\/div><div class=\"flex_column av_one_full  flex_column_div av-zero-column-padding first  avia-builder-el-4  el_after_av_one_full  el_before_av_hr  column-top-margin\" style='border-radius:0px; '><section class=\"av_textblock_section \"  itemscope=\"itemscope\" itemtype=\"https:\/\/schema.org\/BlogPosting\" itemprop=\"blogPost\" ><div class='avia_textblock  '   itemprop=\"text\" ><p style=\"text-align: justify;\"><em>La Academia Ecoterr\u00e1neo organiz\u00f3 un encuentro en Puerto Ays\u00e9n, donde profesionales de Sernatur y Sernapesca ofrecieron informaci\u00f3n clave sobre la normativa del rubro tur\u00edstico a emprendedores y emprendedoras locales.<\/em><\/p>\n<p style=\"text-align: justify;\">Emprendedores y emprendedoras de turismo se reunieron en los salones de Ecoterr\u00e1neo Cowork para fortalecer su conocimiento sobre la normativa vigente del rubro tur\u00edstico. La actividad, organizada por la incubadora regional de negocios Academia Ecoterr\u00e1neo, apoyada por Corfo y Geogama, cont\u00f3 con la participaci\u00f3n de profesionales de Sernatur y Sernapesca, quienes ofrecieron informaci\u00f3n clave para el sector.<\/p>\n<p style=\"text-align: justify;\">\u00abTuvimos la charla denominada &#8216;Turismo en Ays\u00e9n: regulaciones y buenas pr\u00e1cticas&#8217;, donde quisimos ofrecer un panorama general de la normativa tur\u00edstica, a cargo de los profesionales de SERNATUR. Abordamos temas como los alcances de la ley de turismo, el registro obligatorio de operadores tur\u00edsticos y los diferentes sellos existentes. Adem\u00e1s, los profesionales de Sernapesca hablaron sobre el reglamento de observaci\u00f3n, relevante para los gu\u00edas y operadores tur\u00edsticos de la regi\u00f3n de Ays\u00e9n. Es importante destacar que esta actividad es solo el inicio de todos los eventos que se vienen en Ecoterr\u00e1neo en el \u00e1mbito tur\u00edstico\u201d, indic\u00f3 Marcela Vidal, gerenta de Ecoterr\u00e1neo Patagonia Cowork de Geogama.<\/p>\n<p style=\"text-align: justify;\">Diego C\u00e1rcamo, profesional regional de Sernatur, valid\u00f3 la iniciativa coordinada con el Cowork en beneficio de los emprendedores tur\u00edsticos de Ays\u00e9n. \u201cPara nosotros es muy importante estar presentes aqu\u00ed. Agradecemos la oportunidad de que los usuarios del Cowork conozcan el proceso de formalizaci\u00f3n, porque sabemos que son pymes involucradas en este \u00e1mbito. Por eso, es fundamental explicarles en qu\u00e9 consiste el registro en Sernatur, el proceso de formalizaci\u00f3n, y tambi\u00e9n colaborar para que se puedan registrar y formar parte de la oferta formal de la comuna de Ays\u00e9n. Esta es una comuna muy interesante en temas tur\u00edsticos y con muchos atractivos, por lo que es crucial valorar y promover la oferta local\u201d.<\/p>\n<p style=\"text-align: justify;\">El equipo de Sernapesca presente en la actividad entreg\u00f3 detalles sobre la normativa de avistamiento de mam\u00edferos marinos, seg\u00fan lo explic\u00f3 Mar\u00eda Elena Oyarz\u00fan, fiscalizadora del departamento de gesti\u00f3n ambiental de Sernapesca en la Regi\u00f3n de Ays\u00e9n. \u201cComo servicio, nos propusimos la meta este a\u00f1o de realizar charlas informativas a operadores tur\u00edsticos de la regi\u00f3n, espec\u00edficamente sobre el decreto supremo 38, que regula la observaci\u00f3n de mam\u00edferos marinos. La gente resolvi\u00f3 muchas dudas y la idea es que puedan ver el potencial tur\u00edstico de esta actividad\u201d.<\/p>\n<p style=\"text-align: justify;\">Jorge Figueroa y su esposa tienen una empresa de ecoturismo y estaban muy interesados en participar en la charla organizada por Ecoterr\u00e1neo. \u201cTener a las instituciones p\u00fablicas que nos orienten en estas materias es muy importante, ya que nos permite cumplir con la normativa asociada a nuestras actividades presentes y futuras. Nosotros formamos parte del primer grupo de incubados aqu\u00ed en Ecoterr\u00e1neo, y es una excelente oportunidad para emprendedores y personas con ideas e inter\u00e9s en desarrollar proyectos en Ays\u00e9n. El espacio es inclusivo y accesible para todos, y adem\u00e1s cuenta con una muy buena cobertura en la regi\u00f3n\u201d.<\/p>\n<p style=\"text-align: justify;\">Este es el inicio de una serie de charlas, conversatorios y actividades organizadas por Ecoterr\u00e1neo Patagonia Cowork, incubadora regional de negocios apoyada por Corfo y Geogama, con el objetivo de convocar a emprendedores, entusiastas, estudiantes y a la comunidad para conocer, aprender y explorar las potencialidades del turismo en nuestra comuna, generando nuevos proyectos innovadores en el \u00e1rea.<\/p>\n<\/div><\/section><\/div><div  style='height:50px' class='hr hr-invisible   avia-builder-el-6  el_after_av_one_full  el_before_av_social_share '><span class='hr-inner ' ><span class='hr-inner-style'><\/span><\/span><\/div><\/p>\n<div  class='av-social-sharing-box  avia-builder-el-7  el_after_av_hr  el_before_av_hr  '><div class='av-share-box'><h5 class='av-share-link-description av-no-toc '>Compartir esta noticia<\/h5><ul class='av-share-box-list noLightbox'><li class='av-share-link av-social-link-facebook' ><a target=\"_blank\" aria-label=\"Compartir en Facebook\" href='https:\/\/www.facebook.com\/sharer.php?u=https:\/\/radiorevelacionfm.cl\/?p=43694&#038;t=Emprendedores%20de%20Ays%C3%A9n%20se%20capacitan%20en%20normativa%20tur%C3%ADstica%20vigente' aria-hidden='false' data-av_icon='\ue8f3' data-av_iconfont='entypo-fontello' title='' data-avia-related-tooltip='Compartir en Facebook' rel=\"noopener\"><span class='avia_hidden_link_text'>Compartir en Facebook<\/span><\/a><\/li><li class='av-share-link av-social-link-twitter' ><a target=\"_blank\" aria-label=\"Compartir en Twitter\" href='https:\/\/twitter.com\/share?text=Emprendedores%20de%20Ays%C3%A9n%20se%20capacitan%20en%20normativa%20tur%C3%ADstica%20vigente&#038;url=https:\/\/radiorevelacionfm.cl\/?p=43694' aria-hidden='false' data-av_icon='\ue8f1' data-av_iconfont='entypo-fontello' title='' data-avia-related-tooltip='Compartir en Twitter' rel=\"noopener\"><span class='avia_hidden_link_text'>Compartir en Twitter<\/span><\/a><\/li><li class='av-share-link av-social-link-whatsapp' ><a target=\"_blank\" aria-label=\"Compartir en Whatsapp\" href='https:\/\/api.whatsapp.com\/send?text=https:\/\/radiorevelacionfm.cl\/?p=43694' aria-hidden='false' data-av_icon='\uf232' data-av_iconfont='entypo-fontello' title='' data-avia-related-tooltip='Compartir en Whatsapp' rel=\"noopener\"><span class='avia_hidden_link_text'>Compartir en Whatsapp<\/span><\/a><\/li><li class='av-share-link av-social-link-linkedin' ><a target=\"_blank\" aria-label=\"Compartir en LinkedIn\" href='https:\/\/linkedin.com\/shareArticle?mini=true&#038;title=Emprendedores%20de%20Ays%C3%A9n%20se%20capacitan%20en%20normativa%20tur%C3%ADstica%20vigente&#038;url=https:\/\/radiorevelacionfm.cl\/?p=43694' aria-hidden='false' data-av_icon='\ue8fc' data-av_iconfont='entypo-fontello' title='' data-avia-related-tooltip='Compartir en LinkedIn' rel=\"noopener\"><span class='avia_hidden_link_text'>Compartir en LinkedIn<\/span><\/a><\/li><li class='av-share-link av-social-link-mail' ><a  aria-label=\"Compartir por correo\" href='mailto:?subject=Emprendedores%20de%20Ays%C3%A9n%20se%20capacitan%20en%20normativa%20tur%C3%ADstica%20vigente&#038;body=https:\/\/radiorevelacionfm.cl\/?p=43694' aria-hidden='false' data-av_icon='\ue805' data-av_iconfont='entypo-fontello' title='' data-avia-related-tooltip='Compartir por correo'><span class='avia_hidden_link_text'>Compartir por correo<\/span><\/a><\/li><\/ul><\/div><\/div>\n<div  style='height:50px' class='hr hr-invisible   avia-builder-el-8  el_after_av_social_share  el_before_av_comments_list '><span class='hr-inner ' ><span class='hr-inner-style'><\/span><\/span><\/div>\n<div  class='av-buildercomment  av-blog-meta-html-info-disabled av-blog-meta-tag-disabled  '><\/div>\n","protected":false},"excerpt":{"rendered":"","protected":false},"author":1,"featured_media":43695,"comment_status":"open","ping_status":"open","sticky":false,"template":"","format":"standard","meta":{"footnotes":""},"categories":[54],"tags":[],"class_list":["post-43694","post","type-post","status-publish","format-standard","has-post-thumbnail","hentry","category-turismo"],"jetpack_featured_media_url":"https:\/\/radiorevelacionfm.cl\/wp-content\/uploads\/2024\/07\/CHARLA-TURISMO-1-1-1.jpeg","_links":{"self":[{"href":"https:\/\/radiorevelacionfm.cl\/index.php?rest_route=\/wp\/v2\/posts\/43694","targetHints":{"allow":["GET"]}}],"collection":[{"href":"https:\/\/radiorevelacionfm.cl\/index.php?rest_route=\/wp\/v2\/posts"}],"about":[{"href":"https:\/\/radiorevelacionfm.cl\/index.php?rest_route=\/wp\/v2\/types\/post"}],"author":[{"embeddable":true,"href":"https:\/\/radiorevelacionfm.cl\/index.php?rest_route=\/wp\/v2\/users\/1"}],"replies":[{"embeddable":true,"href":"https:\/\/radiorevelacionfm.cl\/index.php?rest_route=%2Fwp%2Fv2%2Fcomments&post=43694"}],"version-history":[{"count":1,"href":"https:\/\/radiorevelacionfm.cl\/index.php?rest_route=\/wp\/v2\/posts\/43694\/revisions"}],"predecessor-version":[{"id":43696,"href":"https:\/\/radiorevelacionfm.cl\/index.php?rest_route=\/wp\/v2\/posts\/43694\/revisions\/43696"}],"wp:featuredmedia":[{"embeddable":true,"href":"https:\/\/radiorevelacionfm.cl\/index.php?rest_route=\/wp\/v2\/media\/43695"}],"wp:attachment":[{"href":"https:\/\/radiorevelacionfm.cl\/index.php?rest_route=%2Fwp%2Fv2%2Fmedia&parent=43694"}],"wp:term":[{"taxonomy":"category","embeddable":true,"href":"https:\/\/radiorevelacionfm.cl\/index.php?rest_route=%2Fwp%2Fv2%2Fcategories&post=43694"},{"taxonomy":"post_tag","embeddable":true,"href":"https:\/\/radiorevelacionfm.cl\/index.php?rest_route=%2Fwp%2Fv2%2Ftags&post=43694"}],"curies":[{"name":"wp","href":"https:\/\/api.w.org\/{rel}","templated":true}]}}