{"id":43691,"date":"2024-07-02T16:04:39","date_gmt":"2024-07-02T19:04:39","guid":{"rendered":"https:\/\/radiorevelacionfm.cl\/?p=43691"},"modified":"2024-07-02T16:04:39","modified_gmt":"2024-07-02T19:04:39","slug":"con-reconocimiento-a-voluntarios-y-voluntarias-por-anos-de-servicio-bomberos-de-aysen-celebro-aniversario-institucional","status":"publish","type":"post","link":"https:\/\/radiorevelacionfm.cl\/?p=43691","title":{"rendered":"Con reconocimiento a voluntarios y voluntarias por a\u00f1os de servicio Bomberos de Ays\u00e9n celebr\u00f3 aniversario institucional"},"content":{"rendered":"<div class=\"flex_column av_one_full  flex_column_div av-zero-column-padding first  avia-builder-el-0  el_before_av_one_full  avia-builder-el-first  \" style='border-radius:0px; '><div  class='avia-image-container  av-styling-    avia-builder-el-1  avia-builder-el-no-sibling  avia-align-center '  itemprop=\"image\" itemscope=\"itemscope\" itemtype=\"https:\/\/schema.org\/ImageObject\"  ><div class='avia-image-container-inner'><div class='avia-image-overlay-wrap'><img decoding=\"async\" class='wp-image-43692 avia-img-lazy-loading-not-43692 avia_image' src=\"https:\/\/radiorevelacionfm.cl\/wp-content\/uploads\/2024\/07\/bomberos-rrss-1-1_optimized.jpg\" alt='' title='bomberos-rrss-1-(1)_optimized' height=\"600\" width=\"1067\"  itemprop=\"thumbnailUrl\" srcset=\"https:\/\/radiorevelacionfm.cl\/wp-content\/uploads\/2024\/07\/bomberos-rrss-1-1_optimized.jpg 1067w, https:\/\/radiorevelacionfm.cl\/wp-content\/uploads\/2024\/07\/bomberos-rrss-1-1_optimized-300x169.jpg 300w, https:\/\/radiorevelacionfm.cl\/wp-content\/uploads\/2024\/07\/bomberos-rrss-1-1_optimized-1030x579.jpg 1030w, https:\/\/radiorevelacionfm.cl\/wp-content\/uploads\/2024\/07\/bomberos-rrss-1-1_optimized-768x432.jpg 768w, https:\/\/radiorevelacionfm.cl\/wp-content\/uploads\/2024\/07\/bomberos-rrss-1-1_optimized-705x396.jpg 705w, https:\/\/radiorevelacionfm.cl\/wp-content\/uploads\/2024\/07\/bomberos-rrss-1-1_optimized-450x253.jpg 450w, https:\/\/radiorevelacionfm.cl\/wp-content\/uploads\/2024\/07\/bomberos-rrss-1-1_optimized-600x337.jpg 600w\" sizes=\"(max-width: 1067px) 100vw, 1067px\" \/><\/div><\/div><\/div><\/div><div class=\"flex_column av_one_full  flex_column_div av-zero-column-padding first  avia-builder-el-2  el_after_av_one_full  el_before_av_one_full  column-top-margin\" style='border-radius:0px; '><section class=\"av_textblock_section \"  itemscope=\"itemscope\" itemtype=\"https:\/\/schema.org\/BlogPosting\" itemprop=\"blogPost\" ><div class='avia_textblock  '   itemprop=\"text\" ><p style=\"text-align: center;\"><strong><span style=\"font-size: 18pt;\">Con reconocimiento a voluntarios y voluntarias por a\u00f1os de servicio Bomberos de Ays\u00e9n celebr\u00f3 aniversario institucional<\/span><\/strong><\/p>\n<div id=\"gtx-trans\" style=\"position: absolute; left: -50px; top: 4.31534px;\">\n<div class=\"gtx-trans-icon\"><\/div>\n<\/div>\n<\/div><\/section><\/div><div class=\"flex_column av_one_full  flex_column_div av-zero-column-padding first  avia-builder-el-4  el_after_av_one_full  el_before_av_hr  column-top-margin\" style='border-radius:0px; '><section class=\"av_textblock_section \"  itemscope=\"itemscope\" itemtype=\"https:\/\/schema.org\/BlogPosting\" itemprop=\"blogPost\" ><div class='avia_textblock  '   itemprop=\"text\" ><p style=\"text-align: justify;\">Con la presencia de autoridades regionales, provinciales y comunales, el Cuerpo de Bomberos de Ays\u00e9n celebr\u00f3 el aniversario institucional, en una ceremonia cargada de emotividad y reconocimientos, estos \u00faltimos a voluntarias y voluntarios por a\u00f1os de servicio y por destacar en sus diversas labores.<\/p>\n<p style=\"text-align: justify;\">La Gobernadora Regional, Andrea Mac\u00edas, estuvo acompa\u00f1ando a Bomberos en esta instancia, revelando el apoyo que ha entregado el Gobierno Regional, por ejemplo, en la adquisici\u00f3n de material mayor para todas las compa\u00f1\u00edas e implementaci\u00f3n, reafirmando el compromiso de seguir apoyando las iniciativas tendientes a una labor m\u00e1s segura.<\/p>\n<p style=\"text-align: justify;\">\u201cMuy contenta de estar en esta tremenda ceremonia, adem\u00e1s, muy emotiva, donde participaron todas las compa\u00f1\u00edas que integran el Cuerpo de Bomberos de Ays\u00e9n. La verdad es que, contenta por recibir el cari\u00f1o, el reconocimiento, por todo el trabajo que ha realizado el Gobierno Regional de Ays\u00e9n y su Consejo con los Bomberos de nuestra regi\u00f3n. Sabemos y siempre lo decimos, ellos ponen su vida a disposici\u00f3n de nosotros, por lo tanto, lo m\u00ednimo que podemos hacer como autoridades regionales, es generar las mejores condiciones para que desarrollen su funci\u00f3n de la manera m\u00e1s segura\u201d.<\/p>\n<p style=\"text-align: justify;\">El Alcalde de la comuna de Ays\u00e9n, Julio Uribe, se\u00f1al\u00f3 que Bomberos es una de las instituciones m\u00e1s reconocidas en la comunidad, por ello, es muy importante seguir fortaleci\u00e9ndolos desde los distintos servicios del Estado. \u201cBomberos es la instituci\u00f3n m\u00e1s reconocida en la comunidad y el trabajo que hemos hecho con la Gobernadora, con el Concejo Municipal, de los aportes m\u00e1s grandes que ha tenido la entidad voluntaria lo ha hecho tanto el Municipio como el Gobierno Regional, el Gore est\u00e1 entregando un financiamiento cercano a los 20 mil millones de pesos para la adquisici\u00f3n de material mayor. Por otra parte, nosotros como Municipio llegamos este a\u00f1o a los 60 millones en subvenci\u00f3n, antes que llegue como autoridad el Municipio estaba entregando 24 millones de pesos, as\u00ed es que, llegar este a\u00f1o casi a los 60 millones, ha sido muy importante\u201d.<\/p>\n<p style=\"text-align: justify;\">El Superintendente del Cuerpo de Bomberos de Ays\u00e9n, Arturo Loaiza, envi\u00f3 un mensaje a todos los bomberos y bomberas en este aniversario institucional, a mantener la disciplina y que todo se puede lograr cuando se hace con amor. \u201cMuy importante, hoy vemos a nuestros bomberos y bomberas felices, a nivel nacional cumplimos 173 a\u00f1os y estamos cada d\u00eda m\u00e1s satisfechos, alegres, porque somos una de las instituciones m\u00e1s cre\u00edbles, somos un voluntariado y el mensaje es que sigamos manteniendo ese nivel, en cuanto a disciplina, en cuanto a capacitaci\u00f3n y demostrarle que las cosas se pueden hacer cuando se hacen con amor\u201d.<\/p>\n<p style=\"text-align: justify;\">El voluntario Jorge Bonilla, se mostr\u00f3 orgulloso de haber obtenido tras la votaci\u00f3n de sus pares, la medalla del mejor voluntario 2023. \u201cFue un orgullo obtener la piocha de mejor voluntario de este periodo 2023, en ese sentido, agradecer a los camaradas que me eligieron, porque esto es con votaci\u00f3n. Gran desaf\u00edo ahora seguir llevando el estandarte del Bomberos y la familia es muy importante en esto, es el pilar del bombero\u201d.<\/p>\n<p style=\"text-align: justify;\">Cada 30 de junio, se celebra en todo Chile el D\u00eda Nacional del Bombero, d\u00eda en que recordamos la creaci\u00f3n del primer Cuerpo de Bomberos en nuestro pa\u00eds, el de Valpara\u00edso en el a\u00f1o 1851, hace ya 173 a\u00f1os.<\/p>\n<\/div><\/section><\/div><div  style='height:50px' class='hr hr-invisible   avia-builder-el-6  el_after_av_one_full  el_before_av_social_share '><span class='hr-inner ' ><span class='hr-inner-style'><\/span><\/span><\/div><\/p>\n<div  class='av-social-sharing-box  avia-builder-el-7  el_after_av_hr  el_before_av_hr  '><div class='av-share-box'><h5 class='av-share-link-description av-no-toc '>Compartir esta noticia<\/h5><ul class='av-share-box-list noLightbox'><li class='av-share-link av-social-link-facebook' ><a target=\"_blank\" aria-label=\"Compartir en Facebook\" href='https:\/\/www.facebook.com\/sharer.php?u=https:\/\/radiorevelacionfm.cl\/?p=43691&#038;t=Con%20reconocimiento%20a%20voluntarios%20y%20voluntarias%20por%20a%C3%B1os%20de%20servicio%20Bomberos%20de%20Ays%C3%A9n%20celebr%C3%B3%20aniversario%20institucional' aria-hidden='false' data-av_icon='\ue8f3' data-av_iconfont='entypo-fontello' title='' data-avia-related-tooltip='Compartir en Facebook' rel=\"noopener\"><span class='avia_hidden_link_text'>Compartir en Facebook<\/span><\/a><\/li><li class='av-share-link av-social-link-twitter' ><a target=\"_blank\" aria-label=\"Compartir en Twitter\" href='https:\/\/twitter.com\/share?text=Con%20reconocimiento%20a%20voluntarios%20y%20voluntarias%20por%20a%C3%B1os%20de%20servicio%20Bomberos%20de%20Ays%C3%A9n%20celebr%C3%B3%20aniversario%20institucional&#038;url=https:\/\/radiorevelacionfm.cl\/?p=43691' aria-hidden='false' data-av_icon='\ue8f1' data-av_iconfont='entypo-fontello' title='' data-avia-related-tooltip='Compartir en Twitter' rel=\"noopener\"><span class='avia_hidden_link_text'>Compartir en Twitter<\/span><\/a><\/li><li class='av-share-link av-social-link-whatsapp' ><a target=\"_blank\" aria-label=\"Compartir en Whatsapp\" href='https:\/\/api.whatsapp.com\/send?text=https:\/\/radiorevelacionfm.cl\/?p=43691' aria-hidden='false' data-av_icon='\uf232' data-av_iconfont='entypo-fontello' title='' data-avia-related-tooltip='Compartir en Whatsapp' rel=\"noopener\"><span class='avia_hidden_link_text'>Compartir en Whatsapp<\/span><\/a><\/li><li class='av-share-link av-social-link-linkedin' ><a target=\"_blank\" aria-label=\"Compartir en LinkedIn\" href='https:\/\/linkedin.com\/shareArticle?mini=true&#038;title=Con%20reconocimiento%20a%20voluntarios%20y%20voluntarias%20por%20a%C3%B1os%20de%20servicio%20Bomberos%20de%20Ays%C3%A9n%20celebr%C3%B3%20aniversario%20institucional&#038;url=https:\/\/radiorevelacionfm.cl\/?p=43691' aria-hidden='false' data-av_icon='\ue8fc' data-av_iconfont='entypo-fontello' title='' data-avia-related-tooltip='Compartir en LinkedIn' rel=\"noopener\"><span class='avia_hidden_link_text'>Compartir en LinkedIn<\/span><\/a><\/li><li class='av-share-link av-social-link-mail' ><a  aria-label=\"Compartir por correo\" href='mailto:?subject=Con%20reconocimiento%20a%20voluntarios%20y%20voluntarias%20por%20a%C3%B1os%20de%20servicio%20Bomberos%20de%20Ays%C3%A9n%20celebr%C3%B3%20aniversario%20institucional&#038;body=https:\/\/radiorevelacionfm.cl\/?p=43691' aria-hidden='false' data-av_icon='\ue805' data-av_iconfont='entypo-fontello' title='' data-avia-related-tooltip='Compartir por correo'><span class='avia_hidden_link_text'>Compartir por correo<\/span><\/a><\/li><\/ul><\/div><\/div>\n<div  style='height:50px' class='hr hr-invisible   avia-builder-el-8  el_after_av_social_share  el_before_av_comments_list '><span class='hr-inner ' ><span class='hr-inner-style'><\/span><\/span><\/div>\n<div  class='av-buildercomment  av-blog-meta-html-info-disabled av-blog-meta-tag-disabled  '><\/div>\n","protected":false},"excerpt":{"rendered":"","protected":false},"author":1,"featured_media":43692,"comment_status":"open","ping_status":"open","sticky":false,"template":"","format":"standard","meta":{"footnotes":""},"categories":[38],"tags":[],"class_list":["post-43691","post","type-post","status-publish","format-standard","has-post-thumbnail","hentry","category-regional"],"jetpack_featured_media_url":"https:\/\/radiorevelacionfm.cl\/wp-content\/uploads\/2024\/07\/bomberos-rrss-1-1_optimized.jpg","_links":{"self":[{"href":"https:\/\/radiorevelacionfm.cl\/index.php?rest_route=\/wp\/v2\/posts\/43691","targetHints":{"allow":["GET"]}}],"collection":[{"href":"https:\/\/radiorevelacionfm.cl\/index.php?rest_route=\/wp\/v2\/posts"}],"about":[{"href":"https:\/\/radiorevelacionfm.cl\/index.php?rest_route=\/wp\/v2\/types\/post"}],"author":[{"embeddable":true,"href":"https:\/\/radiorevelacionfm.cl\/index.php?rest_route=\/wp\/v2\/users\/1"}],"replies":[{"embeddable":true,"href":"https:\/\/radiorevelacionfm.cl\/index.php?rest_route=%2Fwp%2Fv2%2Fcomments&post=43691"}],"version-history":[{"count":1,"href":"https:\/\/radiorevelacionfm.cl\/index.php?rest_route=\/wp\/v2\/posts\/43691\/revisions"}],"predecessor-version":[{"id":43693,"href":"https:\/\/radiorevelacionfm.cl\/index.php?rest_route=\/wp\/v2\/posts\/43691\/revisions\/43693"}],"wp:featuredmedia":[{"embeddable":true,"href":"https:\/\/radiorevelacionfm.cl\/index.php?rest_route=\/wp\/v2\/media\/43692"}],"wp:attachment":[{"href":"https:\/\/radiorevelacionfm.cl\/index.php?rest_route=%2Fwp%2Fv2%2Fmedia&parent=43691"}],"wp:term":[{"taxonomy":"category","embeddable":true,"href":"https:\/\/radiorevelacionfm.cl\/index.php?rest_route=%2Fwp%2Fv2%2Fcategories&post=43691"},{"taxonomy":"post_tag","embeddable":true,"href":"https:\/\/radiorevelacionfm.cl\/index.php?rest_route=%2Fwp%2Fv2%2Ftags&post=43691"}],"curies":[{"name":"wp","href":"https:\/\/api.w.org\/{rel}","templated":true}]}}