{"id":43688,"date":"2024-07-02T15:56:59","date_gmt":"2024-07-02T18:56:59","guid":{"rendered":"https:\/\/radiorevelacionfm.cl\/?p=43688"},"modified":"2024-07-02T15:56:59","modified_gmt":"2024-07-02T18:56:59","slug":"programa-transforma-turismo-aysen-cuenta-con-nuevo-comite-ejecutivo","status":"publish","type":"post","link":"https:\/\/radiorevelacionfm.cl\/?p=43688","title":{"rendered":"Programa Transforma Turismo Ays\u00e9n cuenta con nuevo Comit\u00e9 Ejecutivo"},"content":{"rendered":"<div class=\"flex_column av_one_full  flex_column_div av-zero-column-padding first  avia-builder-el-0  el_before_av_one_full  avia-builder-el-first  \" style='border-radius:0px; '><div  class='avia-image-container  av-styling-    avia-builder-el-1  avia-builder-el-no-sibling  avia-align-center '  itemprop=\"image\" itemscope=\"itemscope\" itemtype=\"https:\/\/schema.org\/ImageObject\"  ><div class='avia-image-container-inner'><div class='avia-image-overlay-wrap'><img decoding=\"async\" class='wp-image-43689 avia-img-lazy-loading-not-43689 avia_image' src=\"https:\/\/radiorevelacionfm.cl\/wp-content\/uploads\/2024\/07\/01-transformaturismo-1_optimized.jpg\" alt='' title='01-transformaturismo-(1)_optimized' height=\"600\" width=\"958\"  itemprop=\"thumbnailUrl\" srcset=\"https:\/\/radiorevelacionfm.cl\/wp-content\/uploads\/2024\/07\/01-transformaturismo-1_optimized.jpg 958w, https:\/\/radiorevelacionfm.cl\/wp-content\/uploads\/2024\/07\/01-transformaturismo-1_optimized-300x188.jpg 300w, https:\/\/radiorevelacionfm.cl\/wp-content\/uploads\/2024\/07\/01-transformaturismo-1_optimized-768x481.jpg 768w, https:\/\/radiorevelacionfm.cl\/wp-content\/uploads\/2024\/07\/01-transformaturismo-1_optimized-705x442.jpg 705w, https:\/\/radiorevelacionfm.cl\/wp-content\/uploads\/2024\/07\/01-transformaturismo-1_optimized-450x282.jpg 450w, https:\/\/radiorevelacionfm.cl\/wp-content\/uploads\/2024\/07\/01-transformaturismo-1_optimized-600x376.jpg 600w\" sizes=\"(max-width: 958px) 100vw, 958px\" \/><\/div><\/div><\/div><\/div><div class=\"flex_column av_one_full  flex_column_div av-zero-column-padding first  avia-builder-el-2  el_after_av_one_full  el_before_av_one_full  column-top-margin\" style='border-radius:0px; '><section class=\"av_textblock_section \"  itemscope=\"itemscope\" itemtype=\"https:\/\/schema.org\/BlogPosting\" itemprop=\"blogPost\" ><div class='avia_textblock  '   itemprop=\"text\" ><p style=\"text-align: center;\"><span style=\"font-size: 18pt;\"><b>Programa Transforma Turismo Ays\u00e9n cuenta con nuevo Comit\u00e9 Ejecutivo<\/b><\/span><\/p>\n<div id=\"gtx-trans\" style=\"position: absolute; left: -50px; top: 4.31534px;\">\n<div class=\"gtx-trans-icon\"><\/div>\n<\/div>\n<\/div><\/section><\/div><div class=\"flex_column av_one_full  flex_column_div av-zero-column-padding first  avia-builder-el-4  el_after_av_one_full  el_before_av_hr  column-top-margin\" style='border-radius:0px; '><section class=\"av_textblock_section \"  itemscope=\"itemscope\" itemtype=\"https:\/\/schema.org\/BlogPosting\" itemprop=\"blogPost\" ><div class='avia_textblock  '   itemprop=\"text\" ><p style=\"font-weight: 400; text-align: justify;\"><em>El Programa, conocido anteriormente como PER Turismo, busca promover la innovaci\u00f3n sostenible y un desarrollo regional integral, impulsando iniciativas que equilibran crecimiento econ\u00f3mico con el cuidado del entorno y comunitaria en Ays\u00e9n.<\/em><\/p>\n<p style=\"font-weight: 400; text-align: justify;\">Con la finalidad de fortalecer el desarrollo del turismo en la regi\u00f3n, se llev\u00f3 a cabo la segunda reuni\u00f3n del Comit\u00e9 Ejecutivo del Programa Transforma Turismo Ays\u00e9n, en la que se presentaron importantes avances y se tomaron decisiones clave para el futuro del sector.<\/p>\n<p style=\"font-weight: 400; text-align: justify;\">Entre los puntos destacados de la sesi\u00f3n, se valid\u00f3 el proceso de selecci\u00f3n del nuevo gerente del programa, se eligi\u00f3 al Director Regional de SERNATUR como presidente del Comit\u00e9 Ejecutivo y se defini\u00f3 la Vicepresidencia del Comit\u00e9, siendo Miriam Chible la empresaria electa para cumplir ese rol. Asimismo, se revisaron las actividades del plan trianual, cuyo detalle ser\u00e1 enviado por correo a los miembros del comit\u00e9 para su an\u00e1lisis previo a la pr\u00f3xima sesi\u00f3n.<\/p>\n<p style=\"font-weight: 400; text-align: justify;\">Miriam Chible Contreras, de la Corporaci\u00f3n ZOIT Chelenko, afirm\u00f3 que la reactivaci\u00f3n del Programa Estrat\u00e9gico Regional de Turismo, ahora llamado Transforma Turismo Ays\u00e9n, es \u00absin duda una gran noticia para nuestro sector\u00bb. Destac\u00f3 que la reorganizaci\u00f3n permitir\u00e1 una mayor y mejor participaci\u00f3n de las organizaciones de turismo a nivel territorial, beneficiando a las familias locales. Chible se\u00f1al\u00f3 que se retomar\u00e1n las iniciativas pendientes del Plan Operativo Trianual, con un enfoque en la sostenibilidad de Ays\u00e9n. Subray\u00f3 que esta visi\u00f3n, impulsada durante a\u00f1os por la Corporaci\u00f3n Chelenko, busca fortalecer el sector productivamente mientras se cuida la comunidad y la naturaleza.<\/p>\n<p style=\"font-weight: 400; text-align: justify;\">En este sentido, Olga Soto Mayorga, de la Corporaci\u00f3n Queulat destac\u00f3 que para ella es \u00abmuy interesante poder trabajar en este comit\u00e9 ejecutivo y tener la oportunidad de votar o decidir en qu\u00e9 se invierten los recursos en la regi\u00f3n, te sientes escuchado. De repente estamos tan solo y sentimos que podemos avanzar en algunas \u00e1reas que nos interesan como localidades m\u00e1s peque\u00f1as\u00bb.<\/p>\n<p style=\"font-weight: 400; text-align: justify;\">Por su parte, Claudio Montecinos, presidente del Comit\u00e9 Ejecutivo del Programa Transforma Turismo Ays\u00e9n, se\u00f1al\u00f3 que \u00abhemos trabajado en la reconfiguraci\u00f3n o conformaci\u00f3n de una nueva gobernanza que va a permitir instalar instancias de trabajo muy participativas en lo p\u00fablico y privado, priorizando las iniciativas que est\u00e1n en nuestra cartera de proyectos para los pr\u00f3ximos meses contribuyendo directamente al desarrollo del destino de Ays\u00e9n Patagonia y al desarrollo del turismo en la regi\u00f3n de Ays\u00e9n\u00bb.<\/p>\n<p style=\"font-weight: 400; text-align: justify;\">Humberto Mar\u00edn Leiva, director de Corfo Ays\u00e9n, afirm\u00f3 que \u201cdesde la corporaci\u00f3n hemos estado trabajando arduamente para posicionar a Ays\u00e9n como un destino tur\u00edstico de calidad, sostenible y diversificado. Nuestro enfoque no solo busca impulsar el crecimiento econ\u00f3mico, sino tambi\u00e9n beneficiar a los emprendedores locales y a toda la comunidad, equilibrando el desarrollo tur\u00edstico con la preservaci\u00f3n del entorno natural y cultural para un impacto positivo a largo plazo.\u00bb<\/p>\n<p style=\"font-weight: 400; text-align: justify;\"><strong>COMIT\u00c9 DE GESTORES<\/strong><\/p>\n<p style=\"font-weight: 400; text-align: justify;\">\u00c1lvaro Sal\u00edn, gerente del Programa Transforma Turismo Ays\u00e9n, propone la creaci\u00f3n de Comit\u00e9s Gestores para implementar la Hoja de Ruta del programa. Estos comit\u00e9s fortalecer\u00e1n colaboraciones con agentes locales e internacionales, ajustar\u00e1n metodolog\u00edas de trabajo, buscar\u00e1n financiamiento y gestionar\u00e1n an\u00e1lisis, evaluaci\u00f3n y monitoreo de iniciativas. Tem\u00e1ticas clave incluyen la Carretera Austral, \u00c1reas Silvestres Protegidas, sustentabilidad y tecnolog\u00eda, asegurando el \u00e9xito y la sostenibilidad de las acciones propuestas.<\/p>\n<p style=\"font-weight: 400; text-align: justify;\">Finalmente, los pasos para seguir incluyen priorizar la declaraci\u00f3n de la Carretera Austral como Ruta Esc\u00e9nica, el plan de concesi\u00f3n del Parque Nacional Cerro Castillo, una ruta deportiva para apoyar la fauna regional, obtener la certificaci\u00f3n Green Destination, promover la identidad gastron\u00f3mica regional, desarrollar actividades n\u00e1uticas sustentables y capacitar regionalmente.<\/p>\n<\/div><\/section><\/div><div  style='height:50px' class='hr hr-invisible   avia-builder-el-6  el_after_av_one_full  el_before_av_social_share '><span class='hr-inner ' ><span class='hr-inner-style'><\/span><\/span><\/div><\/p>\n<div  class='av-social-sharing-box  avia-builder-el-7  el_after_av_hr  el_before_av_hr  '><div class='av-share-box'><h5 class='av-share-link-description av-no-toc '>Compartir esta noticia<\/h5><ul class='av-share-box-list noLightbox'><li class='av-share-link av-social-link-facebook' ><a target=\"_blank\" aria-label=\"Compartir en Facebook\" href='https:\/\/www.facebook.com\/sharer.php?u=https:\/\/radiorevelacionfm.cl\/?p=43688&#038;t=Programa%20Transforma%20Turismo%20Ays%C3%A9n%20cuenta%20con%20nuevo%20Comit%C3%A9%20Ejecutivo' aria-hidden='false' data-av_icon='\ue8f3' data-av_iconfont='entypo-fontello' title='' data-avia-related-tooltip='Compartir en Facebook' rel=\"noopener\"><span class='avia_hidden_link_text'>Compartir en Facebook<\/span><\/a><\/li><li class='av-share-link av-social-link-twitter' ><a target=\"_blank\" aria-label=\"Compartir en Twitter\" href='https:\/\/twitter.com\/share?text=Programa%20Transforma%20Turismo%20Ays%C3%A9n%20cuenta%20con%20nuevo%20Comit%C3%A9%20Ejecutivo&#038;url=https:\/\/radiorevelacionfm.cl\/?p=43688' aria-hidden='false' data-av_icon='\ue8f1' data-av_iconfont='entypo-fontello' title='' data-avia-related-tooltip='Compartir en Twitter' rel=\"noopener\"><span class='avia_hidden_link_text'>Compartir en Twitter<\/span><\/a><\/li><li class='av-share-link av-social-link-whatsapp' ><a target=\"_blank\" aria-label=\"Compartir en Whatsapp\" href='https:\/\/api.whatsapp.com\/send?text=https:\/\/radiorevelacionfm.cl\/?p=43688' aria-hidden='false' data-av_icon='\uf232' data-av_iconfont='entypo-fontello' title='' data-avia-related-tooltip='Compartir en Whatsapp' rel=\"noopener\"><span class='avia_hidden_link_text'>Compartir en Whatsapp<\/span><\/a><\/li><li class='av-share-link av-social-link-linkedin' ><a target=\"_blank\" aria-label=\"Compartir en LinkedIn\" href='https:\/\/linkedin.com\/shareArticle?mini=true&#038;title=Programa%20Transforma%20Turismo%20Ays%C3%A9n%20cuenta%20con%20nuevo%20Comit%C3%A9%20Ejecutivo&#038;url=https:\/\/radiorevelacionfm.cl\/?p=43688' aria-hidden='false' data-av_icon='\ue8fc' data-av_iconfont='entypo-fontello' title='' data-avia-related-tooltip='Compartir en LinkedIn' rel=\"noopener\"><span class='avia_hidden_link_text'>Compartir en LinkedIn<\/span><\/a><\/li><li class='av-share-link av-social-link-mail' ><a  aria-label=\"Compartir por correo\" href='mailto:?subject=Programa%20Transforma%20Turismo%20Ays%C3%A9n%20cuenta%20con%20nuevo%20Comit%C3%A9%20Ejecutivo&#038;body=https:\/\/radiorevelacionfm.cl\/?p=43688' aria-hidden='false' data-av_icon='\ue805' data-av_iconfont='entypo-fontello' title='' data-avia-related-tooltip='Compartir por correo'><span class='avia_hidden_link_text'>Compartir por correo<\/span><\/a><\/li><\/ul><\/div><\/div>\n<div  style='height:50px' class='hr hr-invisible   avia-builder-el-8  el_after_av_social_share  el_before_av_comments_list '><span class='hr-inner ' ><span class='hr-inner-style'><\/span><\/span><\/div>\n<div  class='av-buildercomment  av-blog-meta-html-info-disabled av-blog-meta-tag-disabled  '><\/div>\n","protected":false},"excerpt":{"rendered":"","protected":false},"author":1,"featured_media":43689,"comment_status":"open","ping_status":"open","sticky":false,"template":"","format":"standard","meta":{"footnotes":""},"categories":[38],"tags":[],"class_list":["post-43688","post","type-post","status-publish","format-standard","has-post-thumbnail","hentry","category-regional"],"jetpack_featured_media_url":"https:\/\/radiorevelacionfm.cl\/wp-content\/uploads\/2024\/07\/01-transformaturismo-1_optimized.jpg","_links":{"self":[{"href":"https:\/\/radiorevelacionfm.cl\/index.php?rest_route=\/wp\/v2\/posts\/43688","targetHints":{"allow":["GET"]}}],"collection":[{"href":"https:\/\/radiorevelacionfm.cl\/index.php?rest_route=\/wp\/v2\/posts"}],"about":[{"href":"https:\/\/radiorevelacionfm.cl\/index.php?rest_route=\/wp\/v2\/types\/post"}],"author":[{"embeddable":true,"href":"https:\/\/radiorevelacionfm.cl\/index.php?rest_route=\/wp\/v2\/users\/1"}],"replies":[{"embeddable":true,"href":"https:\/\/radiorevelacionfm.cl\/index.php?rest_route=%2Fwp%2Fv2%2Fcomments&post=43688"}],"version-history":[{"count":1,"href":"https:\/\/radiorevelacionfm.cl\/index.php?rest_route=\/wp\/v2\/posts\/43688\/revisions"}],"predecessor-version":[{"id":43690,"href":"https:\/\/radiorevelacionfm.cl\/index.php?rest_route=\/wp\/v2\/posts\/43688\/revisions\/43690"}],"wp:featuredmedia":[{"embeddable":true,"href":"https:\/\/radiorevelacionfm.cl\/index.php?rest_route=\/wp\/v2\/media\/43689"}],"wp:attachment":[{"href":"https:\/\/radiorevelacionfm.cl\/index.php?rest_route=%2Fwp%2Fv2%2Fmedia&parent=43688"}],"wp:term":[{"taxonomy":"category","embeddable":true,"href":"https:\/\/radiorevelacionfm.cl\/index.php?rest_route=%2Fwp%2Fv2%2Fcategories&post=43688"},{"taxonomy":"post_tag","embeddable":true,"href":"https:\/\/radiorevelacionfm.cl\/index.php?rest_route=%2Fwp%2Fv2%2Ftags&post=43688"}],"curies":[{"name":"wp","href":"https:\/\/api.w.org\/{rel}","templated":true}]}}