{"id":43685,"date":"2024-07-01T19:43:54","date_gmt":"2024-07-01T22:43:54","guid":{"rendered":"https:\/\/radiorevelacionfm.cl\/?p=43685"},"modified":"2024-07-01T19:43:54","modified_gmt":"2024-07-01T22:43:54","slug":"investigan-caso-de-robo-y-violacion-tentada-que-afecto-a-una-victima-de-32-anos","status":"publish","type":"post","link":"https:\/\/radiorevelacionfm.cl\/?p=43685","title":{"rendered":"Investigan caso de robo y violaci\u00f3n tentada que afect\u00f3 a una v\u00edctima de 32 a\u00f1os"},"content":{"rendered":"<div class=\"flex_column av_one_full  flex_column_div av-zero-column-padding first  avia-builder-el-0  el_before_av_one_full  avia-builder-el-first  \" style='border-radius:0px; '><div  class='avia-image-container  av-styling-    avia-builder-el-1  avia-builder-el-no-sibling  avia-align-center '  itemprop=\"image\" itemscope=\"itemscope\" itemtype=\"https:\/\/schema.org\/ImageObject\"  ><div class='avia-image-container-inner'><div class='avia-image-overlay-wrap'><img decoding=\"async\" class='wp-image-43686 avia-img-lazy-loading-not-43686 avia_image' src=\"https:\/\/radiorevelacionfm.cl\/wp-content\/uploads\/2024\/07\/Fiscal_Luis_Contreras_2024-2-1-1.jpg\" alt='' title='Fiscal_Luis_Contreras_2024 (2) (1) (1)' height=\"600\" width=\"900\"  itemprop=\"thumbnailUrl\" srcset=\"https:\/\/radiorevelacionfm.cl\/wp-content\/uploads\/2024\/07\/Fiscal_Luis_Contreras_2024-2-1-1.jpg 900w, https:\/\/radiorevelacionfm.cl\/wp-content\/uploads\/2024\/07\/Fiscal_Luis_Contreras_2024-2-1-1-300x200.jpg 300w, https:\/\/radiorevelacionfm.cl\/wp-content\/uploads\/2024\/07\/Fiscal_Luis_Contreras_2024-2-1-1-768x512.jpg 768w, https:\/\/radiorevelacionfm.cl\/wp-content\/uploads\/2024\/07\/Fiscal_Luis_Contreras_2024-2-1-1-705x470.jpg 705w, https:\/\/radiorevelacionfm.cl\/wp-content\/uploads\/2024\/07\/Fiscal_Luis_Contreras_2024-2-1-1-450x300.jpg 450w, https:\/\/radiorevelacionfm.cl\/wp-content\/uploads\/2024\/07\/Fiscal_Luis_Contreras_2024-2-1-1-600x400.jpg 600w\" sizes=\"(max-width: 900px) 100vw, 900px\" \/><\/div><\/div><\/div><\/div><div class=\"flex_column av_one_full  flex_column_div av-zero-column-padding first  avia-builder-el-2  el_after_av_one_full  el_before_av_one_full  column-top-margin\" style='border-radius:0px; '><section class=\"av_textblock_section \"  itemscope=\"itemscope\" itemtype=\"https:\/\/schema.org\/BlogPosting\" itemprop=\"blogPost\" ><div class='avia_textblock  '   itemprop=\"text\" ><p style=\"text-align: center;\"><span style=\"font-size: 18pt;\"><strong>Investigan caso de robo y violaci\u00f3n tentada que afect\u00f3 a una v\u00edctima de 32 a\u00f1os<\/strong><\/span><\/p>\n<div id=\"gtx-trans\" style=\"position: absolute; left: -50px; top: 4.31534px;\">\n<div class=\"gtx-trans-icon\"><\/div>\n<\/div>\n<\/div><\/section><\/div><div class=\"flex_column av_one_full  flex_column_div av-zero-column-padding first  avia-builder-el-4  el_after_av_one_full  el_before_av_hr  column-top-margin\" style='border-radius:0px; '><section class=\"av_textblock_section \"  itemscope=\"itemscope\" itemtype=\"https:\/\/schema.org\/BlogPosting\" itemprop=\"blogPost\" ><div class='avia_textblock  '   itemprop=\"text\" ><p style=\"font-weight: 400; text-align: justify;\"><em>El imputado, quien ingres\u00f3 a la vivienda por una ventana del segundo piso, portaba dos cuchillos. Fue puesto en internaci\u00f3n provisoria mientras se desarrolla la investigaci\u00f3n.\u00a0<\/em><\/p>\n<p style=\"font-weight: 400; text-align: justify;\">La Fiscal\u00eda Local de Coyhaique dirige una investigaci\u00f3n por los delitos de robo en lugar habitado en car\u00e1cter de frustrado y violaci\u00f3n tentada en contra de una v\u00edctima de 32 a\u00f1os. El imputado de 17 a\u00f1os fue retenido por civiles y luego entregado a Carabineros de la Primera Comisar\u00eda.<\/p>\n<p style=\"font-weight: 400; text-align: justify;\">El detenido, quien ingres\u00f3 al inmueble por una ventana del segundo piso, portaba dos cuchillos, uno tipo serrucho de 21 cent\u00edmetros de hoja y otro de 19 cent\u00edmetros de hoja.<\/p>\n<p style=\"font-weight: 400; text-align: justify;\">Los hechos se registraron cerca de las 09.40 horas del pasado jueves 20 de junio en una vivienda del sector alto de Coyhaique. \u201cUna persona adulta de sexo femenino, se encontraba durmiendo al interior de su domicilio cuando despierta producto de que una persona de 17 a\u00f1os de edad hab\u00eda ingresado a su hogar a trav\u00e9s de una ventana. Esta persona intent\u00f3 primeramente cometer un delito de naturaleza sexual y posteriormente sustrajo una prenda de vestir de un familiar de la v\u00edctima\u201d, explic\u00f3 el fiscal Luis Contreras.<\/p>\n<p style=\"font-weight: 400; text-align: justify;\">\u201cLa v\u00edctima en todo momento intent\u00f3 dialogar con esta persona hasta que logr\u00f3 finalmente pedirle ayuda a un vecino. Al llegar Carabineros, se pudieron percatar que este sujeto adem\u00e1s portaba armas blancas en su poder\u201d, a\u00f1adi\u00f3 el persecutor penal.<\/p>\n<p style=\"font-weight: 400; text-align: justify;\">\u201cPosteriormente, al recabar el relato de la v\u00edctima, esta visualiza al joven lanzando uno de los cuchillos al suelo, cuando estaba en esta interacci\u00f3n para -lo que se investiga-, intentar cometer un delito de naturaleza sexual. Y la segunda arma blanca fue encontrada posteriormente por Carabineros. Dentro del relato de la v\u00edctima, esta refiere que el joven portaba en el cinto de su pantal\u00f3n esta arma blanca\u201d, finaliz\u00f3 el fiscal Contreras.<\/p>\n<p style=\"font-weight: 400; text-align: justify;\">En la audiencia de formalizaci\u00f3n, el Ministerio P\u00fablico solicit\u00f3 la internaci\u00f3n provisoria del imputado en un recinto del Sename, medida cautelar que fue acogida por el Juzgado de Garant\u00eda. Posteriormente, la internaci\u00f3n provisoria fue confirmada por la Ilustr\u00edsima Corte de Apelaciones, alegato en el que intervino la Unidad de Asesor\u00eda Jur\u00eddica del Ministerio P\u00fablico.<\/p>\n<p style=\"font-weight: 400; text-align: justify;\">El plazo para el t\u00e9rmino de la investigaci\u00f3n fue fijado en 60 d\u00edas.<\/p>\n<\/div><\/section><\/div><div  style='height:50px' class='hr hr-invisible   avia-builder-el-6  el_after_av_one_full  el_before_av_social_share '><span class='hr-inner ' ><span class='hr-inner-style'><\/span><\/span><\/div><\/p>\n<div  class='av-social-sharing-box  avia-builder-el-7  el_after_av_hr  el_before_av_hr  '><div class='av-share-box'><h5 class='av-share-link-description av-no-toc '>Compartir esta noticia<\/h5><ul class='av-share-box-list noLightbox'><li class='av-share-link av-social-link-facebook' ><a target=\"_blank\" aria-label=\"Compartir en Facebook\" href='https:\/\/www.facebook.com\/sharer.php?u=https:\/\/radiorevelacionfm.cl\/?p=43685&#038;t=Investigan%20caso%20de%20robo%20y%20violaci%C3%B3n%20tentada%20que%20afect%C3%B3%20a%20una%20v%C3%ADctima%20de%2032%20a%C3%B1os' aria-hidden='false' data-av_icon='\ue8f3' data-av_iconfont='entypo-fontello' title='' data-avia-related-tooltip='Compartir en Facebook' rel=\"noopener\"><span class='avia_hidden_link_text'>Compartir en Facebook<\/span><\/a><\/li><li class='av-share-link av-social-link-twitter' ><a target=\"_blank\" aria-label=\"Compartir en Twitter\" href='https:\/\/twitter.com\/share?text=Investigan%20caso%20de%20robo%20y%20violaci%C3%B3n%20tentada%20que%20afect%C3%B3%20a%20una%20v%C3%ADctima%20de%2032%20a%C3%B1os&#038;url=https:\/\/radiorevelacionfm.cl\/?p=43685' aria-hidden='false' data-av_icon='\ue8f1' data-av_iconfont='entypo-fontello' title='' data-avia-related-tooltip='Compartir en Twitter' rel=\"noopener\"><span class='avia_hidden_link_text'>Compartir en Twitter<\/span><\/a><\/li><li class='av-share-link av-social-link-whatsapp' ><a target=\"_blank\" aria-label=\"Compartir en Whatsapp\" href='https:\/\/api.whatsapp.com\/send?text=https:\/\/radiorevelacionfm.cl\/?p=43685' aria-hidden='false' data-av_icon='\uf232' data-av_iconfont='entypo-fontello' title='' data-avia-related-tooltip='Compartir en Whatsapp' rel=\"noopener\"><span class='avia_hidden_link_text'>Compartir en Whatsapp<\/span><\/a><\/li><li class='av-share-link av-social-link-linkedin' ><a target=\"_blank\" aria-label=\"Compartir en LinkedIn\" href='https:\/\/linkedin.com\/shareArticle?mini=true&#038;title=Investigan%20caso%20de%20robo%20y%20violaci%C3%B3n%20tentada%20que%20afect%C3%B3%20a%20una%20v%C3%ADctima%20de%2032%20a%C3%B1os&#038;url=https:\/\/radiorevelacionfm.cl\/?p=43685' aria-hidden='false' data-av_icon='\ue8fc' data-av_iconfont='entypo-fontello' title='' data-avia-related-tooltip='Compartir en LinkedIn' rel=\"noopener\"><span class='avia_hidden_link_text'>Compartir en LinkedIn<\/span><\/a><\/li><li class='av-share-link av-social-link-mail' ><a  aria-label=\"Compartir por correo\" href='mailto:?subject=Investigan%20caso%20de%20robo%20y%20violaci%C3%B3n%20tentada%20que%20afect%C3%B3%20a%20una%20v%C3%ADctima%20de%2032%20a%C3%B1os&#038;body=https:\/\/radiorevelacionfm.cl\/?p=43685' aria-hidden='false' data-av_icon='\ue805' data-av_iconfont='entypo-fontello' title='' data-avia-related-tooltip='Compartir por correo'><span class='avia_hidden_link_text'>Compartir por correo<\/span><\/a><\/li><\/ul><\/div><\/div>\n<div  style='height:50px' class='hr hr-invisible   avia-builder-el-8  el_after_av_social_share  el_before_av_comments_list '><span class='hr-inner ' ><span class='hr-inner-style'><\/span><\/span><\/div>\n<div  class='av-buildercomment  av-blog-meta-html-info-disabled av-blog-meta-tag-disabled  '><\/div>\n","protected":false},"excerpt":{"rendered":"","protected":false},"author":1,"featured_media":43686,"comment_status":"open","ping_status":"open","sticky":false,"template":"","format":"standard","meta":{"footnotes":""},"categories":[36],"tags":[],"class_list":["post-43685","post","type-post","status-publish","format-standard","has-post-thumbnail","hentry","category-policial"],"jetpack_featured_media_url":"https:\/\/radiorevelacionfm.cl\/wp-content\/uploads\/2024\/07\/Fiscal_Luis_Contreras_2024-2-1-1.jpg","_links":{"self":[{"href":"https:\/\/radiorevelacionfm.cl\/index.php?rest_route=\/wp\/v2\/posts\/43685","targetHints":{"allow":["GET"]}}],"collection":[{"href":"https:\/\/radiorevelacionfm.cl\/index.php?rest_route=\/wp\/v2\/posts"}],"about":[{"href":"https:\/\/radiorevelacionfm.cl\/index.php?rest_route=\/wp\/v2\/types\/post"}],"author":[{"embeddable":true,"href":"https:\/\/radiorevelacionfm.cl\/index.php?rest_route=\/wp\/v2\/users\/1"}],"replies":[{"embeddable":true,"href":"https:\/\/radiorevelacionfm.cl\/index.php?rest_route=%2Fwp%2Fv2%2Fcomments&post=43685"}],"version-history":[{"count":1,"href":"https:\/\/radiorevelacionfm.cl\/index.php?rest_route=\/wp\/v2\/posts\/43685\/revisions"}],"predecessor-version":[{"id":43687,"href":"https:\/\/radiorevelacionfm.cl\/index.php?rest_route=\/wp\/v2\/posts\/43685\/revisions\/43687"}],"wp:featuredmedia":[{"embeddable":true,"href":"https:\/\/radiorevelacionfm.cl\/index.php?rest_route=\/wp\/v2\/media\/43686"}],"wp:attachment":[{"href":"https:\/\/radiorevelacionfm.cl\/index.php?rest_route=%2Fwp%2Fv2%2Fmedia&parent=43685"}],"wp:term":[{"taxonomy":"category","embeddable":true,"href":"https:\/\/radiorevelacionfm.cl\/index.php?rest_route=%2Fwp%2Fv2%2Fcategories&post=43685"},{"taxonomy":"post_tag","embeddable":true,"href":"https:\/\/radiorevelacionfm.cl\/index.php?rest_route=%2Fwp%2Fv2%2Ftags&post=43685"}],"curies":[{"name":"wp","href":"https:\/\/api.w.org\/{rel}","templated":true}]}}