{"id":43682,"date":"2024-07-02T14:50:14","date_gmt":"2024-07-02T17:50:14","guid":{"rendered":"https:\/\/radiorevelacionfm.cl\/?p=43682"},"modified":"2024-07-02T14:50:14","modified_gmt":"2024-07-02T17:50:14","slug":"diputado-calisto-y-vecinos-de-puerto-aysen-critican-falta-de-cupos-para-acceder-a-subsidio-de-acondicionamiento-termico-pda","status":"publish","type":"post","link":"https:\/\/radiorevelacionfm.cl\/?p=43682","title":{"rendered":"Diputado Calisto y vecinos de Puerto Ays\u00e9n critican falta de cupos para acceder a subsidio de acondicionamiento t\u00e9rmico PDA"},"content":{"rendered":"<div class=\"flex_column av_one_full  flex_column_div av-zero-column-padding first  avia-builder-el-0  el_before_av_one_full  avia-builder-el-first  \" style='border-radius:0px; '><div  class='avia-image-container  av-styling-    avia-builder-el-1  avia-builder-el-no-sibling  avia-align-center '  itemprop=\"image\" itemscope=\"itemscope\" itemtype=\"https:\/\/schema.org\/ImageObject\"  ><div class='avia-image-container-inner'><div class='avia-image-overlay-wrap'><img decoding=\"async\" class='wp-image-43683 avia-img-lazy-loading-not-43683 avia_image' src=\"https:\/\/radiorevelacionfm.cl\/wp-content\/uploads\/2024\/07\/FOTO-REUNION-PDA-AYSEN-1-1.jpeg\" alt='' title='FOTO REUNI\u00d3N PDA AYS\u00c9N (1) (1)' height=\"600\" width=\"1067\"  itemprop=\"thumbnailUrl\" srcset=\"https:\/\/radiorevelacionfm.cl\/wp-content\/uploads\/2024\/07\/FOTO-REUNION-PDA-AYSEN-1-1.jpeg 1067w, https:\/\/radiorevelacionfm.cl\/wp-content\/uploads\/2024\/07\/FOTO-REUNION-PDA-AYSEN-1-1-300x169.jpeg 300w, https:\/\/radiorevelacionfm.cl\/wp-content\/uploads\/2024\/07\/FOTO-REUNION-PDA-AYSEN-1-1-1030x579.jpeg 1030w, https:\/\/radiorevelacionfm.cl\/wp-content\/uploads\/2024\/07\/FOTO-REUNION-PDA-AYSEN-1-1-768x432.jpeg 768w, https:\/\/radiorevelacionfm.cl\/wp-content\/uploads\/2024\/07\/FOTO-REUNION-PDA-AYSEN-1-1-705x396.jpeg 705w, https:\/\/radiorevelacionfm.cl\/wp-content\/uploads\/2024\/07\/FOTO-REUNION-PDA-AYSEN-1-1-450x253.jpeg 450w, https:\/\/radiorevelacionfm.cl\/wp-content\/uploads\/2024\/07\/FOTO-REUNION-PDA-AYSEN-1-1-600x337.jpeg 600w\" sizes=\"(max-width: 1067px) 100vw, 1067px\" \/><\/div><\/div><\/div><\/div><div class=\"flex_column av_one_full  flex_column_div av-zero-column-padding first  avia-builder-el-2  el_after_av_one_full  el_before_av_one_full  column-top-margin\" style='border-radius:0px; '><section class=\"av_textblock_section \"  itemscope=\"itemscope\" itemtype=\"https:\/\/schema.org\/BlogPosting\" itemprop=\"blogPost\" ><div class='avia_textblock  '   itemprop=\"text\" ><p style=\"text-align: center;\"><span style=\"font-size: 18pt;\"><b>Diputado Calisto y vecinos de Puerto Ays\u00e9n critican falta de cupos para acceder a subsidio de acondicionamiento t\u00e9rmico PDA<\/b><\/span><\/p>\n<div id=\"gtx-trans\" style=\"position: absolute; left: -50px; top: 4.31534px;\">\n<div class=\"gtx-trans-icon\"><\/div>\n<\/div>\n<\/div><\/section><\/div><div class=\"flex_column av_one_full  flex_column_div av-zero-column-padding first  avia-builder-el-4  el_after_av_one_full  el_before_av_hr  column-top-margin\" style='border-radius:0px; '><section class=\"av_textblock_section \"  itemscope=\"itemscope\" itemtype=\"https:\/\/schema.org\/BlogPosting\" itemprop=\"blogPost\" ><div class='avia_textblock  '   itemprop=\"text\" ><p style=\"font-weight: 400; text-align: justify;\"><em>El legislador se reuni\u00f3 con vecinos de la poblaci\u00f3n Pedro Aguirre Cerde de Puerto Ays\u00e9n, e hizo un llamado a la Gobernadora y al Gore a disponer de los recursos para aumentar la cantidad de subsidios que se entregan al a\u00f1o.<\/em><\/p>\n<p style=\"font-weight: 400; text-align: justify;\">Preocupaci\u00f3n existe entre los vecinos de la poblaci\u00f3n Pedro Aguirre Cerda de Puerto Ays\u00e9n, quienes denuncian falta de cupos para acceder al subsidio de acondicionamiento t\u00e9rmico PDA, hecho que fue transmitido al diputado Miguel \u00c1ngel Calisto y al Consejero Felipe Klein en una masiva reuni\u00f3n en la sede vecinal. El legislador inst\u00f3 a la Gobernadora y al Gore para que puedan disponer de los recursos para aumentar la cantidad de subsidios que se entregan al a\u00f1o.<\/p>\n<p style=\"font-weight: 400; text-align: justify;\">Seg\u00fan el legislador, \u201chay cerca de 600 familias solo en Puerto Ays\u00e9n que est\u00e1n esperando el mejoramiento t\u00e9rmico PDA. A esto se suma que en Coyhaique tambi\u00e9n hay cerca de 870 familias que est\u00e1n esperando este beneficio. No es comprensible que en nuestra regi\u00f3n, con las bajas temperaturas que tenemos, el Ministerio de Vivienda destine poco m\u00e1s de 50 cupos para el a\u00f1o en toda la regi\u00f3n.<\/p>\n<p style=\"font-weight: 400; text-align: justify;\">\u201cNosotros estamos pidiendo que el Gobierno Regional y la Gobernadora se hagan parte de esta situaci\u00f3n y den la soluci\u00f3n. Que ponga recursos del GORE para el mejoramiento de las viviendas y terminar con el d\u00e9ficit que tenemos de cerca de 1500 familias entre las dos comunas\u201d, afirm\u00f3.<\/p>\n<p style=\"font-weight: 400; text-align: justify;\">Calisto argument\u00f3 que \u201cde esta manera adem\u00e1s se podr\u00eda ayudar al Gobierno Regional para que ejecute m\u00e1s recursos y se ocupe bien la plata. Esta es una forma de ocupar de buena manera nuestros recursos, en las personas, en los mejoramientos t\u00e9rmicos, porque esto cambia la vida de las familias. Algo similar se debiera hacer con los suplementos presupuestarios para los subsidios de vivienda\u201d.<\/p>\n<p style=\"font-weight: 400; text-align: justify;\">\u201cCreo que hay que dejar de usa la plata en estudios, en an\u00e1lisis, y m\u00e1s bien, destinar recursos para solucionar este tipo de problemas. Espero que la Gobernadora tenga disposici\u00f3n para avanzar en estos, lo mismo el Ministerio, con quienes ya estamos hablando para que se allane a poder lograr una soluci\u00f3n integral para los mejoramientos t\u00e9rmicos\u201d, asegur\u00f3 el parlamentario.<\/p>\n<p style=\"font-weight: 400; text-align: justify;\">El consejero Felipe Klein asegur\u00f3 que \u201ces importante que el Gobierno Regional, teniendo recursos, pueda ir en apoyo de todas las vecinas y vecinos que necesitan realizar su revestimiento t\u00e9rmico PDA en la regi\u00f3n de Ays\u00e9n. El ejecutivo tiene la voluntad y es importante que el Ministerio de Vivienda quiera recibir los recursos, para que se pueda hacer un programa a tres o cuatro a\u00f1os que permita aumentar los subsidios de acondicionamiento t\u00e9rmico\u201d.<\/p>\n<p style=\"font-weight: 400; text-align: justify;\"><strong>La opini\u00f3n de los vecinos\u00a0\u00a0 \u00a0<\/strong><\/p>\n<p style=\"font-weight: 400; text-align: justify;\">Por su parte, Marjorie V\u00e1squez, presidenta del Comit\u00e9 Villa Ays\u00e9n, \u201cnosotros estamos a la espera del mejoramiento t\u00e9rmico de nuestros hogares. Somos 75 familias en Villa Ays\u00e9n que estamos a la espera de esto. El diputado Calisto y el consejero Felipe Klein nos est\u00e1n apoyando para poder lograr esto y tener los recursos para realizar los mejoramientos t\u00e9rmicos. Agradecemos su apoyo y esperamos llegar a buen puerto\u201d.<\/p>\n<p style=\"font-weight: 400; text-align: justify;\">Finalmente, Kerdy Nilian, presidenta del comit\u00e9 R\u00edo Ays\u00e9n, asegur\u00f3 que \u201choy en d\u00eda estamos con problemas con nuestros revestimientos t\u00e9rmicos, ya que no se destin\u00f3 dinero a la regi\u00f3n de Ays\u00e9n. Son cerca de 600 personas. El diputado Calisto nos va a ayudar, ya que no tenemos fondos. Hay que recordar que la regi\u00f3n de Ays\u00e9n no s\u00f3lo es Coyhaique. Ac\u00e1 el fr\u00edo es extremo, necesitamos fondos para nuestro revestimiento t\u00e9rmico.<\/p>\n<\/div><\/section><\/div><div  style='height:50px' class='hr hr-invisible   avia-builder-el-6  el_after_av_one_full  el_before_av_social_share '><span class='hr-inner ' ><span class='hr-inner-style'><\/span><\/span><\/div><\/p>\n<div  class='av-social-sharing-box  avia-builder-el-7  el_after_av_hr  el_before_av_hr  '><div class='av-share-box'><h5 class='av-share-link-description av-no-toc '>Compartir esta noticia<\/h5><ul class='av-share-box-list noLightbox'><li class='av-share-link av-social-link-facebook' ><a target=\"_blank\" aria-label=\"Compartir en Facebook\" href='https:\/\/www.facebook.com\/sharer.php?u=https:\/\/radiorevelacionfm.cl\/?p=43682&#038;t=Diputado%20Calisto%20y%20vecinos%20de%20Puerto%20Ays%C3%A9n%20critican%20falta%20de%20cupos%20para%20acceder%20a%20subsidio%20de%20acondicionamiento%20t%C3%A9rmico%20PDA' aria-hidden='false' data-av_icon='\ue8f3' data-av_iconfont='entypo-fontello' title='' data-avia-related-tooltip='Compartir en Facebook' rel=\"noopener\"><span class='avia_hidden_link_text'>Compartir en Facebook<\/span><\/a><\/li><li class='av-share-link av-social-link-twitter' ><a target=\"_blank\" aria-label=\"Compartir en Twitter\" href='https:\/\/twitter.com\/share?text=Diputado%20Calisto%20y%20vecinos%20de%20Puerto%20Ays%C3%A9n%20critican%20falta%20de%20cupos%20para%20acceder%20a%20subsidio%20de%20acondicionamiento%20t%C3%A9rmico%20PDA&#038;url=https:\/\/radiorevelacionfm.cl\/?p=43682' aria-hidden='false' data-av_icon='\ue8f1' data-av_iconfont='entypo-fontello' title='' data-avia-related-tooltip='Compartir en Twitter' rel=\"noopener\"><span class='avia_hidden_link_text'>Compartir en Twitter<\/span><\/a><\/li><li class='av-share-link av-social-link-whatsapp' ><a target=\"_blank\" aria-label=\"Compartir en Whatsapp\" href='https:\/\/api.whatsapp.com\/send?text=https:\/\/radiorevelacionfm.cl\/?p=43682' aria-hidden='false' data-av_icon='\uf232' data-av_iconfont='entypo-fontello' title='' data-avia-related-tooltip='Compartir en Whatsapp' rel=\"noopener\"><span class='avia_hidden_link_text'>Compartir en Whatsapp<\/span><\/a><\/li><li class='av-share-link av-social-link-linkedin' ><a target=\"_blank\" aria-label=\"Compartir en LinkedIn\" href='https:\/\/linkedin.com\/shareArticle?mini=true&#038;title=Diputado%20Calisto%20y%20vecinos%20de%20Puerto%20Ays%C3%A9n%20critican%20falta%20de%20cupos%20para%20acceder%20a%20subsidio%20de%20acondicionamiento%20t%C3%A9rmico%20PDA&#038;url=https:\/\/radiorevelacionfm.cl\/?p=43682' aria-hidden='false' data-av_icon='\ue8fc' data-av_iconfont='entypo-fontello' title='' data-avia-related-tooltip='Compartir en LinkedIn' rel=\"noopener\"><span class='avia_hidden_link_text'>Compartir en LinkedIn<\/span><\/a><\/li><li class='av-share-link av-social-link-mail' ><a  aria-label=\"Compartir por correo\" href='mailto:?subject=Diputado%20Calisto%20y%20vecinos%20de%20Puerto%20Ays%C3%A9n%20critican%20falta%20de%20cupos%20para%20acceder%20a%20subsidio%20de%20acondicionamiento%20t%C3%A9rmico%20PDA&#038;body=https:\/\/radiorevelacionfm.cl\/?p=43682' aria-hidden='false' data-av_icon='\ue805' data-av_iconfont='entypo-fontello' title='' data-avia-related-tooltip='Compartir por correo'><span class='avia_hidden_link_text'>Compartir por correo<\/span><\/a><\/li><\/ul><\/div><\/div>\n<div  style='height:50px' class='hr hr-invisible   avia-builder-el-8  el_after_av_social_share  el_before_av_comments_list '><span class='hr-inner ' ><span class='hr-inner-style'><\/span><\/span><\/div>\n<div  class='av-buildercomment  av-blog-meta-html-info-disabled av-blog-meta-tag-disabled  '><\/div>\n","protected":false},"excerpt":{"rendered":"","protected":false},"author":1,"featured_media":43683,"comment_status":"open","ping_status":"open","sticky":false,"template":"","format":"standard","meta":{"footnotes":""},"categories":[38],"tags":[],"class_list":["post-43682","post","type-post","status-publish","format-standard","has-post-thumbnail","hentry","category-regional"],"jetpack_featured_media_url":"https:\/\/radiorevelacionfm.cl\/wp-content\/uploads\/2024\/07\/FOTO-REUNION-PDA-AYSEN-1-1.jpeg","_links":{"self":[{"href":"https:\/\/radiorevelacionfm.cl\/index.php?rest_route=\/wp\/v2\/posts\/43682","targetHints":{"allow":["GET"]}}],"collection":[{"href":"https:\/\/radiorevelacionfm.cl\/index.php?rest_route=\/wp\/v2\/posts"}],"about":[{"href":"https:\/\/radiorevelacionfm.cl\/index.php?rest_route=\/wp\/v2\/types\/post"}],"author":[{"embeddable":true,"href":"https:\/\/radiorevelacionfm.cl\/index.php?rest_route=\/wp\/v2\/users\/1"}],"replies":[{"embeddable":true,"href":"https:\/\/radiorevelacionfm.cl\/index.php?rest_route=%2Fwp%2Fv2%2Fcomments&post=43682"}],"version-history":[{"count":1,"href":"https:\/\/radiorevelacionfm.cl\/index.php?rest_route=\/wp\/v2\/posts\/43682\/revisions"}],"predecessor-version":[{"id":43684,"href":"https:\/\/radiorevelacionfm.cl\/index.php?rest_route=\/wp\/v2\/posts\/43682\/revisions\/43684"}],"wp:featuredmedia":[{"embeddable":true,"href":"https:\/\/radiorevelacionfm.cl\/index.php?rest_route=\/wp\/v2\/media\/43683"}],"wp:attachment":[{"href":"https:\/\/radiorevelacionfm.cl\/index.php?rest_route=%2Fwp%2Fv2%2Fmedia&parent=43682"}],"wp:term":[{"taxonomy":"category","embeddable":true,"href":"https:\/\/radiorevelacionfm.cl\/index.php?rest_route=%2Fwp%2Fv2%2Fcategories&post=43682"},{"taxonomy":"post_tag","embeddable":true,"href":"https:\/\/radiorevelacionfm.cl\/index.php?rest_route=%2Fwp%2Fv2%2Ftags&post=43682"}],"curies":[{"name":"wp","href":"https:\/\/api.w.org\/{rel}","templated":true}]}}