{"id":43679,"date":"2024-07-02T14:45:33","date_gmt":"2024-07-02T17:45:33","guid":{"rendered":"https:\/\/radiorevelacionfm.cl\/?p=43679"},"modified":"2024-07-02T14:45:33","modified_gmt":"2024-07-02T17:45:33","slug":"sag-aysen-extiende-el-llamado-a-mantener-vigente-la-declaracion-anual-de-existencia-animal","status":"publish","type":"post","link":"https:\/\/radiorevelacionfm.cl\/?p=43679","title":{"rendered":"SAG Ays\u00e9n extiende el llamado a mantener vigente la Declaraci\u00f3n Anual de Existencia Animal"},"content":{"rendered":"<div class=\"flex_column av_one_full  flex_column_div av-zero-column-padding first  avia-builder-el-0  el_before_av_one_full  avia-builder-el-first  \" style='border-radius:0px; '><div  class='avia-image-container  av-styling-    avia-builder-el-1  avia-builder-el-no-sibling  avia-align-center '  itemprop=\"image\" itemscope=\"itemscope\" itemtype=\"https:\/\/schema.org\/ImageObject\"  ><div class='avia-image-container-inner'><div class='avia-image-overlay-wrap'><img decoding=\"async\" class='wp-image-43680 avia-img-lazy-loading-not-43680 avia_image' src=\"https:\/\/radiorevelacionfm.cl\/wp-content\/uploads\/2024\/07\/Vacas-1-1.jpg\" alt='' title='Vacas (1) (1)' height=\"600\" width=\"900\"  itemprop=\"thumbnailUrl\" srcset=\"https:\/\/radiorevelacionfm.cl\/wp-content\/uploads\/2024\/07\/Vacas-1-1.jpg 900w, https:\/\/radiorevelacionfm.cl\/wp-content\/uploads\/2024\/07\/Vacas-1-1-300x200.jpg 300w, https:\/\/radiorevelacionfm.cl\/wp-content\/uploads\/2024\/07\/Vacas-1-1-768x512.jpg 768w, https:\/\/radiorevelacionfm.cl\/wp-content\/uploads\/2024\/07\/Vacas-1-1-705x470.jpg 705w, https:\/\/radiorevelacionfm.cl\/wp-content\/uploads\/2024\/07\/Vacas-1-1-450x300.jpg 450w, https:\/\/radiorevelacionfm.cl\/wp-content\/uploads\/2024\/07\/Vacas-1-1-600x400.jpg 600w\" sizes=\"(max-width: 900px) 100vw, 900px\" \/><\/div><\/div><\/div><\/div><div class=\"flex_column av_one_full  flex_column_div av-zero-column-padding first  avia-builder-el-2  el_after_av_one_full  el_before_av_one_full  column-top-margin\" style='border-radius:0px; '><section class=\"av_textblock_section \"  itemscope=\"itemscope\" itemtype=\"https:\/\/schema.org\/BlogPosting\" itemprop=\"blogPost\" ><div class='avia_textblock  '   itemprop=\"text\" ><p style=\"text-align: center;\"><span style=\"font-size: 18pt;\"><strong>SAG Ays\u00e9n extiende el llamado a mantener vigente la Declaraci\u00f3n Anual de Existencia Animal<\/strong><\/span><\/p>\n<div id=\"gtx-trans\" style=\"position: absolute; left: -50px; top: 4.31534px;\">\n<div class=\"gtx-trans-icon\"><\/div>\n<\/div>\n<\/div><\/section><\/div><div class=\"flex_column av_one_full  flex_column_div av-zero-column-padding first  avia-builder-el-4  el_after_av_one_full  el_before_av_hr  column-top-margin\" style='border-radius:0px; '><section class=\"av_textblock_section \"  itemscope=\"itemscope\" itemtype=\"https:\/\/schema.org\/BlogPosting\" itemprop=\"blogPost\" ><div class='avia_textblock  '   itemprop=\"text\" ><p style=\"text-align: justify;\">El Servicio Agr\u00edcola y Ganadero (SAG) del Ministerio de Agricultura recuerda a las productoras y productores en la regi\u00f3n de Ays\u00e9n actualizar su Declaraci\u00f3n Anual de Existencia Animal (DEA), siendo esta una obligaci\u00f3n cuyo cumplimiento es clave para mantener un catastro actualizado del sistema de trazabilidad animal, seg\u00fan especie y categor\u00eda, permitiendo as\u00ed conocer el n\u00famero total de animales vivos en la regi\u00f3n y hacer una mejor gesti\u00f3n sanitaria en los predios.<\/p>\n<p style=\"text-align: justify;\">El director regional del Servicio Agr\u00edcola y Ganadero, Julio Cerda Cordero, destac\u00f3 que \u201ceste tr\u00e1mite es obligatorio para las y los titulares de predios con Rol \u00danico Predial (RUP) y se debe realizar todos los a\u00f1os\u00bb. Para el caso de las personas que sean due\u00f1as de animales y\/o aves y no tengan registrado su predio en el SAG, deben acercarse a la oficina SAG m\u00e1s pr\u00f3xima para que se informen de los requisitos que se exigen para ello\u201d.<\/p>\n<p style=\"text-align: justify;\">Por su parte, el seremi de Agricultura de Ays\u00e9n, Eugenio Ruiz, sostuvo que \u00abreiteramos la necesidad de mantener su Declaraci\u00f3n de Existencia Animal al d\u00eda, para todos los animales presentes en establecimientos pecuarios, dado que es el \u00fanico medio de verificaci\u00f3n de la tenencia de animales ante una eventual ayuda temprana que pueda generar el Ministerio de Agricultura a trav\u00e9s de sus servicios frente a situaciones que as\u00ed lo ameriten\u00bb.<\/p>\n<p style=\"text-align: justify;\">De acuerdo a datos regionales otorgados por SAG, en el a\u00f1o 2023 un total un 75% de los predios inscritos actualmente en el sistema realizaron el tr\u00e1mite de la Declaraci\u00f3n de existencia Animal en Ays\u00e9n.<\/p>\n<p style=\"text-align: justify;\">\u201cLa DEA actualizada es un requisito indispensable para la obtenci\u00f3n del Formulario de Movimiento Animal (FMA) y tambi\u00e9n para los beneficiarios del Programa Apoyo a la trazabilidad de la peque\u00f1a ganader\u00eda de la regi\u00f3n de Ays\u00e9n. De tal manera, hago un llamado a cumplir con esta actualizaci\u00f3n para facilitar la gesti\u00f3n predial, adem\u00e1s, porque esta es una herramienta que permite poner dichos datos a disposici\u00f3n de diversos servicios para la oportuna toma de decisiones en caso de urgencias sanitarias, naturales o clim\u00e1ticas\u201d, finaliz\u00f3 la autoridad regional del SAG.<\/p>\n<p style=\"text-align: justify;\">El tr\u00e1mite se puede realizar presencialmente en las\u00a0oficinas sectoriales\u00a0del SAG regional de Ays\u00e9n, como tambi\u00e9n a trav\u00e9s de la\u00a0plataforma SIPEC web, disponible en\u00a0<a href=\"https:\/\/nam10.safelinks.protection.outlook.com\/?url=http%3A%2F%2Fwww.sag.cl%2F&amp;data=05%7C02%7Ccecilia.munoz%40sag.gob.cl%7C8f7ac81cea12475a197008dc96c88549%7C77ecda755864422aa5356ea67154029c%7C0%7C0%7C638551035200047430%7CUnknown%7CTWFpbGZsb3d8eyJWIjoiMC4wLjAwMDAiLCJQIjoiV2luMzIiLCJBTiI6Ik1haWwiLCJXVCI6Mn0%3D%7C0%7C%7C%7C&amp;sdata=m3zplg6PqGqDtvH%2BaygaUpmtnATa6%2BMASMsK7uHFzf4%3D&amp;reserved=0\">www.sag.cl<\/a><\/p>\n<\/div><\/section><\/div><div  style='height:50px' class='hr hr-invisible   avia-builder-el-6  el_after_av_one_full  el_before_av_social_share '><span class='hr-inner ' ><span class='hr-inner-style'><\/span><\/span><\/div><\/p>\n<div  class='av-social-sharing-box  avia-builder-el-7  el_after_av_hr  el_before_av_hr  '><div class='av-share-box'><h5 class='av-share-link-description av-no-toc '>Compartir esta noticia<\/h5><ul class='av-share-box-list noLightbox'><li class='av-share-link av-social-link-facebook' ><a target=\"_blank\" aria-label=\"Compartir en Facebook\" href='https:\/\/www.facebook.com\/sharer.php?u=https:\/\/radiorevelacionfm.cl\/?p=43679&#038;t=SAG%20Ays%C3%A9n%20extiende%20el%20llamado%20a%20mantener%20vigente%20la%20Declaraci%C3%B3n%20Anual%20de%20Existencia%20Animal' aria-hidden='false' data-av_icon='\ue8f3' data-av_iconfont='entypo-fontello' title='' data-avia-related-tooltip='Compartir en Facebook' rel=\"noopener\"><span class='avia_hidden_link_text'>Compartir en Facebook<\/span><\/a><\/li><li class='av-share-link av-social-link-twitter' ><a target=\"_blank\" aria-label=\"Compartir en Twitter\" href='https:\/\/twitter.com\/share?text=SAG%20Ays%C3%A9n%20extiende%20el%20llamado%20a%20mantener%20vigente%20la%20Declaraci%C3%B3n%20Anual%20de%20Existencia%20Animal&#038;url=https:\/\/radiorevelacionfm.cl\/?p=43679' aria-hidden='false' data-av_icon='\ue8f1' data-av_iconfont='entypo-fontello' title='' data-avia-related-tooltip='Compartir en Twitter' rel=\"noopener\"><span class='avia_hidden_link_text'>Compartir en Twitter<\/span><\/a><\/li><li class='av-share-link av-social-link-whatsapp' ><a target=\"_blank\" aria-label=\"Compartir en Whatsapp\" href='https:\/\/api.whatsapp.com\/send?text=https:\/\/radiorevelacionfm.cl\/?p=43679' aria-hidden='false' data-av_icon='\uf232' data-av_iconfont='entypo-fontello' title='' data-avia-related-tooltip='Compartir en Whatsapp' rel=\"noopener\"><span class='avia_hidden_link_text'>Compartir en Whatsapp<\/span><\/a><\/li><li class='av-share-link av-social-link-linkedin' ><a target=\"_blank\" aria-label=\"Compartir en LinkedIn\" href='https:\/\/linkedin.com\/shareArticle?mini=true&#038;title=SAG%20Ays%C3%A9n%20extiende%20el%20llamado%20a%20mantener%20vigente%20la%20Declaraci%C3%B3n%20Anual%20de%20Existencia%20Animal&#038;url=https:\/\/radiorevelacionfm.cl\/?p=43679' aria-hidden='false' data-av_icon='\ue8fc' data-av_iconfont='entypo-fontello' title='' data-avia-related-tooltip='Compartir en LinkedIn' rel=\"noopener\"><span class='avia_hidden_link_text'>Compartir en LinkedIn<\/span><\/a><\/li><li class='av-share-link av-social-link-mail' ><a  aria-label=\"Compartir por correo\" href='mailto:?subject=SAG%20Ays%C3%A9n%20extiende%20el%20llamado%20a%20mantener%20vigente%20la%20Declaraci%C3%B3n%20Anual%20de%20Existencia%20Animal&#038;body=https:\/\/radiorevelacionfm.cl\/?p=43679' aria-hidden='false' data-av_icon='\ue805' data-av_iconfont='entypo-fontello' title='' data-avia-related-tooltip='Compartir por correo'><span class='avia_hidden_link_text'>Compartir por correo<\/span><\/a><\/li><\/ul><\/div><\/div>\n<div  style='height:50px' class='hr hr-invisible   avia-builder-el-8  el_after_av_social_share  el_before_av_comments_list '><span class='hr-inner ' ><span class='hr-inner-style'><\/span><\/span><\/div>\n<div  class='av-buildercomment  av-blog-meta-html-info-disabled av-blog-meta-tag-disabled  '><\/div>\n","protected":false},"excerpt":{"rendered":"","protected":false},"author":1,"featured_media":43680,"comment_status":"open","ping_status":"open","sticky":false,"template":"","format":"standard","meta":{"footnotes":""},"categories":[38],"tags":[],"class_list":["post-43679","post","type-post","status-publish","format-standard","has-post-thumbnail","hentry","category-regional"],"jetpack_featured_media_url":"https:\/\/radiorevelacionfm.cl\/wp-content\/uploads\/2024\/07\/Vacas-1-1.jpg","_links":{"self":[{"href":"https:\/\/radiorevelacionfm.cl\/index.php?rest_route=\/wp\/v2\/posts\/43679","targetHints":{"allow":["GET"]}}],"collection":[{"href":"https:\/\/radiorevelacionfm.cl\/index.php?rest_route=\/wp\/v2\/posts"}],"about":[{"href":"https:\/\/radiorevelacionfm.cl\/index.php?rest_route=\/wp\/v2\/types\/post"}],"author":[{"embeddable":true,"href":"https:\/\/radiorevelacionfm.cl\/index.php?rest_route=\/wp\/v2\/users\/1"}],"replies":[{"embeddable":true,"href":"https:\/\/radiorevelacionfm.cl\/index.php?rest_route=%2Fwp%2Fv2%2Fcomments&post=43679"}],"version-history":[{"count":1,"href":"https:\/\/radiorevelacionfm.cl\/index.php?rest_route=\/wp\/v2\/posts\/43679\/revisions"}],"predecessor-version":[{"id":43681,"href":"https:\/\/radiorevelacionfm.cl\/index.php?rest_route=\/wp\/v2\/posts\/43679\/revisions\/43681"}],"wp:featuredmedia":[{"embeddable":true,"href":"https:\/\/radiorevelacionfm.cl\/index.php?rest_route=\/wp\/v2\/media\/43680"}],"wp:attachment":[{"href":"https:\/\/radiorevelacionfm.cl\/index.php?rest_route=%2Fwp%2Fv2%2Fmedia&parent=43679"}],"wp:term":[{"taxonomy":"category","embeddable":true,"href":"https:\/\/radiorevelacionfm.cl\/index.php?rest_route=%2Fwp%2Fv2%2Fcategories&post=43679"},{"taxonomy":"post_tag","embeddable":true,"href":"https:\/\/radiorevelacionfm.cl\/index.php?rest_route=%2Fwp%2Fv2%2Ftags&post=43679"}],"curies":[{"name":"wp","href":"https:\/\/api.w.org\/{rel}","templated":true}]}}