{"id":43676,"date":"2024-07-02T12:57:13","date_gmt":"2024-07-02T15:57:13","guid":{"rendered":"https:\/\/radiorevelacionfm.cl\/?p=43676"},"modified":"2024-07-02T12:57:13","modified_gmt":"2024-07-02T15:57:13","slug":"en-el-museo-regional-de-aysen-se-expondra-el-cielo-de-puerto-raul-marin-balmaceda","status":"publish","type":"post","link":"https:\/\/radiorevelacionfm.cl\/?p=43676","title":{"rendered":"En el Museo regional de Ays\u00e9n se expondr\u00e1 \u201cel cielo\u201d de Puerto Ra\u00fal Mar\u00edn Balmaceda"},"content":{"rendered":"<div class=\"flex_column av_one_full  flex_column_div av-zero-column-padding first  avia-builder-el-0  el_before_av_one_full  avia-builder-el-first  \" style='border-radius:0px; '><div  class='avia-image-container  av-styling-    avia-builder-el-1  avia-builder-el-no-sibling  avia-align-center '  itemprop=\"image\" itemscope=\"itemscope\" itemtype=\"https:\/\/schema.org\/ImageObject\"  ><div class='avia-image-container-inner'><div class='avia-image-overlay-wrap'><img decoding=\"async\" class='wp-image-43677 avia-img-lazy-loading-not-43677 avia_image' src=\"https:\/\/radiorevelacionfm.cl\/wp-content\/uploads\/2024\/07\/8-Via-Lactea-y-Mallin-1-1.png\" alt='' title='8 V\u00eda L\u00e1ctea y Mall\u00edn (1) (1)' height=\"600\" width=\"450\"  itemprop=\"thumbnailUrl\" srcset=\"https:\/\/radiorevelacionfm.cl\/wp-content\/uploads\/2024\/07\/8-Via-Lactea-y-Mallin-1-1.png 450w, https:\/\/radiorevelacionfm.cl\/wp-content\/uploads\/2024\/07\/8-Via-Lactea-y-Mallin-1-1-225x300.png 225w\" sizes=\"(max-width: 450px) 100vw, 450px\" \/><\/div><\/div><\/div><\/div><div class=\"flex_column av_one_full  flex_column_div av-zero-column-padding first  avia-builder-el-2  el_after_av_one_full  el_before_av_one_full  column-top-margin\" style='border-radius:0px; '><section class=\"av_textblock_section \"  itemscope=\"itemscope\" itemtype=\"https:\/\/schema.org\/BlogPosting\" itemprop=\"blogPost\" ><div class='avia_textblock  '   itemprop=\"text\" ><p style=\"text-align: center;\"><span style=\"font-size: 18pt;\"><strong>En el Museo regional de Ays\u00e9n se expondr\u00e1 \u201cel cielo\u201d de Puerto Ra\u00fal Mar\u00edn Balmaceda<\/strong><\/span><\/p>\n<div id=\"gtx-trans\" style=\"position: absolute; left: -50px; top: 4.31534px;\">\n<div class=\"gtx-trans-icon\"><\/div>\n<\/div>\n<\/div><\/section><\/div><div class=\"flex_column av_one_full  flex_column_div av-zero-column-padding first  avia-builder-el-4  el_after_av_one_full  el_before_av_hr  column-top-margin\" style='border-radius:0px; '><section class=\"av_textblock_section \"  itemscope=\"itemscope\" itemtype=\"https:\/\/schema.org\/BlogPosting\" itemprop=\"blogPost\" ><div class='avia_textblock  '   itemprop=\"text\" ><p style=\"text-align: justify;\"><em>Ciencia y cultura se unir\u00e1n en una exhibici\u00f3n que marca la etapa final de la iniciativa \u201cPensar el cielo\u201d, financiada a trav\u00e9s del Fondo Nacional de Cultura, L\u00ednea de Creaci\u00f3n Art\u00edstica, convocatoria 2023 y liderada por la organizaci\u00f3n comunitaria Mujer Austral.<\/em><\/p>\n<p style=\"text-align: justify;\">El proyecto que cont\u00f3 con un grupo multidisciplinario de trabajo busc\u00f3 retratar las condiciones \u00fanicas del cielo marinense desde tres aristas: meteorol\u00f3gica, astron\u00f3mica y de la memoria colectiva, en torno a los saberes asociados al cielo de la localidad. Proyecto que durante su ejecuci\u00f3n realiz\u00f3 varias jornadas de divulgaci\u00f3n cient\u00edfica y educaci\u00f3n patrimonial junto a la comunidad y la escuela Amanda Labarca.<\/p>\n<p style=\"text-align: justify;\">\u201cLuego de esas jornadas, los chicos de la escuela con la ayuda de los profesores escribieron cuentos con tem\u00e1tica libre en torno al cielo, de esos seleccionamos 5\u00a0 junto con otros 4, escritos por adultos, donde se describieron algunos fen\u00f3menos ic\u00f3nicos de nuestra b\u00f3veda celeste y rescataron algunos refranes propios en torno al cielo como: \u201cel sol alumbr\u00f3 pa\u2019 atra\u2019\u201d o \u201ccolorea la barra\u201d, que se explicar\u00e1n en los cuentos de la exhibici\u00f3n, acompa\u00f1ados de descripciones y fotograf\u00edas del cielo de Mar\u00edn con todos sus procesos, adem\u00e1s de afiches de todas las aristas que abord\u00f3 la iniciativa\u201d, coment\u00f3 la gestora cultural y responsable del proyecto, Alejandra Gonz\u00e1lez.<\/p>\n<p style=\"text-align: justify;\">Por su parte la encargada del \u00e1rea de rescate sociocultural del proyecto, soci\u00f3loga y magister en desarrollo rural, Nathalie Brito agreg\u00f3, \u201ces interesante ver que ciertos temas se repiten en los nueve cuentos que se ilustraron, ya sea, por ejemplo, la innegable presencia de las tormentas y el c\u00f3mo nos afectan an\u00edmicamente, o por otro lado los colores de las nubes en los atardeceres. De alguna manera estas historias vienen a evidenciar lo \u00edntima que es nuestra relaci\u00f3n con el cielo, ojal\u00e1 esto sea s\u00f3lo un primer paso que nos permita generar conciencia del valor que tiene y de lo importante que es cuidar la calidad pr\u00edstina de nuestro cielo, regulando por ejemplo la contaminaci\u00f3n lum\u00ednica\u201d.<\/p>\n<p style=\"text-align: justify;\">La exposici\u00f3n ser\u00e1 inaugurada el mi\u00e9rcoles 3 de Julio a las 18 horas en la sala Cocina de Peones del Museo Regional de Ays\u00e9n en la ciudad de Coyhaique, exposici\u00f3n que podr\u00e1 ser visitada hasta el d\u00eda s\u00e1bado 27 de julio. Para m\u00e1s informaci\u00f3n del proyecto se encuentra disponible el perfil <a href=\"http:\/\/www.instagram.com\/mujer.austral\">www.instagram.com\/mujer.austral<\/a> organizaci\u00f3n comunitaria dedicada a la salvaguarda del patrimonio y el fortalecimiento de la identidad local de esta comunidad costera.<\/p>\n<\/div><\/section><\/div><div  style='height:50px' class='hr hr-invisible   avia-builder-el-6  el_after_av_one_full  el_before_av_social_share '><span class='hr-inner ' ><span class='hr-inner-style'><\/span><\/span><\/div><\/p>\n<div  class='av-social-sharing-box  avia-builder-el-7  el_after_av_hr  el_before_av_hr  '><div class='av-share-box'><h5 class='av-share-link-description av-no-toc '>Compartir esta noticia<\/h5><ul class='av-share-box-list noLightbox'><li class='av-share-link av-social-link-facebook' ><a target=\"_blank\" aria-label=\"Compartir en Facebook\" href='https:\/\/www.facebook.com\/sharer.php?u=https:\/\/radiorevelacionfm.cl\/?p=43676&#038;t=En%20el%20Museo%20regional%20de%20Ays%C3%A9n%20se%20expondr%C3%A1%20%E2%80%9Cel%20cielo%E2%80%9D%20de%20Puerto%20Ra%C3%BAl%20Mar%C3%ADn%20Balmaceda' aria-hidden='false' data-av_icon='\ue8f3' data-av_iconfont='entypo-fontello' title='' data-avia-related-tooltip='Compartir en Facebook' rel=\"noopener\"><span class='avia_hidden_link_text'>Compartir en Facebook<\/span><\/a><\/li><li class='av-share-link av-social-link-twitter' ><a target=\"_blank\" aria-label=\"Compartir en Twitter\" href='https:\/\/twitter.com\/share?text=En%20el%20Museo%20regional%20de%20Ays%C3%A9n%20se%20expondr%C3%A1%20%E2%80%9Cel%20cielo%E2%80%9D%20de%20Puerto%20Ra%C3%BAl%20Mar%C3%ADn%20Balmaceda&#038;url=https:\/\/radiorevelacionfm.cl\/?p=43676' aria-hidden='false' data-av_icon='\ue8f1' data-av_iconfont='entypo-fontello' title='' data-avia-related-tooltip='Compartir en Twitter' rel=\"noopener\"><span class='avia_hidden_link_text'>Compartir en Twitter<\/span><\/a><\/li><li class='av-share-link av-social-link-whatsapp' ><a target=\"_blank\" aria-label=\"Compartir en Whatsapp\" href='https:\/\/api.whatsapp.com\/send?text=https:\/\/radiorevelacionfm.cl\/?p=43676' aria-hidden='false' data-av_icon='\uf232' data-av_iconfont='entypo-fontello' title='' data-avia-related-tooltip='Compartir en Whatsapp' rel=\"noopener\"><span class='avia_hidden_link_text'>Compartir en Whatsapp<\/span><\/a><\/li><li class='av-share-link av-social-link-linkedin' ><a target=\"_blank\" aria-label=\"Compartir en LinkedIn\" href='https:\/\/linkedin.com\/shareArticle?mini=true&#038;title=En%20el%20Museo%20regional%20de%20Ays%C3%A9n%20se%20expondr%C3%A1%20%E2%80%9Cel%20cielo%E2%80%9D%20de%20Puerto%20Ra%C3%BAl%20Mar%C3%ADn%20Balmaceda&#038;url=https:\/\/radiorevelacionfm.cl\/?p=43676' aria-hidden='false' data-av_icon='\ue8fc' data-av_iconfont='entypo-fontello' title='' data-avia-related-tooltip='Compartir en LinkedIn' rel=\"noopener\"><span class='avia_hidden_link_text'>Compartir en LinkedIn<\/span><\/a><\/li><li class='av-share-link av-social-link-mail' ><a  aria-label=\"Compartir por correo\" href='mailto:?subject=En%20el%20Museo%20regional%20de%20Ays%C3%A9n%20se%20expondr%C3%A1%20%E2%80%9Cel%20cielo%E2%80%9D%20de%20Puerto%20Ra%C3%BAl%20Mar%C3%ADn%20Balmaceda&#038;body=https:\/\/radiorevelacionfm.cl\/?p=43676' aria-hidden='false' data-av_icon='\ue805' data-av_iconfont='entypo-fontello' title='' data-avia-related-tooltip='Compartir por correo'><span class='avia_hidden_link_text'>Compartir por correo<\/span><\/a><\/li><\/ul><\/div><\/div>\n<div  style='height:50px' class='hr hr-invisible   avia-builder-el-8  el_after_av_social_share  el_before_av_comments_list '><span class='hr-inner ' ><span class='hr-inner-style'><\/span><\/span><\/div>\n<div  class='av-buildercomment  av-blog-meta-html-info-disabled av-blog-meta-tag-disabled  '><\/div>\n","protected":false},"excerpt":{"rendered":"","protected":false},"author":1,"featured_media":43677,"comment_status":"closed","ping_status":"closed","sticky":false,"template":"","format":"standard","meta":{"footnotes":""},"categories":[52,38],"tags":[],"class_list":["post-43676","post","type-post","status-publish","format-standard","has-post-thumbnail","hentry","category-cultura","category-regional"],"jetpack_featured_media_url":"https:\/\/radiorevelacionfm.cl\/wp-content\/uploads\/2024\/07\/8-Via-Lactea-y-Mallin-1-1.png","_links":{"self":[{"href":"https:\/\/radiorevelacionfm.cl\/index.php?rest_route=\/wp\/v2\/posts\/43676","targetHints":{"allow":["GET"]}}],"collection":[{"href":"https:\/\/radiorevelacionfm.cl\/index.php?rest_route=\/wp\/v2\/posts"}],"about":[{"href":"https:\/\/radiorevelacionfm.cl\/index.php?rest_route=\/wp\/v2\/types\/post"}],"author":[{"embeddable":true,"href":"https:\/\/radiorevelacionfm.cl\/index.php?rest_route=\/wp\/v2\/users\/1"}],"replies":[{"embeddable":true,"href":"https:\/\/radiorevelacionfm.cl\/index.php?rest_route=%2Fwp%2Fv2%2Fcomments&post=43676"}],"version-history":[{"count":2,"href":"https:\/\/radiorevelacionfm.cl\/index.php?rest_route=\/wp\/v2\/posts\/43676\/revisions"}],"predecessor-version":[{"id":43706,"href":"https:\/\/radiorevelacionfm.cl\/index.php?rest_route=\/wp\/v2\/posts\/43676\/revisions\/43706"}],"wp:featuredmedia":[{"embeddable":true,"href":"https:\/\/radiorevelacionfm.cl\/index.php?rest_route=\/wp\/v2\/media\/43677"}],"wp:attachment":[{"href":"https:\/\/radiorevelacionfm.cl\/index.php?rest_route=%2Fwp%2Fv2%2Fmedia&parent=43676"}],"wp:term":[{"taxonomy":"category","embeddable":true,"href":"https:\/\/radiorevelacionfm.cl\/index.php?rest_route=%2Fwp%2Fv2%2Fcategories&post=43676"},{"taxonomy":"post_tag","embeddable":true,"href":"https:\/\/radiorevelacionfm.cl\/index.php?rest_route=%2Fwp%2Fv2%2Ftags&post=43676"}],"curies":[{"name":"wp","href":"https:\/\/api.w.org\/{rel}","templated":true}]}}