{"id":43673,"date":"2024-07-02T10:49:53","date_gmt":"2024-07-02T13:49:53","guid":{"rendered":"https:\/\/radiorevelacionfm.cl\/?p=43673"},"modified":"2024-07-02T10:50:07","modified_gmt":"2024-07-02T13:50:07","slug":"comunidades-lgbtiqanb-conmemoraron-dia-del-orgullo-en-coyhaique","status":"publish","type":"post","link":"https:\/\/radiorevelacionfm.cl\/?p=43673","title":{"rendered":"Comunidades LGBTIQANB+ conmemoraron D\u00eda del Orgullo en Coyhaique"},"content":{"rendered":"<div class=\"flex_column av_one_full  flex_column_div av-zero-column-padding first  avia-builder-el-0  el_before_av_one_full  avia-builder-el-first  \" style='border-radius:0px; '><div  class='avia-image-container  av-styling-    avia-builder-el-1  avia-builder-el-no-sibling  avia-align-center '  itemprop=\"image\" itemscope=\"itemscope\" itemtype=\"https:\/\/schema.org\/ImageObject\"  ><div class='avia-image-container-inner'><div class='avia-image-overlay-wrap'><img decoding=\"async\" class='wp-image-43674 avia-img-lazy-loading-not-43674 avia_image' src=\"https:\/\/radiorevelacionfm.cl\/wp-content\/uploads\/2024\/07\/grupal-dia-orgullo-1-1.jpg\" alt='' title='grupal d\u00eda orgullo (1) (1)' height=\"600\" width=\"800\"  itemprop=\"thumbnailUrl\" srcset=\"https:\/\/radiorevelacionfm.cl\/wp-content\/uploads\/2024\/07\/grupal-dia-orgullo-1-1.jpg 800w, https:\/\/radiorevelacionfm.cl\/wp-content\/uploads\/2024\/07\/grupal-dia-orgullo-1-1-300x225.jpg 300w, https:\/\/radiorevelacionfm.cl\/wp-content\/uploads\/2024\/07\/grupal-dia-orgullo-1-1-768x576.jpg 768w, https:\/\/radiorevelacionfm.cl\/wp-content\/uploads\/2024\/07\/grupal-dia-orgullo-1-1-705x529.jpg 705w, https:\/\/radiorevelacionfm.cl\/wp-content\/uploads\/2024\/07\/grupal-dia-orgullo-1-1-450x338.jpg 450w, https:\/\/radiorevelacionfm.cl\/wp-content\/uploads\/2024\/07\/grupal-dia-orgullo-1-1-600x450.jpg 600w\" sizes=\"(max-width: 800px) 100vw, 800px\" \/><\/div><\/div><\/div><\/div><div class=\"flex_column av_one_full  flex_column_div av-zero-column-padding first  avia-builder-el-2  el_after_av_one_full  el_before_av_one_full  column-top-margin\" style='border-radius:0px; '><section class=\"av_textblock_section \"  itemscope=\"itemscope\" itemtype=\"https:\/\/schema.org\/BlogPosting\" itemprop=\"blogPost\" ><div class='avia_textblock  '   itemprop=\"text\" ><p style=\"text-align: center;\"><span style=\"font-size: 18pt;\"><strong>Comunidades LGBTIQANB+ conmemoraron D\u00eda del Orgullo en Coyhaique\u00a0 <\/strong><\/span><\/p>\n<div id=\"gtx-trans\" style=\"position: absolute; left: -50px; top: 4.31534px;\">\n<div class=\"gtx-trans-icon\"><\/div>\n<\/div>\n<\/div><\/section><\/div><div class=\"flex_column av_one_full  flex_column_div av-zero-column-padding first  avia-builder-el-4  el_after_av_one_full  el_before_av_hr  column-top-margin\" style='border-radius:0px; '><section class=\"av_textblock_section \"  itemscope=\"itemscope\" itemtype=\"https:\/\/schema.org\/BlogPosting\" itemprop=\"blogPost\" ><div class='avia_textblock  '   itemprop=\"text\" ><p style=\"text-align: justify;\"><em>La actividad, organizada por la Seremi de Salud, permiti\u00f3 reconocer a las organizaciones y personas que se han destacado por su constante apoyo a la difusi\u00f3n de los derechos de las diversidades sexuales en Ays\u00e9n.<\/em><\/p>\n<p style=\"text-align: justify;\"><strong><em>\u00a0<\/em><\/strong>A nivel mundial, cada 28 de junio se conmemora el D\u00eda del Orgullo, fecha que busca recordar y visibilizar las demandas por los derechos de las diversidades sexuales y de g\u00e9nero, ocasi\u00f3n donde a nivel local, se realiz\u00f3 una ceremonia en dependencias del Gobierno Regional de Ays\u00e9n donde la Seremi de Salud, junto a diversas instituciones y autoridades, destacaron el aporte de organizaciones y personas que han trabajado por promover el respeto y derechos de las personas lesbianas, homosexuales (gays), bisexuales, trans, intersex, queers, asexuales, no binarias y de otras identidades que conforman la comunidad LGBTIQANB+.<\/p>\n<p style=\"text-align: justify;\">Durante esta actividad, se reconoci\u00f3 a <strong>Almendra Silva Millalonco<\/strong>, primera persona Trans electa como concejal en la comuna de Cisnes, asimismo, tambi\u00e9n recibieron una distinci\u00f3n por promover los derechos de g\u00e9nero y antidiscriminaci\u00f3n, <strong>Diversa Patagonia<\/strong> (primera ONG diversa de la Regi\u00f3n de Ays\u00e9n); <strong>Colectivo Cantaries<\/strong>; la <strong>Corporaci\u00f3n TRANSformando<\/strong> y <strong>Orgullo Cochrane<\/strong>.<\/p>\n<p style=\"text-align: justify;\">Distinci\u00f3n que para el Presidente de ONG Diversa Patagonia, Israel Cort\u00e9s Ch\u00e1vez, da muestras de la importancia de seguir avanzando en el respeto entre quienes componen la sociedad. \u201cEsto ha sido incre\u00edble. Creo que es super importante trabajar con el intersector, que las instituciones conversen y que puedan hablar de estas tem\u00e1ticas y que se visibilicen porque son derechos humanos que todas las personas tienen de ser libres y de mostrar su identidad\u201d.<\/p>\n<p style=\"text-align: justify;\">En la oportunidad, la Seremi de Salud Ays\u00e9n, Carmen Monsalve G\u00f3mez, reconoci\u00f3 la importancia y labor de las personas y organizaciones reconocidas en esta actividad. \u201cComo Gobierno y como Ministerio de Salud, reafirmamos nuestro compromiso para seguir avanzando en temas de salud p\u00fablica que reconozcan las necesidades y situaciones que hoy enfrentan estas comunidades, con una salud integral donde por ejemplo, hoy apoyamos el programa de identidad de g\u00e9nero que incorpora el componente Crece con Orgullo que involucra diversas miradas en apoyo de las personas y organizaciones LGBTIQANB+\u201d.<\/p>\n<p style=\"text-align: justify;\">Por su parte, la Gobernadora Regional, Andrea Mac\u00edas Palma, tambi\u00e9n destac\u00f3 la importancia de esta conmemoraci\u00f3n.\u00a0 \u201cMuy contenta de recibir aqu\u00ed en el Gobierno Regional de Ays\u00e9n una actividad organizada por la Seremi de Salud, el D\u00eda del Orgullo, actividad que nos invita a reflexionar y comprender que vivimos en diversidad y que, por lo tanto, es necesario poder avanzar en mayores niveles de tolerancia, donde la pol\u00edtica p\u00fablica tambi\u00e9n debe aprender esta realidad que hoy vive con nosotros\u201d.<\/p>\n<p style=\"text-align: justify;\">Finalmente, el Delegado Presidencial Regional, Rodrigo Araya Morales, destac\u00f3 los alcances que se han concretado durante este Gobierno en apoyo a la inclusi\u00f3n. \u201cNosotros estamos muy orgullosos de ser parte de estas actividades, incluso pudimos gestionar hace un tiempo la transferencia de un inmueble a las agrupaciones de Coyhaique para que tengan un lugar f\u00edsico donde reunirse y trabajar con la comunidad para poder relevar su aporte a nuestra sociedad\u201d.<\/p>\n<p>Como pa\u00eds hemos avanzado en legislaciones como La Ley Antidiscriminaci\u00f3n, de Identidad de G\u00e9nero y de Matrimonio Igualitario las que han permitido un progreso en los derechos civiles de la diversidad sexual y de g\u00e9nero.\u202f De esta forma, durante el a\u00f1o 2022 se cre\u00f3 el\u202fD\u00eda Nacional de la Diversidad que se celebra cada 16 de noviembre.<\/p>\n<\/div><\/section><\/div><div  style='height:50px' class='hr hr-invisible   avia-builder-el-6  el_after_av_one_full  el_before_av_social_share '><span class='hr-inner ' ><span class='hr-inner-style'><\/span><\/span><\/div><\/p>\n<div  class='av-social-sharing-box  avia-builder-el-7  el_after_av_hr  el_before_av_hr  '><div class='av-share-box'><h5 class='av-share-link-description av-no-toc '>Compartir esta noticia<\/h5><ul class='av-share-box-list noLightbox'><li class='av-share-link av-social-link-facebook' ><a target=\"_blank\" aria-label=\"Compartir en Facebook\" href='https:\/\/www.facebook.com\/sharer.php?u=https:\/\/radiorevelacionfm.cl\/?p=43673&#038;t=Comunidades%20LGBTIQANB%2B%20conmemoraron%20D%C3%ADa%20del%20Orgullo%20en%20Coyhaique' aria-hidden='false' data-av_icon='\ue8f3' data-av_iconfont='entypo-fontello' title='' data-avia-related-tooltip='Compartir en Facebook' rel=\"noopener\"><span class='avia_hidden_link_text'>Compartir en Facebook<\/span><\/a><\/li><li class='av-share-link av-social-link-twitter' ><a target=\"_blank\" aria-label=\"Compartir en Twitter\" href='https:\/\/twitter.com\/share?text=Comunidades%20LGBTIQANB%2B%20conmemoraron%20D%C3%ADa%20del%20Orgullo%20en%20Coyhaique&#038;url=https:\/\/radiorevelacionfm.cl\/?p=43673' aria-hidden='false' data-av_icon='\ue8f1' data-av_iconfont='entypo-fontello' title='' data-avia-related-tooltip='Compartir en Twitter' rel=\"noopener\"><span class='avia_hidden_link_text'>Compartir en Twitter<\/span><\/a><\/li><li class='av-share-link av-social-link-whatsapp' ><a target=\"_blank\" aria-label=\"Compartir en Whatsapp\" href='https:\/\/api.whatsapp.com\/send?text=https:\/\/radiorevelacionfm.cl\/?p=43673' aria-hidden='false' data-av_icon='\uf232' data-av_iconfont='entypo-fontello' title='' data-avia-related-tooltip='Compartir en Whatsapp' rel=\"noopener\"><span class='avia_hidden_link_text'>Compartir en Whatsapp<\/span><\/a><\/li><li class='av-share-link av-social-link-linkedin' ><a target=\"_blank\" aria-label=\"Compartir en LinkedIn\" href='https:\/\/linkedin.com\/shareArticle?mini=true&#038;title=Comunidades%20LGBTIQANB%2B%20conmemoraron%20D%C3%ADa%20del%20Orgullo%20en%20Coyhaique&#038;url=https:\/\/radiorevelacionfm.cl\/?p=43673' aria-hidden='false' data-av_icon='\ue8fc' data-av_iconfont='entypo-fontello' title='' data-avia-related-tooltip='Compartir en LinkedIn' rel=\"noopener\"><span class='avia_hidden_link_text'>Compartir en LinkedIn<\/span><\/a><\/li><li class='av-share-link av-social-link-mail' ><a  aria-label=\"Compartir por correo\" href='mailto:?subject=Comunidades%20LGBTIQANB%2B%20conmemoraron%20D%C3%ADa%20del%20Orgullo%20en%20Coyhaique&#038;body=https:\/\/radiorevelacionfm.cl\/?p=43673' aria-hidden='false' data-av_icon='\ue805' data-av_iconfont='entypo-fontello' title='' data-avia-related-tooltip='Compartir por correo'><span class='avia_hidden_link_text'>Compartir por correo<\/span><\/a><\/li><\/ul><\/div><\/div>\n<div  style='height:50px' class='hr hr-invisible   avia-builder-el-8  el_after_av_social_share  el_before_av_comments_list '><span class='hr-inner ' ><span class='hr-inner-style'><\/span><\/span><\/div>\n<div  class='av-buildercomment  av-blog-meta-html-info-disabled av-blog-meta-tag-disabled  '><\/div>\n","protected":false},"excerpt":{"rendered":"","protected":false},"author":1,"featured_media":43674,"comment_status":"open","ping_status":"open","sticky":false,"template":"","format":"standard","meta":{"footnotes":""},"categories":[38],"tags":[],"class_list":["post-43673","post","type-post","status-publish","format-standard","has-post-thumbnail","hentry","category-regional"],"jetpack_featured_media_url":"https:\/\/radiorevelacionfm.cl\/wp-content\/uploads\/2024\/07\/grupal-dia-orgullo-1-1.jpg","_links":{"self":[{"href":"https:\/\/radiorevelacionfm.cl\/index.php?rest_route=\/wp\/v2\/posts\/43673","targetHints":{"allow":["GET"]}}],"collection":[{"href":"https:\/\/radiorevelacionfm.cl\/index.php?rest_route=\/wp\/v2\/posts"}],"about":[{"href":"https:\/\/radiorevelacionfm.cl\/index.php?rest_route=\/wp\/v2\/types\/post"}],"author":[{"embeddable":true,"href":"https:\/\/radiorevelacionfm.cl\/index.php?rest_route=\/wp\/v2\/users\/1"}],"replies":[{"embeddable":true,"href":"https:\/\/radiorevelacionfm.cl\/index.php?rest_route=%2Fwp%2Fv2%2Fcomments&post=43673"}],"version-history":[{"count":1,"href":"https:\/\/radiorevelacionfm.cl\/index.php?rest_route=\/wp\/v2\/posts\/43673\/revisions"}],"predecessor-version":[{"id":43675,"href":"https:\/\/radiorevelacionfm.cl\/index.php?rest_route=\/wp\/v2\/posts\/43673\/revisions\/43675"}],"wp:featuredmedia":[{"embeddable":true,"href":"https:\/\/radiorevelacionfm.cl\/index.php?rest_route=\/wp\/v2\/media\/43674"}],"wp:attachment":[{"href":"https:\/\/radiorevelacionfm.cl\/index.php?rest_route=%2Fwp%2Fv2%2Fmedia&parent=43673"}],"wp:term":[{"taxonomy":"category","embeddable":true,"href":"https:\/\/radiorevelacionfm.cl\/index.php?rest_route=%2Fwp%2Fv2%2Fcategories&post=43673"},{"taxonomy":"post_tag","embeddable":true,"href":"https:\/\/radiorevelacionfm.cl\/index.php?rest_route=%2Fwp%2Fv2%2Ftags&post=43673"}],"curies":[{"name":"wp","href":"https:\/\/api.w.org\/{rel}","templated":true}]}}