{"id":43670,"date":"2024-07-01T17:28:43","date_gmt":"2024-07-01T20:28:43","guid":{"rendered":"https:\/\/radiorevelacionfm.cl\/?p=43670"},"modified":"2024-07-01T17:28:43","modified_gmt":"2024-07-01T20:28:43","slug":"a-partir-de-este-1-de-julio-el-sueldo-minimo-sube-a-500-mil","status":"publish","type":"post","link":"https:\/\/radiorevelacionfm.cl\/?p=43670","title":{"rendered":"A partir de este 1 de julio el sueldo m\u00ednimo sube a $500 mil"},"content":{"rendered":"<div class=\"flex_column av_one_full  flex_column_div av-zero-column-padding first  avia-builder-el-0  el_before_av_one_full  avia-builder-el-first  \" style='border-radius:0px; '><div  class='avia-image-container  av-styling-    avia-builder-el-1  avia-builder-el-no-sibling  avia-align-center '  itemprop=\"image\" itemscope=\"itemscope\" itemtype=\"https:\/\/schema.org\/ImageObject\"  ><div class='avia-image-container-inner'><div class='avia-image-overlay-wrap'><img decoding=\"async\" class='wp-image-43671 avia-img-lazy-loading-not-43671 avia_image' src=\"https:\/\/radiorevelacionfm.cl\/wp-content\/uploads\/2024\/07\/SeremisGobYTrabajo-1-1.jpg\" alt='' title='SeremisGobYTrabajo (1) (1)' height=\"600\" width=\"800\"  itemprop=\"thumbnailUrl\" srcset=\"https:\/\/radiorevelacionfm.cl\/wp-content\/uploads\/2024\/07\/SeremisGobYTrabajo-1-1.jpg 800w, https:\/\/radiorevelacionfm.cl\/wp-content\/uploads\/2024\/07\/SeremisGobYTrabajo-1-1-300x225.jpg 300w, https:\/\/radiorevelacionfm.cl\/wp-content\/uploads\/2024\/07\/SeremisGobYTrabajo-1-1-768x576.jpg 768w, https:\/\/radiorevelacionfm.cl\/wp-content\/uploads\/2024\/07\/SeremisGobYTrabajo-1-1-705x529.jpg 705w, https:\/\/radiorevelacionfm.cl\/wp-content\/uploads\/2024\/07\/SeremisGobYTrabajo-1-1-450x338.jpg 450w, https:\/\/radiorevelacionfm.cl\/wp-content\/uploads\/2024\/07\/SeremisGobYTrabajo-1-1-600x450.jpg 600w\" sizes=\"(max-width: 800px) 100vw, 800px\" \/><\/div><\/div><\/div><\/div><div class=\"flex_column av_one_full  flex_column_div av-zero-column-padding first  avia-builder-el-2  el_after_av_one_full  el_before_av_one_full  column-top-margin\" style='border-radius:0px; '><section class=\"av_textblock_section \"  itemscope=\"itemscope\" itemtype=\"https:\/\/schema.org\/BlogPosting\" itemprop=\"blogPost\" ><div class='avia_textblock  '   itemprop=\"text\" ><p style=\"text-align: center;\"><span style=\"font-size: 18pt;\"><b>A partir de este 1 de julio el sueldo m\u00ednimo sube a $500 mil<\/b><\/span><\/p>\n<div id=\"gtx-trans\" style=\"position: absolute; left: -50px; top: 4.31534px;\">\n<div class=\"gtx-trans-icon\"><\/div>\n<\/div>\n<\/div><\/section><\/div><div class=\"flex_column av_one_full  flex_column_div av-zero-column-padding first  avia-builder-el-4  el_after_av_one_full  el_before_av_hr  column-top-margin\" style='border-radius:0px; '><section class=\"av_textblock_section \"  itemscope=\"itemscope\" itemtype=\"https:\/\/schema.org\/BlogPosting\" itemprop=\"blogPost\" ><div class='avia_textblock  '   itemprop=\"text\" ><p style=\"text-align: justify;\"><b>Este lunes 1 de julio inicia vigencia de salario m\u00ednimo de $500 mil, tras hist\u00f3rica alza aprobada por el Congreso en 2023.<\/b><b><\/b><\/p>\n<p style=\"text-align: justify;\">A\u00a0partir de este lunes 1 de julio de 2024 aumentar\u00e1 el sueldo m\u00ednimo a $500.000, alza progresiva del salario que se determin\u00f3 a trav\u00e9s de un acuerdo el a\u00f1o 2023 y que es un alza hist\u00f3rica y un reconocimiento al trabajo y esfuerzo de las y los trabajadores de Chile, seg\u00fan lo se\u00f1alan las autoridades de gobierno, impactando a alrededor de 800.000 trabajadores y trabajadoras a nivel nacional.<\/p>\n<p style=\"text-align: justify;\">En este sentido, la Seremi de Gobierno, Tatiana Pl\u00e1 \u00c1lvarez, destac\u00f3 este logro que apoyar\u00e1 en mejorar la calidad de vida, \u201cTal como lo evidenci\u00f3 el presidente Gabriel Boric, al mencionarlo como logro en su \u00faltima cuenta p\u00fablica, para nuestro gobierno es fundamental que las trabajadoras y trabajadores cuenten con un trabajo decente que les garantice un ingreso justo. Es por este motivo que, desde la regi\u00f3n de Ays\u00e9n, celebramos el aumento del sueldo m\u00ednimo a 500 mil pesos a partir de este lunes 1 de julio, porque, sin duda, mejorar\u00e1 la calidad de vida de muchas y muchos trabajadores de nuestro pa\u00eds, que es una de nuestras premisas como gobierno\u201d.<\/p>\n<p style=\"text-align: justify;\">Por su parte, el Seremi del Trabajo y Previsi\u00f3n Social, Rodrigo D\u00edaz Cordaro, detall\u00f3 que \u201cEste aumento es parte de las 22 iniciativas en las que ha participado el Ministerio de Trabajo y Previsi\u00f3n Social, es un compromiso de Gobierno y cumplimos con ello. Esta es la mayor alza del sueldo m\u00ednimo en los \u00faltimos 29 a\u00f1os, pasando de $169.758\u00a0en 1995 a $500.000 a partir del 1 de julio de 2024. El alza progresiva desde el 2023 ha ido de la mano con apoyo a las MiPymes y es parte de las medidas donde hemos avanzado en derechos laborales, junto a la Ley de 40 Horas que ya rebaj\u00f3 en una hora la jornada laboral, el fortalecimiento de ChileValora, la ampliaci\u00f3n de la Ley Sanna, la Ley de conciliaci\u00f3n de la vida personal, familiar y laboral, la ratificaci\u00f3n del Convenio 176 de la OIT de seguridad y salud en las minas y del convenio 190 contra el acoso y violencia en el mundo laboral, fortalecido con la Ley Karin que entrar\u00e1 en vigencia el 1 de agosto. Seguimos avanzando, sin perder de vista a quienes ya trabajaron toda su vida y merecen tener una jubilaci\u00f3n digna, a trav\u00e9s de la Reforma de Pensiones, en la que hay que llegar a acuerdo por el bien del pa\u00eds\u201d.<\/p>\n<p style=\"text-align: justify;\">Asimismo, el pasar desde los $350 mil vigentes al asumir el Gobierno del Presidente Gabriel Boric a $500 mil, implica un aumento hist\u00f3rico de 43% en t\u00e9rminos nominales (considerando la variaci\u00f3n de la inflaci\u00f3n), mientras que el alza real (descontando la inflaci\u00f3n) llega a cerca de un 20%. Esto \u00faltimo conlleva un avance en el poder adquisitivo.<\/p>\n<p style=\"text-align: justify;\">La ministra del Trabajo y Previsi\u00f3n Social calific\u00f3 el alza a $500 mil como \u201cun importante paso en la dignidad de los trabajadores y trabajadoras de Chile\u201d. Destac\u00f3 tambi\u00e9n que \u201ces un fiel reflejo de que s\u00ed es posible mejorar las condiciones laborales cuando existe di\u00e1logo y voluntad pol\u00edtica para avanzar\u201d.<\/p>\n<p style=\"text-align: justify;\">Record\u00f3 tambi\u00e9n que, antes de que el proyecto de ley fuera aprobado por el Congreso, tuvo como \u201cprecedente un acuerdo alcanzado por el Ejecutivo, a trav\u00e9s de los ministerios del Trabajo y Previsi\u00f3n Social y de Hacienda, con la Central Unitaria de Trabajadores (CUT). Y tambi\u00e9n tuvo otro acuerdo entre el Ministerio de Econom\u00eda y gremios de micro, peque\u00f1as y medianas empresas, para el apoyo a estas mediante un subsidio para asumir el incremento\u201d.<\/p>\n<p style=\"text-align: justify;\">El proyecto de ley respectivo fue ingresado por el Gobierno en abril de 2023 y fue despachado a ley a fines de mayo de ese a\u00f1o por parte del Congreso Nacional.<\/p>\n<p style=\"text-align: justify;\">La secretaria de Estado record\u00f3 que la ley estableci\u00f3 una \u201cgradualidad para acotar el efecto en la econom\u00eda, el empleo y en las MiPymes, que consider\u00f3 un aumento inicial, desde $410 mil a $440 mil, el 1 de mayo de 2023; luego, a $460 mil, el 1 de septiembre de 2023; y, finalmente, a $500 mil, que rige desde este 1 de julio de 2024. Adem\u00e1s, contempla que el 1 de enero de 2025 el salario b\u00e1sico se reajustar\u00e1 de acuerdo con el IPC de los \u00faltimos seis meses\u201d.<\/p>\n<p style=\"text-align: justify;\">El ministro de Hacienda, Mario Marcel resalt\u00f3 que el incremento a $500.000 se concretara de forma anticipada. \u201cEsta era una meta que el programa de Gobierno ten\u00eda contemplado para el final de su per\u00edodo. As\u00ed que poder concretar este aumento, llegando adem\u00e1s a trav\u00e9s de un acuerdo con la CUT, nos pone muy contentos. A trav\u00e9s de ese acuerdo, no solo abarcamos objetivos salariales, sino que tambi\u00e9n distintas necesidades de las familias y de los trabajadores como lo relacionado al impacto en los precios de los alimentos y el incremento de los aportes familiares\u201d.<\/p>\n<p style=\"text-align: justify;\">Con todo, el ministro Marcel record\u00f3 que en el acuerdo alcanzado con la CUT en 2023 se manifest\u00f3 que este a\u00f1o igualmente se realizar\u00eda un di\u00e1logo de otras materias sociales y laborales de inter\u00e9s para los trabajadores y para el gobierno. En esa l\u00ednea, la autoridad remarc\u00f3 el acuerdo alcanzado con la Central Unitaria de Trabajadores (CUT) sobre materias sociales que afectan a trabajadores y trabajadoras, firmado el 28 de mayo pasado.<\/p>\n<p style=\"text-align: justify;\">Este acuerdo recoge 10 puntos relacionados, entre otras cosas, con pol\u00edtica salarial integral, informalidad, di\u00e1logo tripartito, y ayudas focalizadas para las familias. Respecto de esto \u00faltimo, Marcel precis\u00f3 que ello fue materializado en el proyecto de ley que extiende el Bolsillo Familiar Electr\u00f3nico, inyecta recursos al Fondo de Estabilizaci\u00f3n de los Precios del Petr\u00f3leo (FEPP) y reajusta los montos del Subsidio \u00danico Familiar (SUF) y Asignaci\u00f3n Familiar; actualmente en tramitaci\u00f3n en el Senado.<\/p>\n<p style=\"text-align: justify;\">El secretario de Estado record\u00f3 que en esta norma \u201cva a permitir que personas que est\u00e1n recibiendo el SUF, ya sea en raz\u00f3n de desempleo o por desempe\u00f1arse en el sector informal, al momento de obtener un empleo mantengan este beneficio en el valor equivalente en la Asignaci\u00f3n Familiar; es decir, que no tengan una p\u00e9rdida por el hecho de obtener un empleo formal remunerado\u201d.<\/p>\n<p style=\"text-align: justify;\">Respecto a este nuevo acuerdo suscrito en mayo pasado, la ministra Jara sostuvo que \u201cen 2025 se va a volver a negociar el monto del salario m\u00ednimo y esa negociaci\u00f3n no va a ser solamente como ha sido en a\u00f1os anteriores, y\u00a0dir\u00eda que hist\u00f3ricamente en nuestro pa\u00eds, sobre un monto, una cantidad de miles de pesos o sobre un porcentaje, sino que sobre criterios que tengan a la vista el costo de la vida, el nivel de endeudamiento de las familias, las posibilidades de las empresas, las brechas de g\u00e9nero y los niveles de informalidad\u201d.<\/p>\n<p style=\"text-align: justify;\"><b>Subsidio a MiPymes y beneficios<\/b><\/p>\n<p style=\"text-align: justify;\">Adem\u00e1s del alza gradual del salario m\u00ednimo a $500 mil, y gracias a un acuerdo alcanzado por el Ejecutivo, a trav\u00e9s del Ministerio de Econom\u00eda, con varias organizaciones de micro, peque\u00f1as y medianas empresas, la ley aprobada en 2023 dispuso la entrega de un subsidio para el sector, que consiste en un esquema de montos para cada uno de los per\u00edodos de alza del salario m\u00ednimo, el que var\u00eda seg\u00fan tama\u00f1o de empresa. Adem\u00e1s, se cre\u00f3 un mecanismo de protecci\u00f3n que se activa en caso de que las condiciones macroecon\u00f3micas del pa\u00eds empeoren y tiene, por efecto inmediato, aumentar los montos que recibir\u00e1n las empresas de menor tama\u00f1o.<\/p>\n<p style=\"text-align: justify;\">En efecto, entre 2023 y 2024 este beneficio ha alcanzado, a nivel nacional, una cobertura de 150.875 empresas y cooperativas, con 533.795 trabajadores causantes del mismo. En la Regi\u00f3n de Ays\u00e9n, el subsidio ha llegado en el mismo per\u00edodo a 1.196 micro y peque\u00f1as empresas.<\/p>\n<p style=\"text-align: justify;\">Los montos del subsidio vigentes desde julio de este a\u00f1o ser\u00e1n de $36.500 por trabajador para microempresas, de $23.500 para empresas peque\u00f1as y de $12.500 para empresas medianas.<\/p>\n<p style=\"text-align: justify;\">Entre los dem\u00e1s beneficios que abord\u00f3 la ley aprobada en 2023, que regul\u00f3 el alza a $500 mil, est\u00e1n el reajuste del SUF y de la Asignaci\u00f3n Familiar; la extensi\u00f3n del Bolsillo Familiar Electr\u00f3nico desde diciembre de 2023 hasta 2024; y el aumento del tope y la extensi\u00f3n de la vigencia del subsidio mensual para alcanzar un Ingreso M\u00ednimo Garantizado.<\/p>\n<\/div><\/section><\/div><div  style='height:50px' class='hr hr-invisible   avia-builder-el-6  el_after_av_one_full  el_before_av_social_share '><span class='hr-inner ' ><span class='hr-inner-style'><\/span><\/span><\/div><\/p>\n<div  class='av-social-sharing-box  avia-builder-el-7  el_after_av_hr  el_before_av_hr  '><div class='av-share-box'><h5 class='av-share-link-description av-no-toc '>Compartir esta noticia<\/h5><ul class='av-share-box-list noLightbox'><li class='av-share-link av-social-link-facebook' ><a target=\"_blank\" aria-label=\"Compartir en Facebook\" href='https:\/\/www.facebook.com\/sharer.php?u=https:\/\/radiorevelacionfm.cl\/?p=43670&#038;t=A%20partir%20de%20este%201%20de%20julio%20el%20sueldo%20m%C3%ADnimo%20sube%20a%20%24500%20mil' aria-hidden='false' data-av_icon='\ue8f3' data-av_iconfont='entypo-fontello' title='' data-avia-related-tooltip='Compartir en Facebook' rel=\"noopener\"><span class='avia_hidden_link_text'>Compartir en Facebook<\/span><\/a><\/li><li class='av-share-link av-social-link-twitter' ><a target=\"_blank\" aria-label=\"Compartir en Twitter\" href='https:\/\/twitter.com\/share?text=A%20partir%20de%20este%201%20de%20julio%20el%20sueldo%20m%C3%ADnimo%20sube%20a%20%24500%20mil&#038;url=https:\/\/radiorevelacionfm.cl\/?p=43670' aria-hidden='false' data-av_icon='\ue8f1' data-av_iconfont='entypo-fontello' title='' data-avia-related-tooltip='Compartir en Twitter' rel=\"noopener\"><span class='avia_hidden_link_text'>Compartir en Twitter<\/span><\/a><\/li><li class='av-share-link av-social-link-whatsapp' ><a target=\"_blank\" aria-label=\"Compartir en Whatsapp\" href='https:\/\/api.whatsapp.com\/send?text=https:\/\/radiorevelacionfm.cl\/?p=43670' aria-hidden='false' data-av_icon='\uf232' data-av_iconfont='entypo-fontello' title='' data-avia-related-tooltip='Compartir en Whatsapp' rel=\"noopener\"><span class='avia_hidden_link_text'>Compartir en Whatsapp<\/span><\/a><\/li><li class='av-share-link av-social-link-linkedin' ><a target=\"_blank\" aria-label=\"Compartir en LinkedIn\" href='https:\/\/linkedin.com\/shareArticle?mini=true&#038;title=A%20partir%20de%20este%201%20de%20julio%20el%20sueldo%20m%C3%ADnimo%20sube%20a%20%24500%20mil&#038;url=https:\/\/radiorevelacionfm.cl\/?p=43670' aria-hidden='false' data-av_icon='\ue8fc' data-av_iconfont='entypo-fontello' title='' data-avia-related-tooltip='Compartir en LinkedIn' rel=\"noopener\"><span class='avia_hidden_link_text'>Compartir en LinkedIn<\/span><\/a><\/li><li class='av-share-link av-social-link-mail' ><a  aria-label=\"Compartir por correo\" href='mailto:?subject=A%20partir%20de%20este%201%20de%20julio%20el%20sueldo%20m%C3%ADnimo%20sube%20a%20%24500%20mil&#038;body=https:\/\/radiorevelacionfm.cl\/?p=43670' aria-hidden='false' data-av_icon='\ue805' data-av_iconfont='entypo-fontello' title='' data-avia-related-tooltip='Compartir por correo'><span class='avia_hidden_link_text'>Compartir por correo<\/span><\/a><\/li><\/ul><\/div><\/div>\n<div  style='height:50px' class='hr hr-invisible   avia-builder-el-8  el_after_av_social_share  el_before_av_comments_list '><span class='hr-inner ' ><span class='hr-inner-style'><\/span><\/span><\/div>\n<div  class='av-buildercomment  av-blog-meta-html-info-disabled av-blog-meta-tag-disabled  '><\/div>\n","protected":false},"excerpt":{"rendered":"","protected":false},"author":1,"featured_media":43671,"comment_status":"open","ping_status":"open","sticky":false,"template":"","format":"standard","meta":{"footnotes":""},"categories":[37],"tags":[],"class_list":["post-43670","post","type-post","status-publish","format-standard","has-post-thumbnail","hentry","category-economia"],"jetpack_featured_media_url":"https:\/\/radiorevelacionfm.cl\/wp-content\/uploads\/2024\/07\/SeremisGobYTrabajo-1-1.jpg","_links":{"self":[{"href":"https:\/\/radiorevelacionfm.cl\/index.php?rest_route=\/wp\/v2\/posts\/43670","targetHints":{"allow":["GET"]}}],"collection":[{"href":"https:\/\/radiorevelacionfm.cl\/index.php?rest_route=\/wp\/v2\/posts"}],"about":[{"href":"https:\/\/radiorevelacionfm.cl\/index.php?rest_route=\/wp\/v2\/types\/post"}],"author":[{"embeddable":true,"href":"https:\/\/radiorevelacionfm.cl\/index.php?rest_route=\/wp\/v2\/users\/1"}],"replies":[{"embeddable":true,"href":"https:\/\/radiorevelacionfm.cl\/index.php?rest_route=%2Fwp%2Fv2%2Fcomments&post=43670"}],"version-history":[{"count":1,"href":"https:\/\/radiorevelacionfm.cl\/index.php?rest_route=\/wp\/v2\/posts\/43670\/revisions"}],"predecessor-version":[{"id":43672,"href":"https:\/\/radiorevelacionfm.cl\/index.php?rest_route=\/wp\/v2\/posts\/43670\/revisions\/43672"}],"wp:featuredmedia":[{"embeddable":true,"href":"https:\/\/radiorevelacionfm.cl\/index.php?rest_route=\/wp\/v2\/media\/43671"}],"wp:attachment":[{"href":"https:\/\/radiorevelacionfm.cl\/index.php?rest_route=%2Fwp%2Fv2%2Fmedia&parent=43670"}],"wp:term":[{"taxonomy":"category","embeddable":true,"href":"https:\/\/radiorevelacionfm.cl\/index.php?rest_route=%2Fwp%2Fv2%2Fcategories&post=43670"},{"taxonomy":"post_tag","embeddable":true,"href":"https:\/\/radiorevelacionfm.cl\/index.php?rest_route=%2Fwp%2Fv2%2Ftags&post=43670"}],"curies":[{"name":"wp","href":"https:\/\/api.w.org\/{rel}","templated":true}]}}