{"id":43667,"date":"2024-07-02T10:43:40","date_gmt":"2024-07-02T13:43:40","guid":{"rendered":"https:\/\/radiorevelacionfm.cl\/?p=43667"},"modified":"2024-07-02T10:44:02","modified_gmt":"2024-07-02T13:44:02","slug":"con-actores-publico-privados-se-conforma-mesa-regional-de-la-mineria-y-geologia-de-aysen","status":"publish","type":"post","link":"https:\/\/radiorevelacionfm.cl\/?p=43667","title":{"rendered":"Con actores p\u00fablico-privados se conforma Mesa Regional de la Miner\u00eda y Geolog\u00eda de Ays\u00e9n"},"content":{"rendered":"<div class=\"flex_column av_one_full  flex_column_div av-zero-column-padding first  avia-builder-el-0  el_before_av_one_full  avia-builder-el-first  \" style='border-radius:0px; '><div  class='avia-image-container  av-styling-    avia-builder-el-1  avia-builder-el-no-sibling  avia-align-center '  itemprop=\"image\" itemscope=\"itemscope\" itemtype=\"https:\/\/schema.org\/ImageObject\"  ><div class='avia-image-container-inner'><div class='avia-image-overlay-wrap'><img decoding=\"async\" class='wp-image-43668 avia-img-lazy-loading-not-43668 avia_image' src=\"https:\/\/radiorevelacionfm.cl\/wp-content\/uploads\/2024\/07\/Mesa-1-1-1.jpg\" alt='' title='Mesa 1 (1) (1)' height=\"600\" width=\"1067\"  itemprop=\"thumbnailUrl\" srcset=\"https:\/\/radiorevelacionfm.cl\/wp-content\/uploads\/2024\/07\/Mesa-1-1-1.jpg 1067w, https:\/\/radiorevelacionfm.cl\/wp-content\/uploads\/2024\/07\/Mesa-1-1-1-300x169.jpg 300w, https:\/\/radiorevelacionfm.cl\/wp-content\/uploads\/2024\/07\/Mesa-1-1-1-1030x579.jpg 1030w, https:\/\/radiorevelacionfm.cl\/wp-content\/uploads\/2024\/07\/Mesa-1-1-1-768x432.jpg 768w, https:\/\/radiorevelacionfm.cl\/wp-content\/uploads\/2024\/07\/Mesa-1-1-1-705x396.jpg 705w, https:\/\/radiorevelacionfm.cl\/wp-content\/uploads\/2024\/07\/Mesa-1-1-1-450x253.jpg 450w, https:\/\/radiorevelacionfm.cl\/wp-content\/uploads\/2024\/07\/Mesa-1-1-1-600x337.jpg 600w\" sizes=\"(max-width: 1067px) 100vw, 1067px\" \/><\/div><\/div><\/div><\/div><div class=\"flex_column av_one_full  flex_column_div av-zero-column-padding first  avia-builder-el-2  el_after_av_one_full  el_before_av_one_full  column-top-margin\" style='border-radius:0px; '><section class=\"av_textblock_section \"  itemscope=\"itemscope\" itemtype=\"https:\/\/schema.org\/BlogPosting\" itemprop=\"blogPost\" ><div class='avia_textblock  '   itemprop=\"text\" ><p style=\"text-align: center;\"><span style=\"font-size: 18pt;\"><strong>Con actores p\u00fablico-privados se conforma Mesa Regional de la Miner\u00eda y Geolog\u00eda de Ays\u00e9n<\/strong><\/span><\/p>\n<div id=\"gtx-trans\" style=\"position: absolute; left: -50px; top: 4.31534px;\">\n<div class=\"gtx-trans-icon\"><\/div>\n<\/div>\n<\/div><\/section><\/div><div class=\"flex_column av_one_full  flex_column_div av-zero-column-padding first  avia-builder-el-4  el_after_av_one_full  el_before_av_hr  column-top-margin\" style='border-radius:0px; '><section class=\"av_textblock_section \"  itemscope=\"itemscope\" itemtype=\"https:\/\/schema.org\/BlogPosting\" itemprop=\"blogPost\" ><div class='avia_textblock  '   itemprop=\"text\" ><p dir=\"ltr\" style=\"text-align: justify;\"><em>Liderada por el Seremi de Miner\u00eda, a la actividad asistieron representantes de Gobierno, la academia, empresas mineras con presencia en la regi\u00f3n y de la peque\u00f1a miner\u00eda artesanal.<\/em><\/p>\n<p dir=\"ltr\" style=\"text-align: justify;\">En las dependencias de la sede Coyhaique del CFT Estatal de Ays\u00e9n se concret\u00f3 el pasado viernes la conformaci\u00f3n de la primera Mesa Regional de la Miner\u00eda y Geolog\u00eda de Ays\u00e9n, instancia\u00a0 liderada por el Secretario Regional Ministerial de Miner\u00eda, Juan V\u00e1squez Alarc\u00f3n, que tiene como objetivo principal coordinar esfuerzos entre el sector p\u00fablico y privado para trabajar de manera conjunta en el desarrollo y fortalecimiento sostenible de la miner\u00eda y geolog\u00eda en la regi\u00f3n. A su vez, en esta mesa se busca abordar los desaf\u00edos, brechas y oportunidades del sector, promoviendo la colaboraci\u00f3n entre las diversas entidades involucradas para fomentar el\u00a0 crecimiento econ\u00f3mico regional.<\/p>\n<p dir=\"ltr\" style=\"text-align: justify;\">En la oportunidad, expusieron sus proyectos a los asistentes los representantes de las empresas mineras con presencia en la regi\u00f3n Sociedad Minera Pacifico, con presencia en Alto Ma\u00f1ihuales, Mitre Minning Corporation, instalada en Chile Chico y Newmont Chile de Lago Verde.<\/p>\n<p dir=\"ltr\" style=\"text-align: justify;\">Al respecto, el Seremi de Miner\u00eda,Juan V\u00e1squez Alarc\u00f3n enfatiz\u00f3 en la importancia y objetivos de esta instancia de di\u00e1logo p\u00fablico-privado para la regi\u00f3n. \u201cEsta mesa es in\u00e9dita a nivel regional, es un esfuerzo que tenemos que hacer como Gobierno de dar un paso adelante y mostrar se\u00f1ales de coordinaci\u00f3n para esta relaci\u00f3n p\u00fablico-privada que son necesarias para desarrollar mejor productividad. Hoy d\u00eda como invitados principales se encuentran los representantes de la miner\u00eda de baja escala y esta Miner\u00eda tiene que ser sostenible, amigable, con buenas relaciones con la comunidad y con la incorporaci\u00f3n de tecnolog\u00edas, pero adem\u00e1s con un conjunto de actores que van desde las empresas mineras de la regi\u00f3n, la peque\u00f1a miner\u00eda artesanal, el Gobierno Regional, la academia con la Universidad de Ays\u00e9n y los due\u00f1os de casa, el Centro de Formaci\u00f3n T\u00e9cnica Estatal de Ays\u00e9n, que tuvieron la amabilidad de prestarnos sus dependencias\u201d, expres\u00f3.<\/p>\n<p dir=\"ltr\" style=\"text-align: justify;\">A su vez, la autoridad regional agreg\u00f3 que \u201clo que nosotros queremos desarrollar es ordenar las conversaciones de la miner\u00eda que nos permitan tener una una ruta clara, desde disminuir las brechas en capacitaci\u00f3n, en proveedores y tambi\u00e9n una proyecci\u00f3n a lo que viene a largo plazo. Nosotros tambi\u00e9n formamos parte del Gabinete de Crecimiento y Empleo y lo que necesitamos ac\u00e1 es ordenar la casa, como se dice, y estamos dando este primer paso de coordinaci\u00f3n\u201d, puntualiz\u00f3 Juan V\u00e1squez.<\/p>\n<p dir=\"ltr\" style=\"text-align: justify;\">En el mismo tenor, el Delegado Presidencial Provincial de General Carrera, Crist\u00f3bal Barcel\u00f3, se\u00f1al\u00f3 que \u201cdesde la Provincia es muy importante, ya que somos una Provincia que tiene una historia minera en formaci\u00f3n y tradici\u00f3n y adem\u00e1s de eso, hay una generaci\u00f3n de este nuevo proyecto del Geoparque que tambi\u00e9n es muy importante, porque es poner en valor y resaltar el patrimonio que tenemos. Tambi\u00e9n por supuesto, va asociado a esta miner\u00eda sostenible a este trabajo que permita el desarrollo econ\u00f3mico es muy importante, y lo hemos conversado con el Delegado Presidencial Regional, quien tambi\u00e9n lo ha manifestado de c\u00f3mo poder desarrollar y potenciar el desarrollo econ\u00f3mico ac\u00e1 en la regi\u00f3n y que tiene que ver con fortalecer el trabajo, esta alianza p\u00fablico-privada y la academia es clave para poder generar mayor trabajo, mayor desarrollo y mayor econom\u00eda en nuestra regi\u00f3n\u201d.<\/p>\n<p dir=\"ltr\" style=\"text-align: justify;\">Por su parte, \u00c1lvaro Fuentes, gerente general de Mitre Minning de Chile Chico en la oportunidad inform\u00f3 sobre el proyecto que como empresa est\u00e1n impulsando en la comuna. \u201cLo que nosotros estamos haciendo es que iniciamos la etapa de prospecci\u00f3n y sondaje, estamos reci\u00e9n entrando a estudiar lo que hay en el proyecto que compramos; nuestra intenci\u00f3n es desarrollar este proyecto a lo largo de los pr\u00f3ximos treinta meses para poder echar andar de nuevo lo que era la minera Cerro Bayo. Nuestra proyecci\u00f3n es tratar de desarrollar y trabajar en conjunto con las autoridades regionales, con la comunidad local, con las autoridades locales tambi\u00e9n y desarrollar este proyecto de manera que tenga una vida \u00fatil aproximadamente de diez a\u00f1os, si logramos nuestro prop\u00f3sito, esta vida \u00fatil se podr\u00eda extender\u201d, manifest\u00f3.<\/p>\n<p dir=\"ltr\" style=\"text-align: justify;\">\u00c1lvaro Fuentes tambi\u00e9n valor\u00f3 esta instancia de di\u00e1logo p\u00fablico-privado en la regi\u00f3n y se refiri\u00f3 a las proyecciones de su proyecto minero. \u201cEstamos s\u00faper contentos con la regi\u00f3n y con el recibimiento que hemos tenido de las autoridades regionales, locales y tambi\u00e9n de la comunidad. Hemos recibido harto apoyo de la comunidad con nuestro proyecto. Nuestra expectativa aproximadamente es poder llegar a contratar en los pr\u00f3ximos treinta meses a 800 personas, directa e indirectamente, ese nuestro aporte hacia el desarrollo de la comuna y de la regi\u00f3n. Hoy d\u00eda estamos partiendo lento porque todav\u00eda tenemos que levantar el proyecto y tenemos 50 personas contratadas hasta el momento, en los pr\u00f3ximos 12 meses deber\u00edamos llegar unas 100 personas y de ah\u00ed deber\u00edamos de a poco ir creciendo para llegar una etapa antes de partir la operaci\u00f3n que va a ser en junio de 2026\u201d especific\u00f3.<\/p>\n<p dir=\"ltr\" style=\"text-align: justify;\">Finalmente, cabe destacar que\u00a0 en la oportunidad reafirmaron su\u00a0 compromiso y participaci\u00f3n en la mesa actores p\u00fablicos y privados como el Delegado Presidencial Provincial General Carrera, Crist\u00f3bal Barcel\u00f3, los Seremis de Econom\u00eda, Agricultura, Energ\u00eda, Medio Ambiente, Gobierno y Obras P\u00fablicas, adem\u00e1s de los directores regionales de Sernageomin, CORFO, Senapred, el Gerente General EMPORCHA, la C\u00e1mara Chilena de la Construcci\u00f3n, Edelaysen, el Gobierno Regional y representando a la peque\u00f1a miner\u00eda artesanal de la regi\u00f3n, los dirigentes de la Asociaci\u00f3n Gremial Miner\u00eda Artesanal del Lago P\u00f3llux, beneficiarios del programa FNDR de Rocas Ornamentales.<\/p>\n<\/div><\/section><\/div><div  style='height:50px' class='hr hr-invisible   avia-builder-el-6  el_after_av_one_full  el_before_av_social_share '><span class='hr-inner ' ><span class='hr-inner-style'><\/span><\/span><\/div><\/p>\n<div  class='av-social-sharing-box  avia-builder-el-7  el_after_av_hr  el_before_av_hr  '><div class='av-share-box'><h5 class='av-share-link-description av-no-toc '>Compartir esta noticia<\/h5><ul class='av-share-box-list noLightbox'><li class='av-share-link av-social-link-facebook' ><a target=\"_blank\" aria-label=\"Compartir en Facebook\" href='https:\/\/www.facebook.com\/sharer.php?u=https:\/\/radiorevelacionfm.cl\/?p=43667&#038;t=Con%20actores%20p%C3%BAblico-privados%20se%20conforma%20Mesa%20Regional%20de%20la%20Miner%C3%ADa%20y%20Geolog%C3%ADa%20de%20Ays%C3%A9n' aria-hidden='false' data-av_icon='\ue8f3' data-av_iconfont='entypo-fontello' title='' data-avia-related-tooltip='Compartir en Facebook' rel=\"noopener\"><span class='avia_hidden_link_text'>Compartir en Facebook<\/span><\/a><\/li><li class='av-share-link av-social-link-twitter' ><a target=\"_blank\" aria-label=\"Compartir en Twitter\" href='https:\/\/twitter.com\/share?text=Con%20actores%20p%C3%BAblico-privados%20se%20conforma%20Mesa%20Regional%20de%20la%20Miner%C3%ADa%20y%20Geolog%C3%ADa%20de%20Ays%C3%A9n&#038;url=https:\/\/radiorevelacionfm.cl\/?p=43667' aria-hidden='false' data-av_icon='\ue8f1' data-av_iconfont='entypo-fontello' title='' data-avia-related-tooltip='Compartir en Twitter' rel=\"noopener\"><span class='avia_hidden_link_text'>Compartir en Twitter<\/span><\/a><\/li><li class='av-share-link av-social-link-whatsapp' ><a target=\"_blank\" aria-label=\"Compartir en Whatsapp\" href='https:\/\/api.whatsapp.com\/send?text=https:\/\/radiorevelacionfm.cl\/?p=43667' aria-hidden='false' data-av_icon='\uf232' data-av_iconfont='entypo-fontello' title='' data-avia-related-tooltip='Compartir en Whatsapp' rel=\"noopener\"><span class='avia_hidden_link_text'>Compartir en Whatsapp<\/span><\/a><\/li><li class='av-share-link av-social-link-linkedin' ><a target=\"_blank\" aria-label=\"Compartir en LinkedIn\" href='https:\/\/linkedin.com\/shareArticle?mini=true&#038;title=Con%20actores%20p%C3%BAblico-privados%20se%20conforma%20Mesa%20Regional%20de%20la%20Miner%C3%ADa%20y%20Geolog%C3%ADa%20de%20Ays%C3%A9n&#038;url=https:\/\/radiorevelacionfm.cl\/?p=43667' aria-hidden='false' data-av_icon='\ue8fc' data-av_iconfont='entypo-fontello' title='' data-avia-related-tooltip='Compartir en LinkedIn' rel=\"noopener\"><span class='avia_hidden_link_text'>Compartir en LinkedIn<\/span><\/a><\/li><li class='av-share-link av-social-link-mail' ><a  aria-label=\"Compartir por correo\" href='mailto:?subject=Con%20actores%20p%C3%BAblico-privados%20se%20conforma%20Mesa%20Regional%20de%20la%20Miner%C3%ADa%20y%20Geolog%C3%ADa%20de%20Ays%C3%A9n&#038;body=https:\/\/radiorevelacionfm.cl\/?p=43667' aria-hidden='false' data-av_icon='\ue805' data-av_iconfont='entypo-fontello' title='' data-avia-related-tooltip='Compartir por correo'><span class='avia_hidden_link_text'>Compartir por correo<\/span><\/a><\/li><\/ul><\/div><\/div>\n<div  style='height:50px' class='hr hr-invisible   avia-builder-el-8  el_after_av_social_share  el_before_av_comments_list '><span class='hr-inner ' ><span class='hr-inner-style'><\/span><\/span><\/div>\n<div  class='av-buildercomment  av-blog-meta-html-info-disabled av-blog-meta-tag-disabled  '><\/div>\n","protected":false},"excerpt":{"rendered":"","protected":false},"author":1,"featured_media":43668,"comment_status":"closed","ping_status":"closed","sticky":false,"template":"","format":"standard","meta":{"footnotes":""},"categories":[38],"tags":[],"class_list":["post-43667","post","type-post","status-publish","format-standard","has-post-thumbnail","hentry","category-regional"],"jetpack_featured_media_url":"https:\/\/radiorevelacionfm.cl\/wp-content\/uploads\/2024\/07\/Mesa-1-1-1.jpg","_links":{"self":[{"href":"https:\/\/radiorevelacionfm.cl\/index.php?rest_route=\/wp\/v2\/posts\/43667","targetHints":{"allow":["GET"]}}],"collection":[{"href":"https:\/\/radiorevelacionfm.cl\/index.php?rest_route=\/wp\/v2\/posts"}],"about":[{"href":"https:\/\/radiorevelacionfm.cl\/index.php?rest_route=\/wp\/v2\/types\/post"}],"author":[{"embeddable":true,"href":"https:\/\/radiorevelacionfm.cl\/index.php?rest_route=\/wp\/v2\/users\/1"}],"replies":[{"embeddable":true,"href":"https:\/\/radiorevelacionfm.cl\/index.php?rest_route=%2Fwp%2Fv2%2Fcomments&post=43667"}],"version-history":[{"count":1,"href":"https:\/\/radiorevelacionfm.cl\/index.php?rest_route=\/wp\/v2\/posts\/43667\/revisions"}],"predecessor-version":[{"id":43669,"href":"https:\/\/radiorevelacionfm.cl\/index.php?rest_route=\/wp\/v2\/posts\/43667\/revisions\/43669"}],"wp:featuredmedia":[{"embeddable":true,"href":"https:\/\/radiorevelacionfm.cl\/index.php?rest_route=\/wp\/v2\/media\/43668"}],"wp:attachment":[{"href":"https:\/\/radiorevelacionfm.cl\/index.php?rest_route=%2Fwp%2Fv2%2Fmedia&parent=43667"}],"wp:term":[{"taxonomy":"category","embeddable":true,"href":"https:\/\/radiorevelacionfm.cl\/index.php?rest_route=%2Fwp%2Fv2%2Fcategories&post=43667"},{"taxonomy":"post_tag","embeddable":true,"href":"https:\/\/radiorevelacionfm.cl\/index.php?rest_route=%2Fwp%2Fv2%2Ftags&post=43667"}],"curies":[{"name":"wp","href":"https:\/\/api.w.org\/{rel}","templated":true}]}}