{"id":43664,"date":"2024-07-01T21:28:03","date_gmt":"2024-07-02T00:28:03","guid":{"rendered":"https:\/\/radiorevelacionfm.cl\/?p=43664"},"modified":"2024-07-01T21:28:03","modified_gmt":"2024-07-02T00:28:03","slug":"aysen-la-region-olvidada-crecimiento-negativo-y-tarifas-energeticas-insostenibles","status":"publish","type":"post","link":"https:\/\/radiorevelacionfm.cl\/?p=43664","title":{"rendered":"\u00abAys\u00e9n, la regi\u00f3n olvidada: crecimiento negativo y tarifas energ\u00e9ticas insostenibles\u201d"},"content":{"rendered":"<div class=\"flex_column av_one_full  flex_column_div av-zero-column-padding first  avia-builder-el-0  el_before_av_one_full  avia-builder-el-first  \" style='border-radius:0px; '><div  class='avia-image-container  av-styling-    avia-builder-el-1  avia-builder-el-no-sibling  avia-align-center '  itemprop=\"image\" itemscope=\"itemscope\" itemtype=\"https:\/\/schema.org\/ImageObject\"  ><div class='avia-image-container-inner'><div class='avia-image-overlay-wrap'><img decoding=\"async\" class='wp-image-43665 avia-img-lazy-loading-not-43665 avia_image' src=\"https:\/\/radiorevelacionfm.cl\/wp-content\/uploads\/2024\/07\/DJI_0076-1-1.jpg\" alt='' title='DJI_0076 (1) (1)' height=\"600\" width=\"911\"  itemprop=\"thumbnailUrl\" srcset=\"https:\/\/radiorevelacionfm.cl\/wp-content\/uploads\/2024\/07\/DJI_0076-1-1.jpg 911w, https:\/\/radiorevelacionfm.cl\/wp-content\/uploads\/2024\/07\/DJI_0076-1-1-300x198.jpg 300w, https:\/\/radiorevelacionfm.cl\/wp-content\/uploads\/2024\/07\/DJI_0076-1-1-768x506.jpg 768w, https:\/\/radiorevelacionfm.cl\/wp-content\/uploads\/2024\/07\/DJI_0076-1-1-705x464.jpg 705w, https:\/\/radiorevelacionfm.cl\/wp-content\/uploads\/2024\/07\/DJI_0076-1-1-450x296.jpg 450w, https:\/\/radiorevelacionfm.cl\/wp-content\/uploads\/2024\/07\/DJI_0076-1-1-600x395.jpg 600w\" sizes=\"(max-width: 911px) 100vw, 911px\" \/><\/div><\/div><\/div><\/div><div class=\"flex_column av_one_full  flex_column_div av-zero-column-padding first  avia-builder-el-2  el_after_av_one_full  el_before_av_one_full  column-top-margin\" style='border-radius:0px; '><section class=\"av_textblock_section \"  itemscope=\"itemscope\" itemtype=\"https:\/\/schema.org\/BlogPosting\" itemprop=\"blogPost\" ><div class='avia_textblock  '   itemprop=\"text\" ><p style=\"text-align: center;\"><span style=\"font-size: 18pt;\"><strong>\u00ab<\/strong><strong>Ays\u00e9n, la regi\u00f3n olvidada: crecimiento negativo y tarifas energ\u00e9ticas insostenibles\u201d<\/strong><\/span><\/p>\n<div id=\"gtx-trans\" style=\"position: absolute; left: -50px; top: 4.31534px;\">\n<div class=\"gtx-trans-icon\"><\/div>\n<\/div>\n<\/div><\/section><\/div><div class=\"flex_column av_one_full  flex_column_div av-zero-column-padding first  avia-builder-el-4  el_after_av_one_full  el_before_av_hr  column-top-margin\" style='border-radius:0px; '><section class=\"av_textblock_section \"  itemscope=\"itemscope\" itemtype=\"https:\/\/schema.org\/BlogPosting\" itemprop=\"blogPost\" ><div class='avia_textblock  '   itemprop=\"text\" ><p style=\"text-align: justify;\">\u00a0<em>L\u00edderes locales apuntan a la mala gesti\u00f3n pol\u00edtica y la falta de inversi\u00f3n como causas principales de la debacle econ\u00f3mica en Ays\u00e9n. Las cr\u00edticas a la gobernadora Andrea Mac\u00edas no se hacen esperar.<\/em><\/p>\n<p style=\"text-align: justify;\"><strong>Un Panorama Desalentador para la Regi\u00f3n Austral<\/strong><\/p>\n<p style=\"text-align: justify;\">La regi\u00f3n de Ays\u00e9n, hist\u00f3ricamente reconocida por su potencial en recursos naturales y su belleza pr\u00edstina, enfrenta una crisis econ\u00f3mica y energ\u00e9tica sin precedentes. El reciente informe del Banco Central revela una disminuci\u00f3n alarmante del 9.7% en el PIB regional durante el primer trimestre de 2024, situando a Ays\u00e9n como la \u00fanica regi\u00f3n de Chile con un crecimiento negativo. Adem\u00e1s, el inminente aumento del 30% en las tarifas de energ\u00eda el\u00e9ctrica agrava a\u00fan m\u00e1s la situaci\u00f3n, impactando tanto a los hogares como a la industria local.<\/p>\n<p style=\"text-align: justify;\">Ays\u00e9n ha sido tradicionalmente dependiente de industrias como la acuicultura, la ganader\u00eda y el turismo, sectores que ahora enfrentan desaf\u00edos sin precedentes. La desconexi\u00f3n de la regi\u00f3n con el resto del pa\u00eds, tanto en t\u00e9rminos de infraestructura como de inversi\u00f3n, ha dejado a muchos empresarios y residentes en una situaci\u00f3n precaria. La falta de pol\u00edticas p\u00fablicas efectivas para incentivar el desarrollo econ\u00f3mico y la dependencia en fuentes de energ\u00eda costosas y contaminantes, como el di\u00e9sel, han exacerbado la situaci\u00f3n. En este contexto, la combinaci\u00f3n de una econom\u00eda en declive y costos energ\u00e9ticos en aumento presenta un escenario cr\u00edtico que requiere atenci\u00f3n urgente.<\/p>\n<p style=\"text-align: justify;\"><strong>Voces de Alarma desde el Sector Productivo<\/strong><\/p>\n<p style=\"text-align: justify;\">Hern\u00e1n Rebolledo, presidente de la Corporaci\u00f3n Desarrollo Productivo Litoral Ays\u00e9n (CORPAYSEN), expres\u00f3 su profunda preocupaci\u00f3n por las cifras econ\u00f3micas recientes. \u201cEs absolutamente preocupante que el estado econ\u00f3mico y de inversi\u00f3n de la regi\u00f3n se ha mantenido estancado, sin proyecciones de inversi\u00f3n. Este decrecimiento es un llamado de atenci\u00f3n a las autoridades y las fuerzas sociales para trabajar de manera proactiva. La situaci\u00f3n se agrava con las alzas tarifarias, que afectar\u00e1n gravemente tanto a nivel domiciliario como industrial. Si no proyectamos un crecimiento en los sectores productivos, enfrentaremos un colapso econ\u00f3mico local.\u201d<\/p>\n<p style=\"text-align: justify;\"><strong>Cr\u00edticas al Liderazgo Regional<\/strong><\/p>\n<p style=\"text-align: justify;\">Misael Ruiz, presidente del gremio de prestadores de servicios acu\u00edcolas (AGRUPAYSEN), atribuy\u00f3 el estancamiento econ\u00f3mico a las malas decisiones pol\u00edticas y un liderazgo regional deficiente. \u201cFuimos la regi\u00f3n con menor crecimiento debido a decisiones pol\u00edticas err\u00f3neas. La gobernadora Andrea Mac\u00edas ha sido un obst\u00e1culo para el desarrollo. La falta de di\u00e1logo con los productores y prestadores de servicios es evidente. Adem\u00e1s, enfrentamos el problema de las tarifas de energ\u00eda m\u00e1s caras del pa\u00eds, con un incremento adicional del 30%. \u00bfC\u00f3mo pagar\u00e1n los adultos mayores de Ays\u00e9n estas alzas? Necesitamos unidad y acci\u00f3n conjunta con las autoridades para superar esta crisis.\u201d<\/p>\n<p style=\"text-align: justify;\"><strong><em>\u00a0<\/em><\/strong><\/p>\n<p style=\"text-align: justify;\"><strong>Negligencia Gubernamental y Desaf\u00edos Estructurales<\/strong><\/p>\n<p style=\"text-align: justify;\">La diputada Marcia Raphael destac\u00f3 la negligencia tanto del gobierno regional como del central en la situaci\u00f3n de Ays\u00e9n. \u201cHay una clara negligencia del Gobierno Regional y un abandono del gobierno central respecto a la regi\u00f3n de Ays\u00e9n. No es posible la baja ejecuci\u00f3n presupuestaria y el incumplimiento\u00a0 de compromiso en materias de obras p\u00fablicas y vivienda.<\/p>\n<p style=\"text-align: justify;\">Si a esto le sumamos la falta de competitividad para la inversi\u00f3n privada, que es complejo superar con el aumento en los costos de energ\u00eda que enfrentaremos, con falta de conectividad vial, con la incertidumbre de la Ley de Pesca, la Ley Lafkenche, el significativo aumento de las contribuciones de predios\u00a0 agr\u00edcolas, la excesiva burocracia en la tramitaci\u00f3n ambiental, entre otras materias; Ays\u00e9n continuar\u00e1 en el estancamiento econ\u00f3mico a pesar de la abundancia de recursos para generar desarrollo.<\/p>\n<p style=\"text-align: justify;\">Por lo mismo, es urgente la unidad y liderazgo en el sector privado para la necesaria contraparte que debe tener el Estado en Ays\u00e9n.\u201d<\/p>\n<p style=\"text-align: justify;\"><em>\u00a0<\/em><\/p>\n<p style=\"text-align: justify;\"><strong>Llamado a la Acci\u00f3n y Planificaci\u00f3n Estrat\u00e9gica<\/strong><\/p>\n<p style=\"text-align: justify;\">Tom\u00e1s Monge, director territorial de SalmonChile AG, subray\u00f3 la necesidad de estrategias regionales a largo plazo y condiciones favorables para la instalaci\u00f3n de industrias. \u201cAnte el rezago hist\u00f3rico que ha tenido la regi\u00f3n de Ays\u00e9n, lo que se requiere son planes y estrategias regionales de largo plazo y condiciones habilitantes para la instalaci\u00f3n de industrias que traccionen y generen desarrollo de servicios locales como la salmonicultura.<\/p>\n<p style=\"text-align: justify;\">Es urgente y necesario que autoridades y el mundo pol\u00edtico generen las condiciones para el desarrollo de inversiones a trav\u00e9s de\u00a0 normativas y reglamentos que brinden certeza y claridad y no paralicen a quienes quieran invertir en Ays\u00e9n.<\/p>\n<p style=\"text-align: justify;\">En el corto plazo vemos desaf\u00edos relevantes para la industria en la regi\u00f3n como la nueva ley de acuicultura, planes de manejo en reservas entre otros, donde es fundamental que se escuche la voz de las regiones y de todo el ecosistema del mundo productivo y social de la regi\u00f3n.\u201d<\/p>\n<p style=\"text-align: justify;\"><strong>Conclusi\u00f3n<\/strong><\/p>\n<p style=\"text-align: justify;\">La situaci\u00f3n en Ays\u00e9n es un reflejo de la complejidad y la interconexi\u00f3n entre la econom\u00eda y la energ\u00eda. La regi\u00f3n enfrenta una encrucijada que requiere decisiones audaces y colaborativas para evitar un colapso econ\u00f3mico y social. Los l\u00edderes locales han alzado sus voces, pidiendo unidad y acci\u00f3n inmediata para superar estos desaf\u00edos y garantizar un futuro pr\u00f3spero para Ays\u00e9n.<\/p>\n<\/div><\/section><\/div><div  style='height:50px' class='hr hr-invisible   avia-builder-el-6  el_after_av_one_full  el_before_av_social_share '><span class='hr-inner ' ><span class='hr-inner-style'><\/span><\/span><\/div><\/p>\n<div  class='av-social-sharing-box  avia-builder-el-7  el_after_av_hr  el_before_av_hr  '><div class='av-share-box'><h5 class='av-share-link-description av-no-toc '>Compartir esta noticia<\/h5><ul class='av-share-box-list noLightbox'><li class='av-share-link av-social-link-facebook' ><a target=\"_blank\" aria-label=\"Compartir en Facebook\" href='https:\/\/www.facebook.com\/sharer.php?u=https:\/\/radiorevelacionfm.cl\/?p=43664&#038;t=%C2%ABAys%C3%A9n%2C%20la%20regi%C3%B3n%20olvidada%3A%20crecimiento%20negativo%20y%20tarifas%20energ%C3%A9ticas%20insostenibles%E2%80%9D' aria-hidden='false' data-av_icon='\ue8f3' data-av_iconfont='entypo-fontello' title='' data-avia-related-tooltip='Compartir en Facebook' rel=\"noopener\"><span class='avia_hidden_link_text'>Compartir en Facebook<\/span><\/a><\/li><li class='av-share-link av-social-link-twitter' ><a target=\"_blank\" aria-label=\"Compartir en Twitter\" href='https:\/\/twitter.com\/share?text=%C2%ABAys%C3%A9n%2C%20la%20regi%C3%B3n%20olvidada%3A%20crecimiento%20negativo%20y%20tarifas%20energ%C3%A9ticas%20insostenibles%E2%80%9D&#038;url=https:\/\/radiorevelacionfm.cl\/?p=43664' aria-hidden='false' data-av_icon='\ue8f1' data-av_iconfont='entypo-fontello' title='' data-avia-related-tooltip='Compartir en Twitter' rel=\"noopener\"><span class='avia_hidden_link_text'>Compartir en Twitter<\/span><\/a><\/li><li class='av-share-link av-social-link-whatsapp' ><a target=\"_blank\" aria-label=\"Compartir en Whatsapp\" href='https:\/\/api.whatsapp.com\/send?text=https:\/\/radiorevelacionfm.cl\/?p=43664' aria-hidden='false' data-av_icon='\uf232' data-av_iconfont='entypo-fontello' title='' data-avia-related-tooltip='Compartir en Whatsapp' rel=\"noopener\"><span class='avia_hidden_link_text'>Compartir en Whatsapp<\/span><\/a><\/li><li class='av-share-link av-social-link-linkedin' ><a target=\"_blank\" aria-label=\"Compartir en LinkedIn\" href='https:\/\/linkedin.com\/shareArticle?mini=true&#038;title=%C2%ABAys%C3%A9n%2C%20la%20regi%C3%B3n%20olvidada%3A%20crecimiento%20negativo%20y%20tarifas%20energ%C3%A9ticas%20insostenibles%E2%80%9D&#038;url=https:\/\/radiorevelacionfm.cl\/?p=43664' aria-hidden='false' data-av_icon='\ue8fc' data-av_iconfont='entypo-fontello' title='' data-avia-related-tooltip='Compartir en LinkedIn' rel=\"noopener\"><span class='avia_hidden_link_text'>Compartir en LinkedIn<\/span><\/a><\/li><li class='av-share-link av-social-link-mail' ><a  aria-label=\"Compartir por correo\" href='mailto:?subject=%C2%ABAys%C3%A9n%2C%20la%20regi%C3%B3n%20olvidada%3A%20crecimiento%20negativo%20y%20tarifas%20energ%C3%A9ticas%20insostenibles%E2%80%9D&#038;body=https:\/\/radiorevelacionfm.cl\/?p=43664' aria-hidden='false' data-av_icon='\ue805' data-av_iconfont='entypo-fontello' title='' data-avia-related-tooltip='Compartir por correo'><span class='avia_hidden_link_text'>Compartir por correo<\/span><\/a><\/li><\/ul><\/div><\/div>\n<div  style='height:50px' class='hr hr-invisible   avia-builder-el-8  el_after_av_social_share  el_before_av_comments_list '><span class='hr-inner ' ><span class='hr-inner-style'><\/span><\/span><\/div>\n<div  class='av-buildercomment  av-blog-meta-html-info-disabled av-blog-meta-tag-disabled  '><\/div>\n","protected":false},"excerpt":{"rendered":"","protected":false},"author":1,"featured_media":43665,"comment_status":"open","ping_status":"open","sticky":false,"template":"","format":"standard","meta":{"footnotes":""},"categories":[38],"tags":[],"class_list":["post-43664","post","type-post","status-publish","format-standard","has-post-thumbnail","hentry","category-regional"],"jetpack_featured_media_url":"https:\/\/radiorevelacionfm.cl\/wp-content\/uploads\/2024\/07\/DJI_0076-1-1.jpg","_links":{"self":[{"href":"https:\/\/radiorevelacionfm.cl\/index.php?rest_route=\/wp\/v2\/posts\/43664","targetHints":{"allow":["GET"]}}],"collection":[{"href":"https:\/\/radiorevelacionfm.cl\/index.php?rest_route=\/wp\/v2\/posts"}],"about":[{"href":"https:\/\/radiorevelacionfm.cl\/index.php?rest_route=\/wp\/v2\/types\/post"}],"author":[{"embeddable":true,"href":"https:\/\/radiorevelacionfm.cl\/index.php?rest_route=\/wp\/v2\/users\/1"}],"replies":[{"embeddable":true,"href":"https:\/\/radiorevelacionfm.cl\/index.php?rest_route=%2Fwp%2Fv2%2Fcomments&post=43664"}],"version-history":[{"count":2,"href":"https:\/\/radiorevelacionfm.cl\/index.php?rest_route=\/wp\/v2\/posts\/43664\/revisions"}],"predecessor-version":[{"id":43702,"href":"https:\/\/radiorevelacionfm.cl\/index.php?rest_route=\/wp\/v2\/posts\/43664\/revisions\/43702"}],"wp:featuredmedia":[{"embeddable":true,"href":"https:\/\/radiorevelacionfm.cl\/index.php?rest_route=\/wp\/v2\/media\/43665"}],"wp:attachment":[{"href":"https:\/\/radiorevelacionfm.cl\/index.php?rest_route=%2Fwp%2Fv2%2Fmedia&parent=43664"}],"wp:term":[{"taxonomy":"category","embeddable":true,"href":"https:\/\/radiorevelacionfm.cl\/index.php?rest_route=%2Fwp%2Fv2%2Fcategories&post=43664"},{"taxonomy":"post_tag","embeddable":true,"href":"https:\/\/radiorevelacionfm.cl\/index.php?rest_route=%2Fwp%2Fv2%2Ftags&post=43664"}],"curies":[{"name":"wp","href":"https:\/\/api.w.org\/{rel}","templated":true}]}}