{"id":43661,"date":"2024-07-01T21:04:29","date_gmt":"2024-07-02T00:04:29","guid":{"rendered":"https:\/\/radiorevelacionfm.cl\/?p=43661"},"modified":"2024-07-01T21:04:29","modified_gmt":"2024-07-02T00:04:29","slug":"censo-de-poblacion-y-vivienda-se-extiende-hasta-julio-en-las-comunas-de-aysen-coyhaique-y-cisnes","status":"publish","type":"post","link":"https:\/\/radiorevelacionfm.cl\/?p=43661","title":{"rendered":"Censo de Poblaci\u00f3n y Vivienda se extiende hasta julio en las comunas de Ays\u00e9n, Coyhaique y Cisnes"},"content":{"rendered":"<div class=\"flex_column av_one_full  flex_column_div av-zero-column-padding first  avia-builder-el-0  el_before_av_one_full  avia-builder-el-first  \" style='border-radius:0px; '><div  class='avia-image-container  av-styling-    avia-builder-el-1  avia-builder-el-no-sibling  avia-align-center '  itemprop=\"image\" itemscope=\"itemscope\" itemtype=\"https:\/\/schema.org\/ImageObject\"  ><div class='avia-image-container-inner'><div class='avia-image-overlay-wrap'><img decoding=\"async\" class='wp-image-43662 avia-img-lazy-loading-not-43662 avia_image' src=\"https:\/\/radiorevelacionfm.cl\/wp-content\/uploads\/2024\/07\/IMG-20240418-WA0009-1-1.jpg\" alt='' title='IMG-20240418-WA0009 (1) (1)' height=\"600\" width=\"450\"  itemprop=\"thumbnailUrl\" srcset=\"https:\/\/radiorevelacionfm.cl\/wp-content\/uploads\/2024\/07\/IMG-20240418-WA0009-1-1.jpg 450w, https:\/\/radiorevelacionfm.cl\/wp-content\/uploads\/2024\/07\/IMG-20240418-WA0009-1-1-225x300.jpg 225w\" sizes=\"(max-width: 450px) 100vw, 450px\" \/><\/div><\/div><\/div><\/div><div class=\"flex_column av_one_full  flex_column_div av-zero-column-padding first  avia-builder-el-2  el_after_av_one_full  el_before_av_one_full  column-top-margin\" style='border-radius:0px; '><section class=\"av_textblock_section \"  itemscope=\"itemscope\" itemtype=\"https:\/\/schema.org\/BlogPosting\" itemprop=\"blogPost\" ><div class='avia_textblock  '   itemprop=\"text\" ><p style=\"text-align: center;\"><span style=\"font-size: 18pt;\"><strong>Censo de Poblaci\u00f3n y Vivienda se extiende hasta julio en las comunas de Ays\u00e9n, Coyhaique y Cisnes<\/strong><\/span><\/p>\n<div id=\"gtx-trans\" style=\"position: absolute; left: -50px; top: 4.31534px;\">\n<div class=\"gtx-trans-icon\"><\/div>\n<\/div>\n<\/div><\/section><\/div><div class=\"flex_column av_one_full  flex_column_div av-zero-column-padding first  avia-builder-el-4  el_after_av_one_full  el_before_av_hr  column-top-margin\" style='border-radius:0px; '><section class=\"av_textblock_section \"  itemscope=\"itemscope\" itemtype=\"https:\/\/schema.org\/BlogPosting\" itemprop=\"blogPost\" ><div class='avia_textblock  '   itemprop=\"text\" ><p style=\"text-align: justify;\">El Censo ha avanzado de manera satisfactoria, habiendo censado a la fecha m\u00e1s de 7 millones de viviendas a lo largo del pa\u00eds y con alrededor de un 4% de viviendas donde las personas no han podido o han optado por no responder el Censo al momento de la visita.<\/p>\n<p style=\"text-align: justify;\">Conforme a lo planificado, este 30 junio el Instituto Nacional de Estad\u00edsticas finaliz\u00f3 el trabajo de recolecci\u00f3n de datos en 250 comunas del pa\u00eds. Al mismo tiempo, en una definici\u00f3n compartida al Comit\u00e9 Asesor de Censo 2024 y EL CELADE, decide continuar en terreno durante el mes de julio con el operativo censal en 95 comunas, que corresponden principalmente a capitales regionales y comunas de la RM, y que ir\u00e1n cerrando gradualmente.<\/p>\n<p style=\"text-align: justify;\">En la regi\u00f3n de Ays\u00e9n, las comunas que ya finalizaron el trabajo de recolecci\u00f3n son; Tortel, Villa Ohiggins, R\u00edo Ib\u00e1\u00f1ez, Lago Verde, Cochrane, Guaitecas y Chile Chico.<\/p>\n<p style=\"text-align: justify;\">Durante el mes de julio se continuar\u00e1n visitando viviendas en las comunas de Ays\u00e9n, Coyhaique y Cisnes adem\u00e1s,\u00a0 se mantendr\u00e1n\u00a0 activos los Puntos Censo y el Fono Censo 1525, para que las personas que a\u00fan no se han censado tengan la oportunidad de hacerlo. Toda la informaci\u00f3n sobre el Censo en L\u00ednea y los lugares donde se ubican los Puntos Censo est\u00e1 disponible en la p\u00e1gina web<strong>\u00a0<\/strong><a href=\"http:\/\/www.censo2024.cl\/\"><strong>www.Censo2024.cl<\/strong><\/a><strong>,\u00a0<\/strong>junto con las comunas que van cerrando la recolecci\u00f3n en terreno.<\/p>\n<p style=\"text-align: justify;\">\u201cEl objetivo de este proceso es llegar a todas las personas que todav\u00eda no han sido censadas en la regi\u00f3n, por ello, seguiremos en el mes de julio con el trabajo de recolecci\u00f3n en las comunas de Coyhaique, Cisnes y Ays\u00e9n\u201d, dijo el director regional de INE Ays\u00e9n, Danilo Pavez.<\/p>\n<p style=\"text-align: justify;\">La continuidad de la recolecci\u00f3n en terreno en 95 comunas durante el mes de julio fue compartida al Comit\u00e9 Asesor del Censo y EL CELADE (ver descripci\u00f3n), y respaldada por estos. A juicio de ambas instancias, el buen desarrollo a la fecha del proceso censal hace conveniente que se contin\u00fae con la recolecci\u00f3n de datos en esas comunas, a objeto de completar la cobertura de poblaci\u00f3n requerida por esta importante operaci\u00f3n estad\u00edstica.<\/p>\n<p style=\"text-align: justify;\">Se recuerda que conforme a la Ley 17.374, el Instituto Nacional de Estad\u00edsticas debe guardar el secreto estad\u00edstico, teniendo prohibici\u00f3n de compartir con otras instituciones, ya sea p\u00fablica o privada, datos individuales de las viviendas y personas censadas.<\/p>\n<p style=\"text-align: justify;\"><strong>\u00a0DESCRIPCI\u00d3N CELADE Y COMIT\u00c9 ASESOR DEL CENSO 2024<\/strong><\/p>\n<p style=\"text-align: justify;\">EL CELADE -Divisi\u00f3n de Poblaci\u00f3n de la CEPAL- es la instituci\u00f3n de Naciones Unidas especializada en Censos para Am\u00e9rica Latina. Por su parte, el Comit\u00e9 Asesor del Censo de Poblaci\u00f3n y Vivienda 2024, creado en 2022, tiene como una de sus tareas acompa\u00f1ar el proceso de dise\u00f1o, levantamiento y procesamiento del Censo 2024 y retroalimentar al INE, mediante la proposici\u00f3n de sugerencias y cambios que sean necesarios para cumplir con el est\u00e1ndar de calidad esperado. Este comit\u00e9 consultivo, de car\u00e1cter t\u00e9cnico y\u00a0<em>ad-honorem<\/em>\u00a0es integrado por Andr\u00e9s Hernando, David Bravo, Ignacio Irarr\u00e1zaval, Marcela Cabezas, M\u00e1ximo Aguilera, Osvaldo Larra\u00f1aga y Pamela Jervis.<\/p>\n<\/div><\/section><\/div><div  style='height:50px' class='hr hr-invisible   avia-builder-el-6  el_after_av_one_full  el_before_av_social_share '><span class='hr-inner ' ><span class='hr-inner-style'><\/span><\/span><\/div><\/p>\n<div  class='av-social-sharing-box  avia-builder-el-7  el_after_av_hr  el_before_av_hr  '><div class='av-share-box'><h5 class='av-share-link-description av-no-toc '>Compartir esta noticia<\/h5><ul class='av-share-box-list noLightbox'><li class='av-share-link av-social-link-facebook' ><a target=\"_blank\" aria-label=\"Compartir en Facebook\" href='https:\/\/www.facebook.com\/sharer.php?u=https:\/\/radiorevelacionfm.cl\/?p=43661&#038;t=Censo%20de%20Poblaci%C3%B3n%20y%20Vivienda%20se%20extiende%20hasta%20julio%20en%20las%20comunas%20de%20Ays%C3%A9n%2C%20Coyhaique%20y%20Cisnes' aria-hidden='false' data-av_icon='\ue8f3' data-av_iconfont='entypo-fontello' title='' data-avia-related-tooltip='Compartir en Facebook' rel=\"noopener\"><span class='avia_hidden_link_text'>Compartir en Facebook<\/span><\/a><\/li><li class='av-share-link av-social-link-twitter' ><a target=\"_blank\" aria-label=\"Compartir en Twitter\" href='https:\/\/twitter.com\/share?text=Censo%20de%20Poblaci%C3%B3n%20y%20Vivienda%20se%20extiende%20hasta%20julio%20en%20las%20comunas%20de%20Ays%C3%A9n%2C%20Coyhaique%20y%20Cisnes&#038;url=https:\/\/radiorevelacionfm.cl\/?p=43661' aria-hidden='false' data-av_icon='\ue8f1' data-av_iconfont='entypo-fontello' title='' data-avia-related-tooltip='Compartir en Twitter' rel=\"noopener\"><span class='avia_hidden_link_text'>Compartir en Twitter<\/span><\/a><\/li><li class='av-share-link av-social-link-whatsapp' ><a target=\"_blank\" aria-label=\"Compartir en Whatsapp\" href='https:\/\/api.whatsapp.com\/send?text=https:\/\/radiorevelacionfm.cl\/?p=43661' aria-hidden='false' data-av_icon='\uf232' data-av_iconfont='entypo-fontello' title='' data-avia-related-tooltip='Compartir en Whatsapp' rel=\"noopener\"><span class='avia_hidden_link_text'>Compartir en Whatsapp<\/span><\/a><\/li><li class='av-share-link av-social-link-linkedin' ><a target=\"_blank\" aria-label=\"Compartir en LinkedIn\" href='https:\/\/linkedin.com\/shareArticle?mini=true&#038;title=Censo%20de%20Poblaci%C3%B3n%20y%20Vivienda%20se%20extiende%20hasta%20julio%20en%20las%20comunas%20de%20Ays%C3%A9n%2C%20Coyhaique%20y%20Cisnes&#038;url=https:\/\/radiorevelacionfm.cl\/?p=43661' aria-hidden='false' data-av_icon='\ue8fc' data-av_iconfont='entypo-fontello' title='' data-avia-related-tooltip='Compartir en LinkedIn' rel=\"noopener\"><span class='avia_hidden_link_text'>Compartir en LinkedIn<\/span><\/a><\/li><li class='av-share-link av-social-link-mail' ><a  aria-label=\"Compartir por correo\" href='mailto:?subject=Censo%20de%20Poblaci%C3%B3n%20y%20Vivienda%20se%20extiende%20hasta%20julio%20en%20las%20comunas%20de%20Ays%C3%A9n%2C%20Coyhaique%20y%20Cisnes&#038;body=https:\/\/radiorevelacionfm.cl\/?p=43661' aria-hidden='false' data-av_icon='\ue805' data-av_iconfont='entypo-fontello' title='' data-avia-related-tooltip='Compartir por correo'><span class='avia_hidden_link_text'>Compartir por correo<\/span><\/a><\/li><\/ul><\/div><\/div>\n<div  style='height:50px' class='hr hr-invisible   avia-builder-el-8  el_after_av_social_share  el_before_av_comments_list '><span class='hr-inner ' ><span class='hr-inner-style'><\/span><\/span><\/div>\n<div  class='av-buildercomment  av-blog-meta-html-info-disabled av-blog-meta-tag-disabled  '><\/div>\n","protected":false},"excerpt":{"rendered":"","protected":false},"author":1,"featured_media":43662,"comment_status":"open","ping_status":"open","sticky":false,"template":"","format":"standard","meta":{"footnotes":""},"categories":[38],"tags":[],"class_list":["post-43661","post","type-post","status-publish","format-standard","has-post-thumbnail","hentry","category-regional"],"jetpack_featured_media_url":"https:\/\/radiorevelacionfm.cl\/wp-content\/uploads\/2024\/07\/IMG-20240418-WA0009-1-1.jpg","_links":{"self":[{"href":"https:\/\/radiorevelacionfm.cl\/index.php?rest_route=\/wp\/v2\/posts\/43661","targetHints":{"allow":["GET"]}}],"collection":[{"href":"https:\/\/radiorevelacionfm.cl\/index.php?rest_route=\/wp\/v2\/posts"}],"about":[{"href":"https:\/\/radiorevelacionfm.cl\/index.php?rest_route=\/wp\/v2\/types\/post"}],"author":[{"embeddable":true,"href":"https:\/\/radiorevelacionfm.cl\/index.php?rest_route=\/wp\/v2\/users\/1"}],"replies":[{"embeddable":true,"href":"https:\/\/radiorevelacionfm.cl\/index.php?rest_route=%2Fwp%2Fv2%2Fcomments&post=43661"}],"version-history":[{"count":1,"href":"https:\/\/radiorevelacionfm.cl\/index.php?rest_route=\/wp\/v2\/posts\/43661\/revisions"}],"predecessor-version":[{"id":43663,"href":"https:\/\/radiorevelacionfm.cl\/index.php?rest_route=\/wp\/v2\/posts\/43661\/revisions\/43663"}],"wp:featuredmedia":[{"embeddable":true,"href":"https:\/\/radiorevelacionfm.cl\/index.php?rest_route=\/wp\/v2\/media\/43662"}],"wp:attachment":[{"href":"https:\/\/radiorevelacionfm.cl\/index.php?rest_route=%2Fwp%2Fv2%2Fmedia&parent=43661"}],"wp:term":[{"taxonomy":"category","embeddable":true,"href":"https:\/\/radiorevelacionfm.cl\/index.php?rest_route=%2Fwp%2Fv2%2Fcategories&post=43661"},{"taxonomy":"post_tag","embeddable":true,"href":"https:\/\/radiorevelacionfm.cl\/index.php?rest_route=%2Fwp%2Fv2%2Ftags&post=43661"}],"curies":[{"name":"wp","href":"https:\/\/api.w.org\/{rel}","templated":true}]}}