{"id":43655,"date":"2024-07-01T20:05:22","date_gmt":"2024-07-01T23:05:22","guid":{"rendered":"https:\/\/radiorevelacionfm.cl\/?p=43655"},"modified":"2024-07-01T20:05:22","modified_gmt":"2024-07-01T23:05:22","slug":"juventudes-inician-proceso-formativo-como-agentes-de-cambio-de-la-region-de-aysen","status":"publish","type":"post","link":"https:\/\/radiorevelacionfm.cl\/?p=43655","title":{"rendered":"Juventudes inician proceso formativo como Agentes de Cambio de la regi\u00f3n de Ays\u00e9n"},"content":{"rendered":"<div class=\"flex_column av_one_full  flex_column_div av-zero-column-padding first  avia-builder-el-0  el_before_av_one_full  avia-builder-el-first  \" style='border-radius:0px; '><div  class='avia-image-container  av-styling-    avia-builder-el-1  avia-builder-el-no-sibling  avia-align-center '  itemprop=\"image\" itemscope=\"itemscope\" itemtype=\"https:\/\/schema.org\/ImageObject\"  ><div class='avia-image-container-inner'><div class='avia-image-overlay-wrap'><img decoding=\"async\" class='wp-image-43656 avia-img-lazy-loading-not-43656 avia_image' src=\"https:\/\/radiorevelacionfm.cl\/wp-content\/uploads\/2024\/07\/FOTO-1-53-1-1.jpg\" alt='' title='FOTO 1 (53) (1) (1)' height=\"600\" width=\"1147\"  itemprop=\"thumbnailUrl\" srcset=\"https:\/\/radiorevelacionfm.cl\/wp-content\/uploads\/2024\/07\/FOTO-1-53-1-1.jpg 1147w, https:\/\/radiorevelacionfm.cl\/wp-content\/uploads\/2024\/07\/FOTO-1-53-1-1-300x157.jpg 300w, https:\/\/radiorevelacionfm.cl\/wp-content\/uploads\/2024\/07\/FOTO-1-53-1-1-1030x539.jpg 1030w, https:\/\/radiorevelacionfm.cl\/wp-content\/uploads\/2024\/07\/FOTO-1-53-1-1-768x402.jpg 768w, https:\/\/radiorevelacionfm.cl\/wp-content\/uploads\/2024\/07\/FOTO-1-53-1-1-705x369.jpg 705w, https:\/\/radiorevelacionfm.cl\/wp-content\/uploads\/2024\/07\/FOTO-1-53-1-1-450x235.jpg 450w, https:\/\/radiorevelacionfm.cl\/wp-content\/uploads\/2024\/07\/FOTO-1-53-1-1-600x314.jpg 600w\" sizes=\"(max-width: 1147px) 100vw, 1147px\" \/><\/div><\/div><\/div><\/div><div class=\"flex_column av_one_full  flex_column_div av-zero-column-padding first  avia-builder-el-2  el_after_av_one_full  el_before_av_one_full  column-top-margin\" style='border-radius:0px; '><section class=\"av_textblock_section \"  itemscope=\"itemscope\" itemtype=\"https:\/\/schema.org\/BlogPosting\" itemprop=\"blogPost\" ><div class='avia_textblock  '   itemprop=\"text\" ><p style=\"text-align: center;\"><span style=\"font-size: 18pt;\"><strong>Juventudes inician proceso formativo como Agentes de Cambio de la regi\u00f3n de Ays\u00e9n<\/strong><\/span><\/p>\n<div id=\"gtx-trans\" style=\"position: absolute; left: -50px; top: 4.31534px;\">\n<div class=\"gtx-trans-icon\"><\/div>\n<\/div>\n<\/div><\/section><\/div><div class=\"flex_column av_one_full  flex_column_div av-zero-column-padding first  avia-builder-el-4  el_after_av_one_full  el_before_av_hr  column-top-margin\" style='border-radius:0px; '><section class=\"av_textblock_section \"  itemscope=\"itemscope\" itemtype=\"https:\/\/schema.org\/BlogPosting\" itemprop=\"blogPost\" ><div class='avia_textblock  '   itemprop=\"text\" ><p style=\"text-align: justify;\">El Instituto Nacional de la Juventud junto a los municipios de las comunas de Coyhaique y Ays\u00e9n, dieron la bienvenida a las juventudes adjudicatarias del proceso formativo Agentes de Cambio.<\/p>\n<p style=\"text-align: justify;\">Esta iniciativa es parte del programa Compromiso Joven, impulsado por el Instituto Nacional de la Juventud y que \u00a0tiene por objetivo\u00a0aumentar los niveles de participaci\u00f3n de las juventudes en acciones de desarrollo comunitario local, a trav\u00e9s del trabajo en conjunto con las distintas municipalidades, \u00a0fomentando las \u00a0habilidades y potenciando \u00a0los diferentes liderazgos de las juventudes en la regi\u00f3n de Ays\u00e9n.<\/p>\n<p style=\"text-align: justify;\">Al respecto, el director regional del INJUV Ays\u00e9n, Camilo Trivi\u00f1o Urtubia, se\u00f1al\u00f3 que \u201ceste componente del programa Compromiso Joven nos permite fortalecer la relaci\u00f3n entre los municipios y con las juventudes que viven en ellos, que por cierto tienen un punto de vista de c\u00f3mo mejorar sus comunidades, seguramente hay muchas ideas que les gustar\u00eda implementar, y lo que queremos es precisamente que puedan generar nuevas redes, que adquieran conocimientos \u00fatiles para la elaboraci\u00f3n y ejecuci\u00f3n de proyectos y que finalmente, tal como lo indica el nombre de esta iniciativa, sean agentes de cambio\u201d.<\/p>\n<p style=\"text-align: justify;\">El Alcalde de la comuna de Coyhaique, Carlos Gatica Villegas, destac\u00f3 la participaci\u00f3n de las juventudes y expres\u00f3 que \u201cquiero felicitar a todas y todos los j\u00f3venes coyhaiquinos quienes fueron beneficiados del proceso Agentes de Cambio, del programa Compromiso Joven, esto se entrelaza al compromiso municipal con nuestra Oficina de la Juventud, donde junto a INJUV seguimos potenciando a nuestras juventudes, entendiendo que son el futuro de nuestra comuna y regi\u00f3n\u201d.<\/p>\n<p style=\"text-align: justify;\">En tanto, el Alcalde de la comuna de Ays\u00e9n, Julio Uribe Alvarado, afirm\u00f3 que \u201cdesde el trabajo que hemos desarrollado con la creaci\u00f3n de la Oficina de Asuntos Juveniles, el acercamiento que hemos tenido con INJUV es tremendo, en todos nuestros trabajos, programas, proyectos han estado involucrados y hoy con este programa Agentes de Cambio, donde tuve la oportunidad de jugar con los j\u00f3venes y participar de una actividad muy linda. Creo que nuestros j\u00f3venes tienen unos espacios maravillosos hoy d\u00eda y lo tienen que aprovechar y disfrutar. Yo quiero felicitarlos por todo el trabajo que han realizado, es impresionante tambi\u00e9n la diversidad de cosas que quieren hacer, y el municipio ha estado entregando esos espacios y nos tienen muy orgullosos. Creo que la alianza con INJUV es muy buena, creo que as\u00ed tenemos que seguir trabajando, entregar m\u00e1s espacios a nuestros j\u00f3venes y hoy los estamos generando, a trav\u00e9s de la Oficina de Asuntos Juveniles y de diferentes programas y proyectos. Con este programa Agentes de Cambio, poder seguir trabajando con INJUV como municipio es muy importante, agradecer el trabajo y felicitarlos y que los j\u00f3venes se sigan manteniendo activos y que participen en los diferentes festivales y actividades que vamos a estar desarrollando\u201d.<\/p>\n<p style=\"text-align: justify;\"><strong>J\u00f3venes agradecidos <\/strong><\/p>\n<p style=\"text-align: justify;\">Lorena Cuyul Vidal, joven de Puerto Ays\u00e9n, destac\u00f3 la iniciativa de INJUV y sostuvo que \u201cme encuentro muy agradecida participando de estas tutor\u00edas, porque buscan promover el desarrollo de la regi\u00f3n, que nuestras ideas y opiniones sigan siendo escuchadas, estoy feliz porque nos entregan herramientas que son realmente apreciadas de mi parte, las valoro como joven. Invit\u00e9 a varios amigos a que puedan postular y participar, porque todos estamos trabajando con el mismo objetivo. Invito tambi\u00e9n a todas las juventudes a que participen en las diferentes actividades de INJUV, ya que son instancias que nos benefician a todos. Estamos felices de ser Agentes de Cambio y seguir creando y desarrollando actividades para nosotros mismos y para las generaciones futuras\u201d.<\/p>\n<p style=\"text-align: justify;\">Kevin Figueroa Santana, joven de la comuna de Coyhaique, indic\u00f3 que \u201clas tutor\u00edas me parecen una tremenda oportunidad para los j\u00f3venes de la regi\u00f3n, ya que esto se da generalmente en los talleres de ingenier\u00eda de las universidades o en cursos pagados, entonces tener la oportunidad de poder realizar este tipo de instancias y gratis la verdad que es una experiencia \u00fanica y muy gratificante, en mi caso me siento s\u00faper agradecido y afortunado por tener la oportunidad de participar en una elaboraci\u00f3n de un proyecto. Me siento muy motivado tambi\u00e9n para poder seguir trabajando en esto y trasmitir conocimiento con mis pares, ver a diferentes personas trabajar en sus proyectos te motivan a seguir. Destaco igual a la Oficina de la Juventud y al Instituto Nacional de la Juventud, que est\u00e1n llevando a cabo estas tutor\u00edas, en mi caso nunca hab\u00eda visto este tipo de apoyo a los j\u00f3venes, con los recursos a la mano, as\u00ed que espero que se mantenga y que los j\u00f3venes de la regi\u00f3n se motiven y vean que si pueden lograr sus objetivos, que luchen por sus sue\u00f1os, que vean que hay instituciones que est\u00e1n comprometidos con los j\u00f3venes\u201d.<\/p>\n<\/div><\/section><\/div><div  style='height:50px' class='hr hr-invisible   avia-builder-el-6  el_after_av_one_full  el_before_av_social_share '><span class='hr-inner ' ><span class='hr-inner-style'><\/span><\/span><\/div><\/p>\n<div  class='av-social-sharing-box  avia-builder-el-7  el_after_av_hr  el_before_av_hr  '><div class='av-share-box'><h5 class='av-share-link-description av-no-toc '>Compartir esta noticia<\/h5><ul class='av-share-box-list noLightbox'><li class='av-share-link av-social-link-facebook' ><a target=\"_blank\" aria-label=\"Compartir en Facebook\" href='https:\/\/www.facebook.com\/sharer.php?u=https:\/\/radiorevelacionfm.cl\/?p=43655&#038;t=Juventudes%20inician%20proceso%20formativo%20como%20Agentes%20de%20Cambio%20de%20la%20regi%C3%B3n%20de%20Ays%C3%A9n' aria-hidden='false' data-av_icon='\ue8f3' data-av_iconfont='entypo-fontello' title='' data-avia-related-tooltip='Compartir en Facebook' rel=\"noopener\"><span class='avia_hidden_link_text'>Compartir en Facebook<\/span><\/a><\/li><li class='av-share-link av-social-link-twitter' ><a target=\"_blank\" aria-label=\"Compartir en Twitter\" href='https:\/\/twitter.com\/share?text=Juventudes%20inician%20proceso%20formativo%20como%20Agentes%20de%20Cambio%20de%20la%20regi%C3%B3n%20de%20Ays%C3%A9n&#038;url=https:\/\/radiorevelacionfm.cl\/?p=43655' aria-hidden='false' data-av_icon='\ue8f1' data-av_iconfont='entypo-fontello' title='' data-avia-related-tooltip='Compartir en Twitter' rel=\"noopener\"><span class='avia_hidden_link_text'>Compartir en Twitter<\/span><\/a><\/li><li class='av-share-link av-social-link-whatsapp' ><a target=\"_blank\" aria-label=\"Compartir en Whatsapp\" href='https:\/\/api.whatsapp.com\/send?text=https:\/\/radiorevelacionfm.cl\/?p=43655' aria-hidden='false' data-av_icon='\uf232' data-av_iconfont='entypo-fontello' title='' data-avia-related-tooltip='Compartir en Whatsapp' rel=\"noopener\"><span class='avia_hidden_link_text'>Compartir en Whatsapp<\/span><\/a><\/li><li class='av-share-link av-social-link-linkedin' ><a target=\"_blank\" aria-label=\"Compartir en LinkedIn\" href='https:\/\/linkedin.com\/shareArticle?mini=true&#038;title=Juventudes%20inician%20proceso%20formativo%20como%20Agentes%20de%20Cambio%20de%20la%20regi%C3%B3n%20de%20Ays%C3%A9n&#038;url=https:\/\/radiorevelacionfm.cl\/?p=43655' aria-hidden='false' data-av_icon='\ue8fc' data-av_iconfont='entypo-fontello' title='' data-avia-related-tooltip='Compartir en LinkedIn' rel=\"noopener\"><span class='avia_hidden_link_text'>Compartir en LinkedIn<\/span><\/a><\/li><li class='av-share-link av-social-link-mail' ><a  aria-label=\"Compartir por correo\" href='mailto:?subject=Juventudes%20inician%20proceso%20formativo%20como%20Agentes%20de%20Cambio%20de%20la%20regi%C3%B3n%20de%20Ays%C3%A9n&#038;body=https:\/\/radiorevelacionfm.cl\/?p=43655' aria-hidden='false' data-av_icon='\ue805' data-av_iconfont='entypo-fontello' title='' data-avia-related-tooltip='Compartir por correo'><span class='avia_hidden_link_text'>Compartir por correo<\/span><\/a><\/li><\/ul><\/div><\/div>\n<div  style='height:50px' class='hr hr-invisible   avia-builder-el-8  el_after_av_social_share  el_before_av_comments_list '><span class='hr-inner ' ><span class='hr-inner-style'><\/span><\/span><\/div>\n<div  class='av-buildercomment  av-blog-meta-html-info-disabled av-blog-meta-tag-disabled  '><\/div>\n","protected":false},"excerpt":{"rendered":"","protected":false},"author":1,"featured_media":43656,"comment_status":"open","ping_status":"open","sticky":false,"template":"","format":"standard","meta":{"footnotes":""},"categories":[38],"tags":[],"class_list":["post-43655","post","type-post","status-publish","format-standard","has-post-thumbnail","hentry","category-regional"],"jetpack_featured_media_url":"https:\/\/radiorevelacionfm.cl\/wp-content\/uploads\/2024\/07\/FOTO-1-53-1-1.jpg","_links":{"self":[{"href":"https:\/\/radiorevelacionfm.cl\/index.php?rest_route=\/wp\/v2\/posts\/43655","targetHints":{"allow":["GET"]}}],"collection":[{"href":"https:\/\/radiorevelacionfm.cl\/index.php?rest_route=\/wp\/v2\/posts"}],"about":[{"href":"https:\/\/radiorevelacionfm.cl\/index.php?rest_route=\/wp\/v2\/types\/post"}],"author":[{"embeddable":true,"href":"https:\/\/radiorevelacionfm.cl\/index.php?rest_route=\/wp\/v2\/users\/1"}],"replies":[{"embeddable":true,"href":"https:\/\/radiorevelacionfm.cl\/index.php?rest_route=%2Fwp%2Fv2%2Fcomments&post=43655"}],"version-history":[{"count":1,"href":"https:\/\/radiorevelacionfm.cl\/index.php?rest_route=\/wp\/v2\/posts\/43655\/revisions"}],"predecessor-version":[{"id":43657,"href":"https:\/\/radiorevelacionfm.cl\/index.php?rest_route=\/wp\/v2\/posts\/43655\/revisions\/43657"}],"wp:featuredmedia":[{"embeddable":true,"href":"https:\/\/radiorevelacionfm.cl\/index.php?rest_route=\/wp\/v2\/media\/43656"}],"wp:attachment":[{"href":"https:\/\/radiorevelacionfm.cl\/index.php?rest_route=%2Fwp%2Fv2%2Fmedia&parent=43655"}],"wp:term":[{"taxonomy":"category","embeddable":true,"href":"https:\/\/radiorevelacionfm.cl\/index.php?rest_route=%2Fwp%2Fv2%2Fcategories&post=43655"},{"taxonomy":"post_tag","embeddable":true,"href":"https:\/\/radiorevelacionfm.cl\/index.php?rest_route=%2Fwp%2Fv2%2Ftags&post=43655"}],"curies":[{"name":"wp","href":"https:\/\/api.w.org\/{rel}","templated":true}]}}