{"id":43646,"date":"2024-07-01T16:31:34","date_gmt":"2024-07-01T19:31:34","guid":{"rendered":"https:\/\/radiorevelacionfm.cl\/?p=43646"},"modified":"2024-07-01T16:31:34","modified_gmt":"2024-07-01T19:31:34","slug":"bienes-nacionales-destina-inmuebles-fiscales-a-carabineros-de-chile-para-futura-construccion-de-cuarteles","status":"publish","type":"post","link":"https:\/\/radiorevelacionfm.cl\/?p=43646","title":{"rendered":"Bienes Nacionales destina inmuebles fiscales a Carabineros de Chile para futura construcci\u00f3n de cuarteles"},"content":{"rendered":"<div class=\"flex_column av_one_full  flex_column_div av-zero-column-padding first  avia-builder-el-0  el_before_av_one_full  avia-builder-el-first  \" style='border-radius:0px; '><div  class='avia-image-container  av-styling-    avia-builder-el-1  avia-builder-el-no-sibling  avia-align-center '  itemprop=\"image\" itemscope=\"itemscope\" itemtype=\"https:\/\/schema.org\/ImageObject\"  ><div class='avia-image-container-inner'><div class='avia-image-overlay-wrap'><img decoding=\"async\" class='wp-image-43647 avia-img-lazy-loading-not-43647 avia_image' src=\"https:\/\/radiorevelacionfm.cl\/wp-content\/uploads\/2024\/07\/foto-2-30-1-1.jpeg\" alt='' title='foto 2 (30) (1) (1)' height=\"600\" width=\"800\"  itemprop=\"thumbnailUrl\" srcset=\"https:\/\/radiorevelacionfm.cl\/wp-content\/uploads\/2024\/07\/foto-2-30-1-1.jpeg 800w, https:\/\/radiorevelacionfm.cl\/wp-content\/uploads\/2024\/07\/foto-2-30-1-1-300x225.jpeg 300w, https:\/\/radiorevelacionfm.cl\/wp-content\/uploads\/2024\/07\/foto-2-30-1-1-768x576.jpeg 768w, https:\/\/radiorevelacionfm.cl\/wp-content\/uploads\/2024\/07\/foto-2-30-1-1-705x529.jpeg 705w, https:\/\/radiorevelacionfm.cl\/wp-content\/uploads\/2024\/07\/foto-2-30-1-1-450x338.jpeg 450w, https:\/\/radiorevelacionfm.cl\/wp-content\/uploads\/2024\/07\/foto-2-30-1-1-600x450.jpeg 600w\" sizes=\"(max-width: 800px) 100vw, 800px\" \/><\/div><\/div><\/div><\/div><div class=\"flex_column av_one_full  flex_column_div av-zero-column-padding first  avia-builder-el-2  el_after_av_one_full  el_before_av_one_full  column-top-margin\" style='border-radius:0px; '><section class=\"av_textblock_section \"  itemscope=\"itemscope\" itemtype=\"https:\/\/schema.org\/BlogPosting\" itemprop=\"blogPost\" ><div class='avia_textblock  '   itemprop=\"text\" ><p style=\"text-align: center;\"><span style=\"font-size: 18pt;\"><strong>Bienes Nacionales destina inmuebles fiscales a Carabineros de Chile para futura construcci\u00f3n de cuarteles <\/strong><\/span><\/p>\n<div id=\"gtx-trans\" style=\"position: absolute; left: -50px; top: 4.31534px;\">\n<div class=\"gtx-trans-icon\"><\/div>\n<\/div>\n<\/div><\/section><\/div><div class=\"flex_column av_one_full  flex_column_div av-zero-column-padding first  avia-builder-el-4  el_after_av_one_full  el_before_av_hr  column-top-margin\" style='border-radius:0px; '><section class=\"av_textblock_section \"  itemscope=\"itemscope\" itemtype=\"https:\/\/schema.org\/BlogPosting\" itemprop=\"blogPost\" ><div class='avia_textblock  '   itemprop=\"text\" ><p style=\"text-align: justify;\">Con \u00e9nfasis en la importancia de continuar avanzando en materias de seguridad, la Seremi de Bienes Nacionales de Ays\u00e9n entreg\u00f3 positivas noticias respecto de la destinaci\u00f3n de inmuebles fiscales para el cumplimiento de labores de Carabineros de Chile los cuales se emplazan en las comunas de Cisnes y Coyhaique.<\/p>\n<p style=\"text-align: justify;\">En esa l\u00ednea, desde la Secretar\u00eda Regional se enfatiz\u00f3 que en el Gobierno del Presidente Gabriel Boric el trabajo intersectorial con el Ministerio del Interior y Seguridad P\u00fablica ha permitido consolidar la disposici\u00f3n de terrenos fiscales para la futura concreci\u00f3n de proyectos en materia de seguridad, acci\u00f3n que destac\u00f3 el Delegado Presidencial Regional, Rodrigo Araya Morales, quien sostuvo que, \u201cpara nuestro Gobierno, por mandato de nuestro Presidente Gabriel Boric, es muy relevante la gesti\u00f3n intersectorial en Seguridad P\u00fablica. Por ello, se ha articulado el Ministerio del Interior con el Ministerio de Bienes Nacionales, para proveer dos inmuebles fiscales a Carabineros -uno en la comuna de Cisnes y otro en Coyhaique-, para asegurar proyectos de infraestructura que va a potenciar el trabajo de Carabineros en nuestra regi\u00f3n\u201d.<\/p>\n<p style=\"text-align: justify;\">Desde Bienes Nacionales, la Seremi Irina Morend Valdebenito resalt\u00f3 que los inmuebles otorgados en destinaci\u00f3n est\u00e1n emplazados en sector alto de Coyhaique para la construcci\u00f3n de la nueva comisar\u00eda de la capital regional, as\u00ed tambi\u00e9n, en Puerto Ra\u00fal Mar\u00edn Balmaceda, donde se proyecta la relocalizaci\u00f3n y reposici\u00f3n del ret\u00e9n de la localidad cisnense. De igual manera, reforz\u00f3 que este tipo de destinaciones se enmarcan en los lineamientos estrat\u00e9gicos ministeriales. \u201cEn el marco de nuestros lineamientos del buen uso de los inmuebles fiscales, tambi\u00e9n hay una parte de estos que los destinamos a infraestructura p\u00fablica y un \u00e1mbito importante es la infraestructura p\u00fablica en seguridad, por ello estamos disponiendo inmuebles fiscales para futuros proyectos que puedan dar una mayor cobertura de presencia policial, por ejemplo en localidades como Puerto Ra\u00fal Mar\u00edn Balmaceda y tambi\u00e9n como en la expansi\u00f3n de la ciudad de Coyhaique\u201d, refiri\u00f3.<\/p>\n<p style=\"text-align: justify;\">Por su parte, el Jefe de Zona de Carabineros de Ays\u00e9n, General Patricio Santos Poblete se\u00f1al\u00f3 que \u201ctrabajamos muy de la mano con el Ministerio de Bienes Nacionales con quienes evaluamos permanentemente las necesidades sociales y tambi\u00e9n las necesidades de emplazamiento de nuevos cuarteles. Proyectamos a trav\u00e9s de convenios de programaci\u00f3n de aqu\u00ed a los pr\u00f3ximos cuatro a\u00f1os, tener nuevos cuarteles, entre estos, el de Coyhaique, en sector Campos de Hielo\u201d, afirm\u00f3, a\u00f1adiendo una positiva noticia para Puerto Ays\u00e9n, indicando que en el terreno donde actualmente se encuentra el cuartel dos, se construir\u00e1 una nueva comisar\u00eda.<\/p>\n<p style=\"text-align: justify;\">Asimismo, el General Santos Poblete relev\u00f3 la contribuci\u00f3n de la instituci\u00f3n en el desarrollo de Ays\u00e9n, \u201cnuestros cuarteles albergan cerca de 750 Carabineros de orden y seguridad y en todos los cuarteles rurales los Carabineros viven en ellos y hacen Patria ya que son muchas veces la \u00fanica presencia del Estado en esos lugares\u2026La funci\u00f3n del Carabinero es tan amplia, desde la persecuci\u00f3n del delito hasta el rol de seguridad o responsabilidades sociales con el territorio. Carabineros tambi\u00e9n es pionero en la regi\u00f3n, tuvo la misi\u00f3n de abrir caminos desde el a\u00f1o 1929 que est\u00e1 asentado en la regi\u00f3n, uno de nuestros baluartes es el General Marchant y m\u00e1s adelante nuestra historia est\u00e1 marcada conjuntamente con el crecimiento de nuestra regi\u00f3n\u201d.<\/p>\n<p style=\"text-align: justify;\">Finalmente, la Seremi de Bienes Nacionales, Irina Morend Valdebenito agradeci\u00f3 la acci\u00f3n social de Carabineros al ceder 2 hect\u00e1reas de inmueble fiscal desde una destinaci\u00f3n antigua en Villa O\u00b4Higgins, terreno que ir\u00e1 en directo beneficio de vecinas y vecinos de la localidad m\u00e1s austral de la regi\u00f3n, quienes a trav\u00e9s de Serviu Ays\u00e9n podr\u00e1n contar con viviendas sociales; de igual forma, la autoridad adelant\u00f3 que ya se est\u00e1n desarrollando gestiones intersectoriales para considerar un sitio donde se concrete la relocalizaci\u00f3n del ret\u00e9n presente en Caleta Tortel.<\/p>\n<\/div><\/section><\/div><div  style='height:50px' class='hr hr-invisible   avia-builder-el-6  el_after_av_one_full  el_before_av_social_share '><span class='hr-inner ' ><span class='hr-inner-style'><\/span><\/span><\/div><\/p>\n<div  class='av-social-sharing-box  avia-builder-el-7  el_after_av_hr  el_before_av_hr  '><div class='av-share-box'><h5 class='av-share-link-description av-no-toc '>Compartir esta noticia<\/h5><ul class='av-share-box-list noLightbox'><li class='av-share-link av-social-link-facebook' ><a target=\"_blank\" aria-label=\"Compartir en Facebook\" href='https:\/\/www.facebook.com\/sharer.php?u=https:\/\/radiorevelacionfm.cl\/?p=43646&#038;t=Bienes%20Nacionales%20destina%20inmuebles%20fiscales%20a%20Carabineros%20de%20Chile%20para%20futura%20construcci%C3%B3n%20de%20cuarteles' aria-hidden='false' data-av_icon='\ue8f3' data-av_iconfont='entypo-fontello' title='' data-avia-related-tooltip='Compartir en Facebook' rel=\"noopener\"><span class='avia_hidden_link_text'>Compartir en Facebook<\/span><\/a><\/li><li class='av-share-link av-social-link-twitter' ><a target=\"_blank\" aria-label=\"Compartir en Twitter\" href='https:\/\/twitter.com\/share?text=Bienes%20Nacionales%20destina%20inmuebles%20fiscales%20a%20Carabineros%20de%20Chile%20para%20futura%20construcci%C3%B3n%20de%20cuarteles&#038;url=https:\/\/radiorevelacionfm.cl\/?p=43646' aria-hidden='false' data-av_icon='\ue8f1' data-av_iconfont='entypo-fontello' title='' data-avia-related-tooltip='Compartir en Twitter' rel=\"noopener\"><span class='avia_hidden_link_text'>Compartir en Twitter<\/span><\/a><\/li><li class='av-share-link av-social-link-whatsapp' ><a target=\"_blank\" aria-label=\"Compartir en Whatsapp\" href='https:\/\/api.whatsapp.com\/send?text=https:\/\/radiorevelacionfm.cl\/?p=43646' aria-hidden='false' data-av_icon='\uf232' data-av_iconfont='entypo-fontello' title='' data-avia-related-tooltip='Compartir en Whatsapp' rel=\"noopener\"><span class='avia_hidden_link_text'>Compartir en Whatsapp<\/span><\/a><\/li><li class='av-share-link av-social-link-linkedin' ><a target=\"_blank\" aria-label=\"Compartir en LinkedIn\" href='https:\/\/linkedin.com\/shareArticle?mini=true&#038;title=Bienes%20Nacionales%20destina%20inmuebles%20fiscales%20a%20Carabineros%20de%20Chile%20para%20futura%20construcci%C3%B3n%20de%20cuarteles&#038;url=https:\/\/radiorevelacionfm.cl\/?p=43646' aria-hidden='false' data-av_icon='\ue8fc' data-av_iconfont='entypo-fontello' title='' data-avia-related-tooltip='Compartir en LinkedIn' rel=\"noopener\"><span class='avia_hidden_link_text'>Compartir en LinkedIn<\/span><\/a><\/li><li class='av-share-link av-social-link-mail' ><a  aria-label=\"Compartir por correo\" href='mailto:?subject=Bienes%20Nacionales%20destina%20inmuebles%20fiscales%20a%20Carabineros%20de%20Chile%20para%20futura%20construcci%C3%B3n%20de%20cuarteles&#038;body=https:\/\/radiorevelacionfm.cl\/?p=43646' aria-hidden='false' data-av_icon='\ue805' data-av_iconfont='entypo-fontello' title='' data-avia-related-tooltip='Compartir por correo'><span class='avia_hidden_link_text'>Compartir por correo<\/span><\/a><\/li><\/ul><\/div><\/div>\n<div  style='height:50px' class='hr hr-invisible   avia-builder-el-8  el_after_av_social_share  el_before_av_comments_list '><span class='hr-inner ' ><span class='hr-inner-style'><\/span><\/span><\/div>\n<div  class='av-buildercomment  av-blog-meta-html-info-disabled av-blog-meta-tag-disabled  '><\/div>\n","protected":false},"excerpt":{"rendered":"","protected":false},"author":1,"featured_media":43647,"comment_status":"open","ping_status":"open","sticky":false,"template":"","format":"standard","meta":{"footnotes":""},"categories":[38],"tags":[],"class_list":["post-43646","post","type-post","status-publish","format-standard","has-post-thumbnail","hentry","category-regional"],"jetpack_featured_media_url":"https:\/\/radiorevelacionfm.cl\/wp-content\/uploads\/2024\/07\/foto-2-30-1-1.jpeg","_links":{"self":[{"href":"https:\/\/radiorevelacionfm.cl\/index.php?rest_route=\/wp\/v2\/posts\/43646","targetHints":{"allow":["GET"]}}],"collection":[{"href":"https:\/\/radiorevelacionfm.cl\/index.php?rest_route=\/wp\/v2\/posts"}],"about":[{"href":"https:\/\/radiorevelacionfm.cl\/index.php?rest_route=\/wp\/v2\/types\/post"}],"author":[{"embeddable":true,"href":"https:\/\/radiorevelacionfm.cl\/index.php?rest_route=\/wp\/v2\/users\/1"}],"replies":[{"embeddable":true,"href":"https:\/\/radiorevelacionfm.cl\/index.php?rest_route=%2Fwp%2Fv2%2Fcomments&post=43646"}],"version-history":[{"count":1,"href":"https:\/\/radiorevelacionfm.cl\/index.php?rest_route=\/wp\/v2\/posts\/43646\/revisions"}],"predecessor-version":[{"id":43648,"href":"https:\/\/radiorevelacionfm.cl\/index.php?rest_route=\/wp\/v2\/posts\/43646\/revisions\/43648"}],"wp:featuredmedia":[{"embeddable":true,"href":"https:\/\/radiorevelacionfm.cl\/index.php?rest_route=\/wp\/v2\/media\/43647"}],"wp:attachment":[{"href":"https:\/\/radiorevelacionfm.cl\/index.php?rest_route=%2Fwp%2Fv2%2Fmedia&parent=43646"}],"wp:term":[{"taxonomy":"category","embeddable":true,"href":"https:\/\/radiorevelacionfm.cl\/index.php?rest_route=%2Fwp%2Fv2%2Fcategories&post=43646"},{"taxonomy":"post_tag","embeddable":true,"href":"https:\/\/radiorevelacionfm.cl\/index.php?rest_route=%2Fwp%2Fv2%2Ftags&post=43646"}],"curies":[{"name":"wp","href":"https:\/\/api.w.org\/{rel}","templated":true}]}}