{"id":43642,"date":"2024-06-29T19:36:24","date_gmt":"2024-06-29T22:36:24","guid":{"rendered":"https:\/\/radiorevelacionfm.cl\/?p=43642"},"modified":"2024-06-29T19:36:24","modified_gmt":"2024-06-29T22:36:24","slug":"en-la-festividad-de-san-pedro-se-concreto-la-cuarta-entrega-de-caleta-en-aysen-que-sera-administrada-por-los-propios-pescadores-y-pescadoras","status":"publish","type":"post","link":"https:\/\/radiorevelacionfm.cl\/?p=43642","title":{"rendered":"En la festividad de San Pedro se concret\u00f3 la cuarta entrega de caleta en Ays\u00e9n que ser\u00e1 administrada por los propios pescadores y pescadoras"},"content":{"rendered":"<div class=\"flex_column av_one_full  flex_column_div av-zero-column-padding first  avia-builder-el-0  el_before_av_one_full  avia-builder-el-first  \" style='border-radius:0px; '><div  class='avia-image-container  av-styling-    avia-builder-el-1  avia-builder-el-no-sibling  avia-align-center '  itemprop=\"image\" itemscope=\"itemscope\" itemtype=\"https:\/\/schema.org\/ImageObject\"  ><div class='avia-image-container-inner'><div class='avia-image-overlay-wrap'><img decoding=\"async\" class='wp-image-43643 avia-img-lazy-loading-not-43643 avia_image' src=\"https:\/\/radiorevelacionfm.cl\/wp-content\/uploads\/2024\/06\/5883772e-6368-425b-acac-88a13d8835da-1-1.jpg\" alt='' title='5883772e-6368-425b-acac-88a13d8835da (1) (1)' height=\"600\" width=\"800\"  itemprop=\"thumbnailUrl\" srcset=\"https:\/\/radiorevelacionfm.cl\/wp-content\/uploads\/2024\/06\/5883772e-6368-425b-acac-88a13d8835da-1-1.jpg 800w, https:\/\/radiorevelacionfm.cl\/wp-content\/uploads\/2024\/06\/5883772e-6368-425b-acac-88a13d8835da-1-1-300x225.jpg 300w, https:\/\/radiorevelacionfm.cl\/wp-content\/uploads\/2024\/06\/5883772e-6368-425b-acac-88a13d8835da-1-1-768x576.jpg 768w, https:\/\/radiorevelacionfm.cl\/wp-content\/uploads\/2024\/06\/5883772e-6368-425b-acac-88a13d8835da-1-1-705x529.jpg 705w, https:\/\/radiorevelacionfm.cl\/wp-content\/uploads\/2024\/06\/5883772e-6368-425b-acac-88a13d8835da-1-1-450x338.jpg 450w, https:\/\/radiorevelacionfm.cl\/wp-content\/uploads\/2024\/06\/5883772e-6368-425b-acac-88a13d8835da-1-1-600x450.jpg 600w\" sizes=\"(max-width: 800px) 100vw, 800px\" \/><\/div><\/div><\/div><\/div><div class=\"flex_column av_one_full  flex_column_div av-zero-column-padding first  avia-builder-el-2  el_after_av_one_full  el_before_av_one_full  column-top-margin\" style='border-radius:0px; '><section class=\"av_textblock_section \"  itemscope=\"itemscope\" itemtype=\"https:\/\/schema.org\/BlogPosting\" itemprop=\"blogPost\" ><div class='avia_textblock  '   itemprop=\"text\" ><p style=\"text-align: center;\"><span style=\"font-size: 18pt;\"><strong>En la festividad de San Pedro se concret\u00f3 la cuarta entrega de caleta en Ays\u00e9n que ser\u00e1 administrada por los propios pescadores y pescadoras<\/strong><\/span><\/p>\n<div id=\"gtx-trans\" style=\"position: absolute; left: -50px; top: 4.31534px;\">\n<div class=\"gtx-trans-icon\"><\/div>\n<\/div>\n<\/div><\/section><\/div><div class=\"flex_column av_one_full  flex_column_div av-zero-column-padding first  avia-builder-el-4  el_after_av_one_full  el_before_av_hr  column-top-margin\" style='border-radius:0px; '><section class=\"av_textblock_section \"  itemscope=\"itemscope\" itemtype=\"https:\/\/schema.org\/BlogPosting\" itemprop=\"blogPost\" ><div class='avia_textblock  '   itemprop=\"text\" ><p dir=\"ltr\" style=\"text-align: justify;\"><em>Durante la festividad m\u00e1s importante de la pesca artesanal, la caleta de Puerto Chacabuco se convirti\u00f3 en la cuarta de la regi\u00f3n que ser\u00e1 administrada por los propios pescadores y pescadoras artesanales.<\/em><\/p>\n<p dir=\"ltr\" style=\"text-align: justify;\">La ceremonia que se llev\u00f3 a cabo el mismo 29 de junio, para San Pedro, donde Sernapesca hizo entrega mediante un Convenio de Uso de la Asignaci\u00f3n de la Destinaci\u00f3n Mar\u00edtima al Sindicato de Trabajadores Independientes de Pescadores Artesanales Bah\u00eda Chacabuco, lo que convierte a este espacio de la comuna de Puerto Ays\u00e9n en un nuevo polo de desarrollo econ\u00f3mico.<\/p>\n<p dir=\"ltr\" style=\"text-align: justify;\">La administraci\u00f3n de la caleta les brindar\u00e1 la oportunidad de diversificar su actividad econ\u00f3mica y desarrollar nuevas iniciativas m\u00e1s all\u00e1 de la pesca y la extracci\u00f3n de recursos del mar, como la implementaci\u00f3n y administraci\u00f3n de un espacio de playa, terreno de playa y porci\u00f3n de agua, para el uso de las embarcaciones artesanales del Sindicato y la comunidad pesquera de Puerto Chacabuco; y tambi\u00e9n la realizaci\u00f3n de infraestructura de apoyo a la actividad pesquera artesanal, de servicios y tur\u00edstica.<\/p>\n<p dir=\"ltr\" style=\"text-align: justify;\">El Presidente del Sindicato de Trabajadores Independientes de Pescadores Artesanales de Bah\u00eda Chacabuco, Ra\u00fal Alvarez, comparti\u00f3 su sentir en torno a este importante hito para la caleta. \u201cNuestros padres y abuelos siempre estuvieron en este lugar, y para nosotros concretar esta entrega es super importante, ya que nos podemos proyectar en el \u00e1mbito de la pesca, poder vender pescado fresco, tenemos hartos proyectos para hacer ac\u00e1. Agradecemos a Felipe Fondesa de Sernapesca que siempre nos ayud\u00f3 y acompa\u00f1\u00f3 en este proceso\u201d.<\/p>\n<p dir=\"ltr\" style=\"text-align: justify;\">Este hito se concret\u00f3 una vez que el Comit\u00e9 Intersectorial aprob\u00f3 el plan de administraci\u00f3n presentado por el Sindicato. El Comit\u00e9 Intersectorial es presidido por el Director Regional (s) de Sernapesca y est\u00e1 compuesto por el Seremi de Econom\u00eda, Director Regional de DOP, Director Zonal de Subpesca, y un representante de La Armada, \u00e9ste \u00faltimo s\u00f3lo con derecho a voz.<\/p>\n<p dir=\"ltr\" style=\"text-align: justify;\">Esta iniciativa busca no solo involucrar a la comunidad, sino tambi\u00e9n apoyar la gesti\u00f3n pesquera y agregar valor a esta caleta que actualmente desembarcan pejerreyes de mar, r\u00f3balo, sardina austral, centolla, jaiba marmola y erizos.<\/p>\n<p dir=\"ltr\" style=\"text-align: justify;\">Finalmente el Director Regional (s) de Sernapesca, Jorge Padilla, destac\u00f3 la perseverancia y el trabajo de todas y todos los pescadores. \u201cHoy se concreta un sue\u00f1o para todos y todas las pescadoras de Caleta Puerto Chacabuco y para nosotros es muy importante poder concretar esta entrega para que el Sindicado pueda avanzar en el desarrollo econ\u00f3mico de su espacio. Adem\u00e1s, hacerlo coincidir con San Pedro cobra un significado especial a esta entrega.<\/p>\n<\/div><\/section><\/div><div  style='height:50px' class='hr hr-invisible   avia-builder-el-6  el_after_av_one_full  el_before_av_social_share '><span class='hr-inner ' ><span class='hr-inner-style'><\/span><\/span><\/div><\/p>\n<div  class='av-social-sharing-box  avia-builder-el-7  el_after_av_hr  el_before_av_hr  '><div class='av-share-box'><h5 class='av-share-link-description av-no-toc '>Compartir esta noticia<\/h5><ul class='av-share-box-list noLightbox'><li class='av-share-link av-social-link-facebook' ><a target=\"_blank\" aria-label=\"Compartir en Facebook\" href='https:\/\/www.facebook.com\/sharer.php?u=https:\/\/radiorevelacionfm.cl\/?p=43642&#038;t=En%20la%20festividad%20de%20San%20Pedro%20se%20concret%C3%B3%20la%20cuarta%20entrega%20de%20caleta%20en%20Ays%C3%A9n%20que%20ser%C3%A1%20administrada%20por%20los%20propios%20pescadores%20y%20pescadoras' aria-hidden='false' data-av_icon='\ue8f3' data-av_iconfont='entypo-fontello' title='' data-avia-related-tooltip='Compartir en Facebook' rel=\"noopener\"><span class='avia_hidden_link_text'>Compartir en Facebook<\/span><\/a><\/li><li class='av-share-link av-social-link-twitter' ><a target=\"_blank\" aria-label=\"Compartir en Twitter\" href='https:\/\/twitter.com\/share?text=En%20la%20festividad%20de%20San%20Pedro%20se%20concret%C3%B3%20la%20cuarta%20entrega%20de%20caleta%20en%20Ays%C3%A9n%20que%20ser%C3%A1%20administrada%20por%20los%20propios%20pescadores%20y%20pescadoras&#038;url=https:\/\/radiorevelacionfm.cl\/?p=43642' aria-hidden='false' data-av_icon='\ue8f1' data-av_iconfont='entypo-fontello' title='' data-avia-related-tooltip='Compartir en Twitter' rel=\"noopener\"><span class='avia_hidden_link_text'>Compartir en Twitter<\/span><\/a><\/li><li class='av-share-link av-social-link-whatsapp' ><a target=\"_blank\" aria-label=\"Compartir en Whatsapp\" href='https:\/\/api.whatsapp.com\/send?text=https:\/\/radiorevelacionfm.cl\/?p=43642' aria-hidden='false' data-av_icon='\uf232' data-av_iconfont='entypo-fontello' title='' data-avia-related-tooltip='Compartir en Whatsapp' rel=\"noopener\"><span class='avia_hidden_link_text'>Compartir en Whatsapp<\/span><\/a><\/li><li class='av-share-link av-social-link-linkedin' ><a target=\"_blank\" aria-label=\"Compartir en LinkedIn\" href='https:\/\/linkedin.com\/shareArticle?mini=true&#038;title=En%20la%20festividad%20de%20San%20Pedro%20se%20concret%C3%B3%20la%20cuarta%20entrega%20de%20caleta%20en%20Ays%C3%A9n%20que%20ser%C3%A1%20administrada%20por%20los%20propios%20pescadores%20y%20pescadoras&#038;url=https:\/\/radiorevelacionfm.cl\/?p=43642' aria-hidden='false' data-av_icon='\ue8fc' data-av_iconfont='entypo-fontello' title='' data-avia-related-tooltip='Compartir en LinkedIn' rel=\"noopener\"><span class='avia_hidden_link_text'>Compartir en LinkedIn<\/span><\/a><\/li><li class='av-share-link av-social-link-mail' ><a  aria-label=\"Compartir por correo\" href='mailto:?subject=En%20la%20festividad%20de%20San%20Pedro%20se%20concret%C3%B3%20la%20cuarta%20entrega%20de%20caleta%20en%20Ays%C3%A9n%20que%20ser%C3%A1%20administrada%20por%20los%20propios%20pescadores%20y%20pescadoras&#038;body=https:\/\/radiorevelacionfm.cl\/?p=43642' aria-hidden='false' data-av_icon='\ue805' data-av_iconfont='entypo-fontello' title='' data-avia-related-tooltip='Compartir por correo'><span class='avia_hidden_link_text'>Compartir por correo<\/span><\/a><\/li><\/ul><\/div><\/div>\n<div  style='height:50px' class='hr hr-invisible   avia-builder-el-8  el_after_av_social_share  el_before_av_comments_list '><span class='hr-inner ' ><span class='hr-inner-style'><\/span><\/span><\/div>\n<div  class='av-buildercomment  av-blog-meta-html-info-disabled av-blog-meta-tag-disabled  '><\/div>\n","protected":false},"excerpt":{"rendered":"","protected":false},"author":1,"featured_media":43643,"comment_status":"open","ping_status":"open","sticky":false,"template":"","format":"standard","meta":{"footnotes":""},"categories":[38],"tags":[],"class_list":["post-43642","post","type-post","status-publish","format-standard","has-post-thumbnail","hentry","category-regional"],"jetpack_featured_media_url":"https:\/\/radiorevelacionfm.cl\/wp-content\/uploads\/2024\/06\/5883772e-6368-425b-acac-88a13d8835da-1-1.jpg","_links":{"self":[{"href":"https:\/\/radiorevelacionfm.cl\/index.php?rest_route=\/wp\/v2\/posts\/43642","targetHints":{"allow":["GET"]}}],"collection":[{"href":"https:\/\/radiorevelacionfm.cl\/index.php?rest_route=\/wp\/v2\/posts"}],"about":[{"href":"https:\/\/radiorevelacionfm.cl\/index.php?rest_route=\/wp\/v2\/types\/post"}],"author":[{"embeddable":true,"href":"https:\/\/radiorevelacionfm.cl\/index.php?rest_route=\/wp\/v2\/users\/1"}],"replies":[{"embeddable":true,"href":"https:\/\/radiorevelacionfm.cl\/index.php?rest_route=%2Fwp%2Fv2%2Fcomments&post=43642"}],"version-history":[{"count":1,"href":"https:\/\/radiorevelacionfm.cl\/index.php?rest_route=\/wp\/v2\/posts\/43642\/revisions"}],"predecessor-version":[{"id":43644,"href":"https:\/\/radiorevelacionfm.cl\/index.php?rest_route=\/wp\/v2\/posts\/43642\/revisions\/43644"}],"wp:featuredmedia":[{"embeddable":true,"href":"https:\/\/radiorevelacionfm.cl\/index.php?rest_route=\/wp\/v2\/media\/43643"}],"wp:attachment":[{"href":"https:\/\/radiorevelacionfm.cl\/index.php?rest_route=%2Fwp%2Fv2%2Fmedia&parent=43642"}],"wp:term":[{"taxonomy":"category","embeddable":true,"href":"https:\/\/radiorevelacionfm.cl\/index.php?rest_route=%2Fwp%2Fv2%2Fcategories&post=43642"},{"taxonomy":"post_tag","embeddable":true,"href":"https:\/\/radiorevelacionfm.cl\/index.php?rest_route=%2Fwp%2Fv2%2Ftags&post=43642"}],"curies":[{"name":"wp","href":"https:\/\/api.w.org\/{rel}","templated":true}]}}