{"id":43619,"date":"2024-07-01T10:42:49","date_gmt":"2024-07-01T13:42:49","guid":{"rendered":"https:\/\/radiorevelacionfm.cl\/?p=43619"},"modified":"2024-07-01T10:42:49","modified_gmt":"2024-07-01T13:42:49","slug":"descentralizacion-de-la-educacion-superior-inacap-sede-coyhaique-se-traslada-a-cochrane-para-feria-vocacional","status":"publish","type":"post","link":"https:\/\/radiorevelacionfm.cl\/?p=43619","title":{"rendered":"Descentralizaci\u00f3n de la Educaci\u00f3n Superior: INACAP Sede Coyhaique se traslada a Cochrane para Feria Vocacional"},"content":{"rendered":"<div class=\"flex_column av_one_full  flex_column_div av-zero-column-padding first  avia-builder-el-0  el_before_av_one_full  avia-builder-el-first  \" style='border-radius:0px; '><div  class='avia-image-container  av-styling-    avia-builder-el-1  avia-builder-el-no-sibling  avia-align-center '  itemprop=\"image\" itemscope=\"itemscope\" itemtype=\"https:\/\/schema.org\/ImageObject\"  ><div class='avia-image-container-inner'><div class='avia-image-overlay-wrap'><img decoding=\"async\" class='wp-image-43620 avia-img-lazy-loading-not-43620 avia_image' src=\"https:\/\/radiorevelacionfm.cl\/wp-content\/uploads\/2024\/06\/WhatsApp-Image-2024-06-27-at-3.44.36-PM-1-1.jpeg\" alt='' title='WhatsApp Image 2024-06-27 at 3.44.36 PM (1) (1)' height=\"600\" width=\"450\"  itemprop=\"thumbnailUrl\" srcset=\"https:\/\/radiorevelacionfm.cl\/wp-content\/uploads\/2024\/06\/WhatsApp-Image-2024-06-27-at-3.44.36-PM-1-1.jpeg 450w, https:\/\/radiorevelacionfm.cl\/wp-content\/uploads\/2024\/06\/WhatsApp-Image-2024-06-27-at-3.44.36-PM-1-1-225x300.jpeg 225w\" sizes=\"(max-width: 450px) 100vw, 450px\" \/><\/div><\/div><\/div><\/div><div class=\"flex_column av_one_full  flex_column_div av-zero-column-padding first  avia-builder-el-2  el_after_av_one_full  el_before_av_one_full  column-top-margin\" style='border-radius:0px; '><section class=\"av_textblock_section \"  itemscope=\"itemscope\" itemtype=\"https:\/\/schema.org\/BlogPosting\" itemprop=\"blogPost\" ><div class='avia_textblock  '   itemprop=\"text\" ><p style=\"text-align: center;\"><span style=\"font-size: 18pt;\"><strong>Descentralizaci\u00f3n de la Educaci\u00f3n Superior: INACAP Sede Coyhaique se traslada a Cochrane para Feria Vocacional<\/strong><\/span><\/p>\n<div id=\"gtx-trans\" style=\"position: absolute; left: -50px; top: 4.31534px;\">\n<div class=\"gtx-trans-icon\"><\/div>\n<\/div>\n<\/div><\/section><\/div><div class=\"flex_column av_one_full  flex_column_div av-zero-column-padding first  avia-builder-el-4  el_after_av_one_full  el_before_av_hr  column-top-margin\" style='border-radius:0px; '><section class=\"av_textblock_section \"  itemscope=\"itemscope\" itemtype=\"https:\/\/schema.org\/BlogPosting\" itemprop=\"blogPost\" ><div class='avia_textblock  '   itemprop=\"text\" ><p style=\"text-align: justify;\">El equipo de admisi\u00f3n de INACAP Sede Coyhaique realiz\u00f3 un importante viaje hacia la Comuna de Cochrane, participando activamente en la feria vocacional organizada por el Liceo Austral Lord Cochrane. Este movimiento responde al objetivo de descentralizar la educaci\u00f3n superior, la cual hist\u00f3ricamente se ha concentrado en la ciudad de Coyhaique, beneficiando as\u00ed a estudiantes de toda la regi\u00f3n de Ays\u00e9n.<\/p>\n<p style=\"text-align: justify;\">Durante la feria, los estudiantes de ense\u00f1anza media tuvieron la oportunidad de explorar la variada oferta acad\u00e9mica que ofrece nuestra sede, con programas dise\u00f1ados para responder a las necesidades y desaf\u00edos actuales del mercado laboral.<\/p>\n<p style=\"text-align: justify;\">Respecto a este viaje nuestra directora de Asuntos estudiantiles y comunicaciones expreso que \u201ceste encuentro en Cochrane es fundamental para acercar la educaci\u00f3n superior a comunidades fuera de Coyhaique. Queremos asegurarnos de que todos los j\u00f3venes de Ays\u00e9n conozcan las oportunidades que INACAP tiene para ofrecerles.\u00bb<\/p>\n<p style=\"text-align: justify;\">Por su parte el estudiante de 4to medio \u2026. Se\u00f1alo que \u201cpara nosotros, estudiantes de Cochrane, esta feria fue una excelente oportunidad para conocer de primera mano las carreras y especialidades que podemos estudiar cerca de casa. Estamos muy agradecidos con INACAP por acercarse hasta aqu\u00ed.\u00bb<\/p>\n<p style=\"text-align: justify;\">Finalmente, agradecemos sinceramente al Liceo Austral Lord Cochrane por la invitaci\u00f3n y destacamos la importancia de que instituciones educativas como INACAP contin\u00faen visitando cada rinc\u00f3n de la regi\u00f3n de Ays\u00e9n, fortaleciendo as\u00ed el acceso a una educaci\u00f3n de calidad para todos los j\u00f3venes ayseninos.<\/p>\n<\/div><\/section><\/div><div  style='height:50px' class='hr hr-invisible   avia-builder-el-6  el_after_av_one_full  el_before_av_social_share '><span class='hr-inner ' ><span class='hr-inner-style'><\/span><\/span><\/div><\/p>\n<div  class='av-social-sharing-box  avia-builder-el-7  el_after_av_hr  el_before_av_hr  '><div class='av-share-box'><h5 class='av-share-link-description av-no-toc '>Compartir esta noticia<\/h5><ul class='av-share-box-list noLightbox'><li class='av-share-link av-social-link-facebook' ><a target=\"_blank\" aria-label=\"Compartir en Facebook\" href='https:\/\/www.facebook.com\/sharer.php?u=https:\/\/radiorevelacionfm.cl\/?p=43619&#038;t=Descentralizaci%C3%B3n%20de%20la%20Educaci%C3%B3n%20Superior%3A%20INACAP%20Sede%20Coyhaique%20se%20traslada%20a%20Cochrane%20para%20Feria%20Vocacional' aria-hidden='false' data-av_icon='\ue8f3' data-av_iconfont='entypo-fontello' title='' data-avia-related-tooltip='Compartir en Facebook' rel=\"noopener\"><span class='avia_hidden_link_text'>Compartir en Facebook<\/span><\/a><\/li><li class='av-share-link av-social-link-twitter' ><a target=\"_blank\" aria-label=\"Compartir en Twitter\" href='https:\/\/twitter.com\/share?text=Descentralizaci%C3%B3n%20de%20la%20Educaci%C3%B3n%20Superior%3A%20INACAP%20Sede%20Coyhaique%20se%20traslada%20a%20Cochrane%20para%20Feria%20Vocacional&#038;url=https:\/\/radiorevelacionfm.cl\/?p=43619' aria-hidden='false' data-av_icon='\ue8f1' data-av_iconfont='entypo-fontello' title='' data-avia-related-tooltip='Compartir en Twitter' rel=\"noopener\"><span class='avia_hidden_link_text'>Compartir en Twitter<\/span><\/a><\/li><li class='av-share-link av-social-link-whatsapp' ><a target=\"_blank\" aria-label=\"Compartir en Whatsapp\" href='https:\/\/api.whatsapp.com\/send?text=https:\/\/radiorevelacionfm.cl\/?p=43619' aria-hidden='false' data-av_icon='\uf232' data-av_iconfont='entypo-fontello' title='' data-avia-related-tooltip='Compartir en Whatsapp' rel=\"noopener\"><span class='avia_hidden_link_text'>Compartir en Whatsapp<\/span><\/a><\/li><li class='av-share-link av-social-link-linkedin' ><a target=\"_blank\" aria-label=\"Compartir en LinkedIn\" href='https:\/\/linkedin.com\/shareArticle?mini=true&#038;title=Descentralizaci%C3%B3n%20de%20la%20Educaci%C3%B3n%20Superior%3A%20INACAP%20Sede%20Coyhaique%20se%20traslada%20a%20Cochrane%20para%20Feria%20Vocacional&#038;url=https:\/\/radiorevelacionfm.cl\/?p=43619' aria-hidden='false' data-av_icon='\ue8fc' data-av_iconfont='entypo-fontello' title='' data-avia-related-tooltip='Compartir en LinkedIn' rel=\"noopener\"><span class='avia_hidden_link_text'>Compartir en LinkedIn<\/span><\/a><\/li><li class='av-share-link av-social-link-mail' ><a  aria-label=\"Compartir por correo\" href='mailto:?subject=Descentralizaci%C3%B3n%20de%20la%20Educaci%C3%B3n%20Superior%3A%20INACAP%20Sede%20Coyhaique%20se%20traslada%20a%20Cochrane%20para%20Feria%20Vocacional&#038;body=https:\/\/radiorevelacionfm.cl\/?p=43619' aria-hidden='false' data-av_icon='\ue805' data-av_iconfont='entypo-fontello' title='' data-avia-related-tooltip='Compartir por correo'><span class='avia_hidden_link_text'>Compartir por correo<\/span><\/a><\/li><\/ul><\/div><\/div>\n<div  style='height:50px' class='hr hr-invisible   avia-builder-el-8  el_after_av_social_share  el_before_av_comments_list '><span class='hr-inner ' ><span class='hr-inner-style'><\/span><\/span><\/div>\n<div  class='av-buildercomment  av-blog-meta-html-info-disabled av-blog-meta-tag-disabled  '><\/div>\n","protected":false},"excerpt":{"rendered":"","protected":false},"author":1,"featured_media":43620,"comment_status":"open","ping_status":"open","sticky":false,"template":"","format":"standard","meta":{"footnotes":""},"categories":[38],"tags":[],"class_list":["post-43619","post","type-post","status-publish","format-standard","has-post-thumbnail","hentry","category-regional"],"jetpack_featured_media_url":"https:\/\/radiorevelacionfm.cl\/wp-content\/uploads\/2024\/06\/WhatsApp-Image-2024-06-27-at-3.44.36-PM-1-1.jpeg","_links":{"self":[{"href":"https:\/\/radiorevelacionfm.cl\/index.php?rest_route=\/wp\/v2\/posts\/43619","targetHints":{"allow":["GET"]}}],"collection":[{"href":"https:\/\/radiorevelacionfm.cl\/index.php?rest_route=\/wp\/v2\/posts"}],"about":[{"href":"https:\/\/radiorevelacionfm.cl\/index.php?rest_route=\/wp\/v2\/types\/post"}],"author":[{"embeddable":true,"href":"https:\/\/radiorevelacionfm.cl\/index.php?rest_route=\/wp\/v2\/users\/1"}],"replies":[{"embeddable":true,"href":"https:\/\/radiorevelacionfm.cl\/index.php?rest_route=%2Fwp%2Fv2%2Fcomments&post=43619"}],"version-history":[{"count":1,"href":"https:\/\/radiorevelacionfm.cl\/index.php?rest_route=\/wp\/v2\/posts\/43619\/revisions"}],"predecessor-version":[{"id":43621,"href":"https:\/\/radiorevelacionfm.cl\/index.php?rest_route=\/wp\/v2\/posts\/43619\/revisions\/43621"}],"wp:featuredmedia":[{"embeddable":true,"href":"https:\/\/radiorevelacionfm.cl\/index.php?rest_route=\/wp\/v2\/media\/43620"}],"wp:attachment":[{"href":"https:\/\/radiorevelacionfm.cl\/index.php?rest_route=%2Fwp%2Fv2%2Fmedia&parent=43619"}],"wp:term":[{"taxonomy":"category","embeddable":true,"href":"https:\/\/radiorevelacionfm.cl\/index.php?rest_route=%2Fwp%2Fv2%2Fcategories&post=43619"},{"taxonomy":"post_tag","embeddable":true,"href":"https:\/\/radiorevelacionfm.cl\/index.php?rest_route=%2Fwp%2Fv2%2Ftags&post=43619"}],"curies":[{"name":"wp","href":"https:\/\/api.w.org\/{rel}","templated":true}]}}