{"id":43616,"date":"2024-06-28T21:20:29","date_gmt":"2024-06-29T00:20:29","guid":{"rendered":"https:\/\/radiorevelacionfm.cl\/?p=43616"},"modified":"2024-06-28T21:20:29","modified_gmt":"2024-06-29T00:20:29","slug":"ejercito-realiza-ejercicio-de-rescate-en-glaciar-calluqueo","status":"publish","type":"post","link":"https:\/\/radiorevelacionfm.cl\/?p=43616","title":{"rendered":"Ejercito realiza ejercicio de  rescate en  Glaciar Calluqueo"},"content":{"rendered":"<div class=\"flex_column av_one_full  flex_column_div av-zero-column-padding first  avia-builder-el-0  el_before_av_one_full  avia-builder-el-first  \" style='border-radius:0px; '><div  class='avia-image-container  av-styling-    avia-builder-el-1  avia-builder-el-no-sibling  avia-align-center '  itemprop=\"image\" itemscope=\"itemscope\" itemtype=\"https:\/\/schema.org\/ImageObject\"  ><div class='avia-image-container-inner'><div class='avia-image-overlay-wrap'><img decoding=\"async\" class='wp-image-43617 avia-img-lazy-loading-not-43617 avia_image' src=\"https:\/\/radiorevelacionfm.cl\/wp-content\/uploads\/2024\/06\/WhatsApp-Image-2024-06-27-at-19.45.43-1-1.jpeg\" alt='' title='WhatsApp Image 2024-06-27 at 19.45.43 (1) (1)' height=\"600\" width=\"1297\"  itemprop=\"thumbnailUrl\" srcset=\"https:\/\/radiorevelacionfm.cl\/wp-content\/uploads\/2024\/06\/WhatsApp-Image-2024-06-27-at-19.45.43-1-1.jpeg 1297w, https:\/\/radiorevelacionfm.cl\/wp-content\/uploads\/2024\/06\/WhatsApp-Image-2024-06-27-at-19.45.43-1-1-300x139.jpeg 300w, https:\/\/radiorevelacionfm.cl\/wp-content\/uploads\/2024\/06\/WhatsApp-Image-2024-06-27-at-19.45.43-1-1-1030x476.jpeg 1030w, https:\/\/radiorevelacionfm.cl\/wp-content\/uploads\/2024\/06\/WhatsApp-Image-2024-06-27-at-19.45.43-1-1-768x355.jpeg 768w, https:\/\/radiorevelacionfm.cl\/wp-content\/uploads\/2024\/06\/WhatsApp-Image-2024-06-27-at-19.45.43-1-1-705x326.jpeg 705w, https:\/\/radiorevelacionfm.cl\/wp-content\/uploads\/2024\/06\/WhatsApp-Image-2024-06-27-at-19.45.43-1-1-450x208.jpeg 450w, https:\/\/radiorevelacionfm.cl\/wp-content\/uploads\/2024\/06\/WhatsApp-Image-2024-06-27-at-19.45.43-1-1-600x278.jpeg 600w\" sizes=\"(max-width: 1297px) 100vw, 1297px\" \/><\/div><\/div><\/div><\/div><div class=\"flex_column av_one_full  flex_column_div av-zero-column-padding first  avia-builder-el-2  el_after_av_one_full  el_before_av_one_full  column-top-margin\" style='border-radius:0px; '><section class=\"av_textblock_section \"  itemscope=\"itemscope\" itemtype=\"https:\/\/schema.org\/BlogPosting\" itemprop=\"blogPost\" ><div class='avia_textblock  '   itemprop=\"text\" ><p style=\"text-align: center;\"><span style=\"font-size: 18pt;\"><strong>Ejercito realiza ejercicio de \u00a0rescate en \u00a0Glaciar Calluqueo <\/strong><\/span><\/p>\n<div id=\"gtx-trans\" style=\"position: absolute; left: -50px; top: 4.31534px;\">\n<div class=\"gtx-trans-icon\"><\/div>\n<\/div>\n<\/div><\/section><\/div><div class=\"flex_column av_one_full  flex_column_div av-zero-column-padding first  avia-builder-el-4  el_after_av_one_full  el_before_av_hr  column-top-margin\" style='border-radius:0px; '><section class=\"av_textblock_section \"  itemscope=\"itemscope\" itemtype=\"https:\/\/schema.org\/BlogPosting\" itemprop=\"blogPost\" ><div class='avia_textblock  '   itemprop=\"text\" ><p style=\"text-align: justify;\">Enfrentando el clima\u00a0 extremo de la Regi\u00f3n de Ays\u00e9n, y como escenario el\u00a0 Glaciar Calluqueo y un Lago Esmeralda congelado, los \u00a0especialistas en Monta\u00f1a de la IV Divisi\u00f3n de Ej\u00e9rcito, desarrollaron el ejercicio \u201cViento Blanco\u201d cuya finalidad es aumentar y perfeccionar las t\u00e9cnicas de rescate en condiciones extremas como glaciares y lugares de dif\u00edcil acceso.<\/p>\n<p style=\"text-align: justify;\">El Ejercicio Viento Blanco es de especial importancia en el apoyo a la comunidad, considerando que, en caso de emergencia, como en accidentes de turistas, son pocos los que pueden ejecutar acciones de rescate, marcando la diferencia entre la vida y un desenlace fatal.\u00a0 El mencionado ejercicio se present\u00f3 como una oportunidad para reunir al COGRID provincial y desarrollar actividades enmarcadas en el \u00e1rea de misi\u00f3n \u201cEmergencia Nacional y Protecci\u00f3n Civil\u201d para lo cual se materializaron coordinaciones con SENAPRED desarrollando en paralelo una sesi\u00f3n de entrenamiento interagencial con las autoridades del COGRID.<\/p>\n<p style=\"text-align: justify;\"><em>\u201cEste tipo de ejercicio nos permite establecer coordinaciones adecuadas , irlas mejorando entendiendo precisamente que todas aquellas acciones, decisiones que tomemos cuando enfrentemos situaciones reales permitan optimizar los recursos, disminuir los tiempos de respuesta y por cierto poner en mejores condiciones nuestras atribuciones al servicio de la comunidad<\/em>\u201d se\u00f1al\u00f3 el <strong>Alcalde de Cochrane, Jorge Calder\u00f3n Acu\u00f1a<\/strong><\/p>\n<p style=\"text-align: justify;\">En esta acci\u00f3n participaron las Patrullas de Auxilio y Rescate Militar (PARMEs) de la Compa\u00f1\u00eda Andina Divisionaria N\u00b020 \u201cCochrane\u201d y del Destacamento Motorizado N\u00b014 \u201cAys\u00e9n\u201d, junto a Carabineros de Chile y CONAF, oportunidad en que se simul\u00f3 el rescate y evacuaci\u00f3n de una persona accidentada, permitiendo a las unidades desplegar el m\u00e1ximo de iniciativas y aplicar las t\u00e9cnicas aprendidas.<\/p>\n<p style=\"text-align: justify;\">El <strong>Capit\u00e1n Carlos Iturriaga Rojas<\/strong>, Segundo Comandante de la Compa\u00f1\u00eda Andina Divisionaria N\u00b020 \u201cCochrane\u201d se\u00f1ala <em>\u201c\u00a0 La importancia de este ejercicio que fue levantado por el Cuartel General de la IV Divisi\u00f3n de Ej\u00e9rcito, es \u00a0que los distintos actores comunales nos conozcamos y podamos intercambiar experiencias y capacidades, permitiendo de esta forma abordar distintas situaciones ficticias y para poder llegar a una soluci\u00f3n y generar estos lazos t\u00e1cticos para en caso real \u00a0poder reaccionar de una mejor forma y r\u00e1pida. Paralelamente, se est\u00e1 ejecutando el Ejercicio \u201cViento Blanco\u201d, el cual fue aunado con esto dando mayor realismo a la instrucci\u00f3n y entrenamiento\u201d<\/em>.<\/p>\n<p style=\"text-align: justify;\">Uno de los principales desaf\u00edos fueron las inclemencias del clima ejecutar diferentes t\u00e9cnicas de rescate en ambientes extremadamente dif\u00edciles. Durante este per\u00edodo de instrucci\u00f3n se homologaron t\u00e9cnicas de rescate, inserci\u00f3n anfibia, primeros auxilios, autorescate y rescate en altura.<\/p>\n<p style=\"text-align: justify;\">Marta Montiel Alarc\u00f3n, Delegada Presidencial Provincial de Capit\u00e1n Prat indica \u201cHemos terminado un ejercicio de simulaci\u00f3n muy relevante, dado que en la provincia es la primera vez que se realiza este ejercicio en coordinaci\u00f3n con el Ej\u00e9rcito ante lo cual estamos muy expectantes a todo este proceso, dado que las condiciones que tenemos ac\u00e1 en la provincia precisamente son de monta\u00f1a, de excursi\u00f3n.<\/p>\n<p style=\"text-align: justify;\">Cabe destacar que el ejercicio finaliz\u00f3 exitosamente, entregando al Ej\u00e9rcito patrullas con un alto entrenamiento en t\u00e9cnicas y rescates para operar en situaciones de emergencias y cat\u00e1strofes, en escenarios de climas adversos, operaciones que van en directo beneficio de la comunidad, cuando sean requeridas.<\/p>\n<\/div><\/section><\/div><div  style='height:50px' class='hr hr-invisible   avia-builder-el-6  el_after_av_one_full  el_before_av_social_share '><span class='hr-inner ' ><span class='hr-inner-style'><\/span><\/span><\/div><\/p>\n<div  class='av-social-sharing-box  avia-builder-el-7  el_after_av_hr  el_before_av_hr  '><div class='av-share-box'><h5 class='av-share-link-description av-no-toc '>Compartir esta noticia<\/h5><ul class='av-share-box-list noLightbox'><li class='av-share-link av-social-link-facebook' ><a target=\"_blank\" aria-label=\"Compartir en Facebook\" href='https:\/\/www.facebook.com\/sharer.php?u=https:\/\/radiorevelacionfm.cl\/?p=43616&#038;t=Ejercito%20realiza%20ejercicio%20de%20%20rescate%20en%20%20Glaciar%20Calluqueo' aria-hidden='false' data-av_icon='\ue8f3' data-av_iconfont='entypo-fontello' title='' data-avia-related-tooltip='Compartir en Facebook' rel=\"noopener\"><span class='avia_hidden_link_text'>Compartir en Facebook<\/span><\/a><\/li><li class='av-share-link av-social-link-twitter' ><a target=\"_blank\" aria-label=\"Compartir en Twitter\" href='https:\/\/twitter.com\/share?text=Ejercito%20realiza%20ejercicio%20de%20%20rescate%20en%20%20Glaciar%20Calluqueo&#038;url=https:\/\/radiorevelacionfm.cl\/?p=43616' aria-hidden='false' data-av_icon='\ue8f1' data-av_iconfont='entypo-fontello' title='' data-avia-related-tooltip='Compartir en Twitter' rel=\"noopener\"><span class='avia_hidden_link_text'>Compartir en Twitter<\/span><\/a><\/li><li class='av-share-link av-social-link-whatsapp' ><a target=\"_blank\" aria-label=\"Compartir en Whatsapp\" href='https:\/\/api.whatsapp.com\/send?text=https:\/\/radiorevelacionfm.cl\/?p=43616' aria-hidden='false' data-av_icon='\uf232' data-av_iconfont='entypo-fontello' title='' data-avia-related-tooltip='Compartir en Whatsapp' rel=\"noopener\"><span class='avia_hidden_link_text'>Compartir en Whatsapp<\/span><\/a><\/li><li class='av-share-link av-social-link-linkedin' ><a target=\"_blank\" aria-label=\"Compartir en LinkedIn\" href='https:\/\/linkedin.com\/shareArticle?mini=true&#038;title=Ejercito%20realiza%20ejercicio%20de%20%20rescate%20en%20%20Glaciar%20Calluqueo&#038;url=https:\/\/radiorevelacionfm.cl\/?p=43616' aria-hidden='false' data-av_icon='\ue8fc' data-av_iconfont='entypo-fontello' title='' data-avia-related-tooltip='Compartir en LinkedIn' rel=\"noopener\"><span class='avia_hidden_link_text'>Compartir en LinkedIn<\/span><\/a><\/li><li class='av-share-link av-social-link-mail' ><a  aria-label=\"Compartir por correo\" href='mailto:?subject=Ejercito%20realiza%20ejercicio%20de%20%20rescate%20en%20%20Glaciar%20Calluqueo&#038;body=https:\/\/radiorevelacionfm.cl\/?p=43616' aria-hidden='false' data-av_icon='\ue805' data-av_iconfont='entypo-fontello' title='' data-avia-related-tooltip='Compartir por correo'><span class='avia_hidden_link_text'>Compartir por correo<\/span><\/a><\/li><\/ul><\/div><\/div>\n<div  style='height:50px' class='hr hr-invisible   avia-builder-el-8  el_after_av_social_share  el_before_av_comments_list '><span class='hr-inner ' ><span class='hr-inner-style'><\/span><\/span><\/div>\n<div  class='av-buildercomment  av-blog-meta-html-info-disabled av-blog-meta-tag-disabled  '><\/div>\n","protected":false},"excerpt":{"rendered":"","protected":false},"author":1,"featured_media":43617,"comment_status":"open","ping_status":"open","sticky":false,"template":"","format":"standard","meta":{"footnotes":""},"categories":[38],"tags":[],"class_list":["post-43616","post","type-post","status-publish","format-standard","has-post-thumbnail","hentry","category-regional"],"jetpack_featured_media_url":"https:\/\/radiorevelacionfm.cl\/wp-content\/uploads\/2024\/06\/WhatsApp-Image-2024-06-27-at-19.45.43-1-1.jpeg","_links":{"self":[{"href":"https:\/\/radiorevelacionfm.cl\/index.php?rest_route=\/wp\/v2\/posts\/43616","targetHints":{"allow":["GET"]}}],"collection":[{"href":"https:\/\/radiorevelacionfm.cl\/index.php?rest_route=\/wp\/v2\/posts"}],"about":[{"href":"https:\/\/radiorevelacionfm.cl\/index.php?rest_route=\/wp\/v2\/types\/post"}],"author":[{"embeddable":true,"href":"https:\/\/radiorevelacionfm.cl\/index.php?rest_route=\/wp\/v2\/users\/1"}],"replies":[{"embeddable":true,"href":"https:\/\/radiorevelacionfm.cl\/index.php?rest_route=%2Fwp%2Fv2%2Fcomments&post=43616"}],"version-history":[{"count":1,"href":"https:\/\/radiorevelacionfm.cl\/index.php?rest_route=\/wp\/v2\/posts\/43616\/revisions"}],"predecessor-version":[{"id":43618,"href":"https:\/\/radiorevelacionfm.cl\/index.php?rest_route=\/wp\/v2\/posts\/43616\/revisions\/43618"}],"wp:featuredmedia":[{"embeddable":true,"href":"https:\/\/radiorevelacionfm.cl\/index.php?rest_route=\/wp\/v2\/media\/43617"}],"wp:attachment":[{"href":"https:\/\/radiorevelacionfm.cl\/index.php?rest_route=%2Fwp%2Fv2%2Fmedia&parent=43616"}],"wp:term":[{"taxonomy":"category","embeddable":true,"href":"https:\/\/radiorevelacionfm.cl\/index.php?rest_route=%2Fwp%2Fv2%2Fcategories&post=43616"},{"taxonomy":"post_tag","embeddable":true,"href":"https:\/\/radiorevelacionfm.cl\/index.php?rest_route=%2Fwp%2Fv2%2Ftags&post=43616"}],"curies":[{"name":"wp","href":"https:\/\/api.w.org\/{rel}","templated":true}]}}