{"id":43613,"date":"2024-06-29T19:06:27","date_gmt":"2024-06-29T22:06:27","guid":{"rendered":"https:\/\/radiorevelacionfm.cl\/?p=43613"},"modified":"2024-06-29T19:06:27","modified_gmt":"2024-06-29T22:06:27","slug":"ponen-en-valor-esforzado-trabajo-de-funcionarios-de-conaf-para-la-entrega-de-lena-en-aysen","status":"publish","type":"post","link":"https:\/\/radiorevelacionfm.cl\/?p=43613","title":{"rendered":"Ponen en valor esforzado trabajo de funcionarios de Conaf para la entrega de le\u00f1a en Ays\u00e9n"},"content":{"rendered":"<div class=\"flex_column av_one_full  flex_column_div av-zero-column-padding first  avia-builder-el-0  el_before_av_one_full  avia-builder-el-first  \" style='border-radius:0px; '><div  class='avia-image-container  av-styling-    avia-builder-el-1  avia-builder-el-no-sibling  avia-align-center '  itemprop=\"image\" itemscope=\"itemscope\" itemtype=\"https:\/\/schema.org\/ImageObject\"  ><div class='avia-image-container-inner'><div class='avia-image-overlay-wrap'><img decoding=\"async\" class='wp-image-43614 avia-img-lazy-loading-not-43614 avia_image' src=\"https:\/\/radiorevelacionfm.cl\/wp-content\/uploads\/2024\/06\/conaf-2_optimized.jpg\" alt='' title='conaf-(2)_optimized' height=\"600\" width=\"1068\"  itemprop=\"thumbnailUrl\" srcset=\"https:\/\/radiorevelacionfm.cl\/wp-content\/uploads\/2024\/06\/conaf-2_optimized.jpg 1068w, https:\/\/radiorevelacionfm.cl\/wp-content\/uploads\/2024\/06\/conaf-2_optimized-300x169.jpg 300w, https:\/\/radiorevelacionfm.cl\/wp-content\/uploads\/2024\/06\/conaf-2_optimized-1030x579.jpg 1030w, https:\/\/radiorevelacionfm.cl\/wp-content\/uploads\/2024\/06\/conaf-2_optimized-768x431.jpg 768w, https:\/\/radiorevelacionfm.cl\/wp-content\/uploads\/2024\/06\/conaf-2_optimized-705x396.jpg 705w, https:\/\/radiorevelacionfm.cl\/wp-content\/uploads\/2024\/06\/conaf-2_optimized-450x253.jpg 450w, https:\/\/radiorevelacionfm.cl\/wp-content\/uploads\/2024\/06\/conaf-2_optimized-600x337.jpg 600w\" sizes=\"(max-width: 1068px) 100vw, 1068px\" \/><\/div><\/div><\/div><\/div><div class=\"flex_column av_one_full  flex_column_div av-zero-column-padding first  avia-builder-el-2  el_after_av_one_full  el_before_av_one_full  column-top-margin\" style='border-radius:0px; '><section class=\"av_textblock_section \"  itemscope=\"itemscope\" itemtype=\"https:\/\/schema.org\/BlogPosting\" itemprop=\"blogPost\" ><div class='avia_textblock  '   itemprop=\"text\" ><p style=\"text-align: center;\"><strong><span style=\"font-size: 18pt;\">Ponen en valor esforzado trabajo de funcionarios de Conaf para la entrega de le\u00f1a en Ays\u00e9n<\/span><\/strong><\/p>\n<div id=\"gtx-trans\" style=\"position: absolute; left: -50px; top: 4.31534px;\">\n<div class=\"gtx-trans-icon\"><\/div>\n<\/div>\n<\/div><\/section><\/div><div class=\"flex_column av_one_full  flex_column_div av-zero-column-padding first  avia-builder-el-4  el_after_av_one_full  el_before_av_hr  column-top-margin\" style='border-radius:0px; '><section class=\"av_textblock_section \"  itemscope=\"itemscope\" itemtype=\"https:\/\/schema.org\/BlogPosting\" itemprop=\"blogPost\" ><div class='avia_textblock  '   itemprop=\"text\" ><p style=\"text-align: justify;\">Por estos d\u00edas, se ha estado entregando le\u00f1a a adultos mayores y familias vulnerables de la comuna de Ays\u00e9n, beneficio que es posible concretar gracias al convenio establecido entre el Gobierno Regional, Municipalidad y Conaf.<\/p>\n<p style=\"text-align: justify;\">Desde este \u00faltimo servicio convocaron al alcalde Julio Uribe a la reserva Ma\u00f1ihuales, oportunidad en la que autoridades dialogaron con los trabajadores, quienes producen la le\u00f1a que llega a los hogares en esta \u00e9poca.<\/p>\n<p style=\"text-align: justify;\">\u201cQuisimos invitar al Alcalde para que viera el proceso de elaboraci\u00f3n de la le\u00f1a, en esta \u00e9poca es complejo para nosotros, ya que est\u00e1 nevando harto, pero con la gente que tenemos esperamos dar cumplimiento a todos los requerimientos de este a\u00f1o. Estamos un poco parados por el tema clim\u00e1tico, de hecho, no cualquier veh\u00edculo sube, ni las camionetas que trasladan a la gente para las faenas ni los camiones que puedan sacar la le\u00f1a, no es cualquier cami\u00f3n. Hay que esperar que baje un poco la nieve, se rompen los caminos, despu\u00e9s cuesta transitar y estamos en la etapa de ver como lo solucionamos\u201d, se\u00f1al\u00f3 la jefa provincial Ays\u00e9n de Conaf, Gabriela G\u00f3mez.<\/p>\n<p style=\"text-align: justify;\">Gabriela G\u00f3mez, asegur\u00f3 que un gran porcentaje de la le\u00f1a esta entrega y durante el mes de julio se espera trasladar este combustible natural a Islas Huichas. \u201cTenemos casi toda la le\u00f1a entregada, nos falta un porcentaje, que estamos haciendo todos los esfuerzos para que llegue lo antes posible y con el menor grado de humedad posible. Para Huichas tenemos asegurada la le\u00f1a, la vamos a enviar ahora en julio. Hay que se\u00f1alar igualmente que, ante las condiciones clim\u00e1ticas actuales, aumentan los riesgos en el trabajo, el resbalarse en la nieve, es delicado el trabajo y tambi\u00e9n la nieve va tapando los trozos, va tapando la le\u00f1a\u201d.<\/p>\n<p style=\"text-align: justify;\">Por su parte, el Alcalde de la comuna de Ays\u00e9n, Julio Uribe, relev\u00f3 el enorme y esforzado trabajo de los funcionarios de Conaf, quienes producen la le\u00f1a que llega los adultos mayores y familias vulnerables. \u201cAqu\u00ed hay que felicitar el gran trabajo que realiza Conaf de poder d\u00eda a d\u00eda mantener las faenas, para bajar toda la le\u00f1a que es necesaria para nuestros adultos mayores y familias vulnerables. As\u00ed es que, felicitar a Gabriela G\u00f3mez por el trabajo que est\u00e1 desarrollando y a toda su gente que se esfuerza d\u00eda a d\u00eda para tener tanto las casas de emergencia como tambi\u00e9n la le\u00f1a\u201d.<\/p>\n<p style=\"text-align: justify;\">Finalmente, las autoridades hicieron un llamado a las familias que a\u00fan no han recibido el beneficio de la le\u00f1a, a tener un poco paciencia y comprender que las dificultades de extraer este combustible natural se dan principalmente por las condiciones clim\u00e1ticas, pero, aun as\u00ed, los trabajadores de Conaf hacen los mayores esfuerzos para reunir este importante producto.<\/p>\n<\/div><\/section><\/div><div  style='height:50px' class='hr hr-invisible   avia-builder-el-6  el_after_av_one_full  el_before_av_social_share '><span class='hr-inner ' ><span class='hr-inner-style'><\/span><\/span><\/div><\/p>\n<div  class='av-social-sharing-box  avia-builder-el-7  el_after_av_hr  el_before_av_hr  '><div class='av-share-box'><h5 class='av-share-link-description av-no-toc '>Compartir esta noticia<\/h5><ul class='av-share-box-list noLightbox'><li class='av-share-link av-social-link-facebook' ><a target=\"_blank\" aria-label=\"Compartir en Facebook\" href='https:\/\/www.facebook.com\/sharer.php?u=https:\/\/radiorevelacionfm.cl\/?p=43613&#038;t=Ponen%20en%20valor%20esforzado%20trabajo%20de%20funcionarios%20de%20Conaf%20para%20la%20entrega%20de%20le%C3%B1a%20en%20Ays%C3%A9n' aria-hidden='false' data-av_icon='\ue8f3' data-av_iconfont='entypo-fontello' title='' data-avia-related-tooltip='Compartir en Facebook' rel=\"noopener\"><span class='avia_hidden_link_text'>Compartir en Facebook<\/span><\/a><\/li><li class='av-share-link av-social-link-twitter' ><a target=\"_blank\" aria-label=\"Compartir en Twitter\" href='https:\/\/twitter.com\/share?text=Ponen%20en%20valor%20esforzado%20trabajo%20de%20funcionarios%20de%20Conaf%20para%20la%20entrega%20de%20le%C3%B1a%20en%20Ays%C3%A9n&#038;url=https:\/\/radiorevelacionfm.cl\/?p=43613' aria-hidden='false' data-av_icon='\ue8f1' data-av_iconfont='entypo-fontello' title='' data-avia-related-tooltip='Compartir en Twitter' rel=\"noopener\"><span class='avia_hidden_link_text'>Compartir en Twitter<\/span><\/a><\/li><li class='av-share-link av-social-link-whatsapp' ><a target=\"_blank\" aria-label=\"Compartir en Whatsapp\" href='https:\/\/api.whatsapp.com\/send?text=https:\/\/radiorevelacionfm.cl\/?p=43613' aria-hidden='false' data-av_icon='\uf232' data-av_iconfont='entypo-fontello' title='' data-avia-related-tooltip='Compartir en Whatsapp' rel=\"noopener\"><span class='avia_hidden_link_text'>Compartir en Whatsapp<\/span><\/a><\/li><li class='av-share-link av-social-link-linkedin' ><a target=\"_blank\" aria-label=\"Compartir en LinkedIn\" href='https:\/\/linkedin.com\/shareArticle?mini=true&#038;title=Ponen%20en%20valor%20esforzado%20trabajo%20de%20funcionarios%20de%20Conaf%20para%20la%20entrega%20de%20le%C3%B1a%20en%20Ays%C3%A9n&#038;url=https:\/\/radiorevelacionfm.cl\/?p=43613' aria-hidden='false' data-av_icon='\ue8fc' data-av_iconfont='entypo-fontello' title='' data-avia-related-tooltip='Compartir en LinkedIn' rel=\"noopener\"><span class='avia_hidden_link_text'>Compartir en LinkedIn<\/span><\/a><\/li><li class='av-share-link av-social-link-mail' ><a  aria-label=\"Compartir por correo\" href='mailto:?subject=Ponen%20en%20valor%20esforzado%20trabajo%20de%20funcionarios%20de%20Conaf%20para%20la%20entrega%20de%20le%C3%B1a%20en%20Ays%C3%A9n&#038;body=https:\/\/radiorevelacionfm.cl\/?p=43613' aria-hidden='false' data-av_icon='\ue805' data-av_iconfont='entypo-fontello' title='' data-avia-related-tooltip='Compartir por correo'><span class='avia_hidden_link_text'>Compartir por correo<\/span><\/a><\/li><\/ul><\/div><\/div>\n<div  style='height:50px' class='hr hr-invisible   avia-builder-el-8  el_after_av_social_share  el_before_av_comments_list '><span class='hr-inner ' ><span class='hr-inner-style'><\/span><\/span><\/div>\n<div  class='av-buildercomment  av-blog-meta-html-info-disabled av-blog-meta-tag-disabled  '><\/div>\n","protected":false},"excerpt":{"rendered":"","protected":false},"author":1,"featured_media":43614,"comment_status":"open","ping_status":"open","sticky":false,"template":"","format":"standard","meta":{"footnotes":""},"categories":[38],"tags":[],"class_list":["post-43613","post","type-post","status-publish","format-standard","has-post-thumbnail","hentry","category-regional"],"jetpack_featured_media_url":"https:\/\/radiorevelacionfm.cl\/wp-content\/uploads\/2024\/06\/conaf-2_optimized.jpg","_links":{"self":[{"href":"https:\/\/radiorevelacionfm.cl\/index.php?rest_route=\/wp\/v2\/posts\/43613","targetHints":{"allow":["GET"]}}],"collection":[{"href":"https:\/\/radiorevelacionfm.cl\/index.php?rest_route=\/wp\/v2\/posts"}],"about":[{"href":"https:\/\/radiorevelacionfm.cl\/index.php?rest_route=\/wp\/v2\/types\/post"}],"author":[{"embeddable":true,"href":"https:\/\/radiorevelacionfm.cl\/index.php?rest_route=\/wp\/v2\/users\/1"}],"replies":[{"embeddable":true,"href":"https:\/\/radiorevelacionfm.cl\/index.php?rest_route=%2Fwp%2Fv2%2Fcomments&post=43613"}],"version-history":[{"count":1,"href":"https:\/\/radiorevelacionfm.cl\/index.php?rest_route=\/wp\/v2\/posts\/43613\/revisions"}],"predecessor-version":[{"id":43615,"href":"https:\/\/radiorevelacionfm.cl\/index.php?rest_route=\/wp\/v2\/posts\/43613\/revisions\/43615"}],"wp:featuredmedia":[{"embeddable":true,"href":"https:\/\/radiorevelacionfm.cl\/index.php?rest_route=\/wp\/v2\/media\/43614"}],"wp:attachment":[{"href":"https:\/\/radiorevelacionfm.cl\/index.php?rest_route=%2Fwp%2Fv2%2Fmedia&parent=43613"}],"wp:term":[{"taxonomy":"category","embeddable":true,"href":"https:\/\/radiorevelacionfm.cl\/index.php?rest_route=%2Fwp%2Fv2%2Fcategories&post=43613"},{"taxonomy":"post_tag","embeddable":true,"href":"https:\/\/radiorevelacionfm.cl\/index.php?rest_route=%2Fwp%2Fv2%2Ftags&post=43613"}],"curies":[{"name":"wp","href":"https:\/\/api.w.org\/{rel}","templated":true}]}}