{"id":43610,"date":"2024-06-29T13:57:10","date_gmt":"2024-06-29T16:57:10","guid":{"rendered":"https:\/\/radiorevelacionfm.cl\/?p=43610"},"modified":"2024-06-29T13:57:10","modified_gmt":"2024-06-29T16:57:10","slug":"republicanos-el-gobierno-regional-tiene-responsabilidad-en-la-caida-del-pib-de-aysen","status":"publish","type":"post","link":"https:\/\/radiorevelacionfm.cl\/?p=43610","title":{"rendered":"Republicanos: El Gobierno Regional tiene responsabilidad en la ca\u00edda del PIB de Ays\u00e9n"},"content":{"rendered":"<div class=\"flex_column av_one_full  flex_column_div av-zero-column-padding first  avia-builder-el-0  el_before_av_one_full  avia-builder-el-first  \" style='border-radius:0px; '><div  class='avia-image-container  av-styling-    avia-builder-el-1  avia-builder-el-no-sibling  avia-align-center '  itemprop=\"image\" itemscope=\"itemscope\" itemtype=\"https:\/\/schema.org\/ImageObject\"  ><div class='avia-image-container-inner'><div class='avia-image-overlay-wrap'><img decoding=\"async\" class='wp-image-43611 avia-img-lazy-loading-not-43611 avia_image' src=\"https:\/\/radiorevelacionfm.cl\/wp-content\/uploads\/2024\/06\/Osorio-SanCristobal-1-1.jpeg\" alt='' title='Osorio-SanCrist\u00f3bal (1) (1)' height=\"600\" width=\"958\"  itemprop=\"thumbnailUrl\" srcset=\"https:\/\/radiorevelacionfm.cl\/wp-content\/uploads\/2024\/06\/Osorio-SanCristobal-1-1.jpeg 958w, https:\/\/radiorevelacionfm.cl\/wp-content\/uploads\/2024\/06\/Osorio-SanCristobal-1-1-300x188.jpeg 300w, https:\/\/radiorevelacionfm.cl\/wp-content\/uploads\/2024\/06\/Osorio-SanCristobal-1-1-768x481.jpeg 768w, https:\/\/radiorevelacionfm.cl\/wp-content\/uploads\/2024\/06\/Osorio-SanCristobal-1-1-705x442.jpeg 705w, https:\/\/radiorevelacionfm.cl\/wp-content\/uploads\/2024\/06\/Osorio-SanCristobal-1-1-450x282.jpeg 450w, https:\/\/radiorevelacionfm.cl\/wp-content\/uploads\/2024\/06\/Osorio-SanCristobal-1-1-600x376.jpeg 600w\" sizes=\"(max-width: 958px) 100vw, 958px\" \/><\/div><\/div><\/div><\/div><div class=\"flex_column av_one_full  flex_column_div av-zero-column-padding first  avia-builder-el-2  el_after_av_one_full  el_before_av_one_full  column-top-margin\" style='border-radius:0px; '><section class=\"av_textblock_section \"  itemscope=\"itemscope\" itemtype=\"https:\/\/schema.org\/BlogPosting\" itemprop=\"blogPost\" ><div class='avia_textblock  '   itemprop=\"text\" ><p style=\"text-align: center;\"><span style=\"font-size: 18pt;\"><b>Republicanos: El Gobierno Regional\u00a0<\/b><b>tiene responsabilidad en la\u00a0<\/b><b>ca\u00edda del PIB de Ays\u00e9n<\/b><\/span><\/p>\n<div id=\"gtx-trans\" style=\"position: absolute; left: -50px; top: 4.31534px;\">\n<div class=\"gtx-trans-icon\"><\/div>\n<\/div>\n<\/div><\/section><\/div><div class=\"flex_column av_one_full  flex_column_div av-zero-column-padding first  avia-builder-el-4  el_after_av_one_full  el_before_av_hr  column-top-margin\" style='border-radius:0px; '><section class=\"av_textblock_section \"  itemscope=\"itemscope\" itemtype=\"https:\/\/schema.org\/BlogPosting\" itemprop=\"blogPost\" ><div class='avia_textblock  '   itemprop=\"text\" ><p style=\"font-weight: 400; text-align: justify;\"><em>En la colectividad, analizaron el informe preliminar emitido recientemente por el Banco Central que destac\u00f3 a la Regi\u00f3n de Ays\u00e9n con una p\u00e9rdida de productividad de casi el 10%, siendo la \u00fanica del pa\u00eds con impacto negativo.<\/em><\/p>\n<p style=\"font-weight: 400; text-align: justify;\">Desde el Partido Republicano abordaron con preocupaci\u00f3n los datos publicados por el Banco Central, que posicionaron a la regi\u00f3n como la \u00fanica con n\u00fameros negativos. En su vocer\u00eda, Fernando San Crist\u00f3bal y Ra\u00fal Osorio, afirmaron que la responsabilidad -entre otros factores &#8211; recae en el Gobierno Regional y su Consejo, principal \u00f3rgano mandatado para encauzar el desarrollo econ\u00f3mico y social de Ays\u00e9n.<\/p>\n<p style=\"font-weight: 400; text-align: justify;\">Al respecto, el presidente del Partido Republicano en la Regi\u00f3n, Fernando San Crist\u00f3bal, manifest\u00f3 que \u201cEl Gobierno Regional, liderado por la\u00a0Gobernadora,\u00a0Andrea Mac\u00edas y los 14 Consejeros Regionales, tienen por\u00a0responsabilidad\u00a0y mandato de la ciudadan\u00eda ser quienes deben impulsar pol\u00edticas y decisiones que tiendan a mejorar la calidad de vida de los ayseninos. Nos preocupa, hoy ad portas\u00a0de entrar en un proceso de recesi\u00f3n econ\u00f3mica,\u00a0c\u00f3mo el actual escenario seguir\u00e1 afectando\u00a0a\u00fan m\u00e1s el bolsillo de la poblaci\u00f3n\u00a0regional, observamos como por ejemplo, sigue en\u00a0aumento el\u00a0desempleo, que incluso bordea el 6%\u201d.<\/p>\n<p style=\"font-weight: 400; text-align: justify;\">Por su parte, Ra\u00fal Osorio Moncada,\u00a0militante del partido y\u00a0ligado al sector ganadero y a la prestaci\u00f3n de servicios de maquinaria, \u00a0afirm\u00f3 que\u00a0\u201clas cifras dan cuenta del estancamiento de la inversi\u00f3n regional, van 3 a\u00f1os de una direcci\u00f3n errada\u00a0del Gobierno Regional, cuya ausencia es notoria en iniciativas que impacten\u00a0al fomento productivo, es sabido, que\u00a0desde los gremios y comit\u00e9s del sector ganadero se han enviado propuestas que a\u00fan no han sido siquiera contestadas\u201d.\u201dOtro sector que se ha visto afectado es el acu\u00edcola, cuya\u00a0paralizaci\u00f3n de la inversi\u00f3n p\u00fablica, ha provocado una disminuci\u00f3n de la pesca artesanal y de la industria, lo que explica en gran parte el desplome del PIB regional, lo anterior por la incertidumbre regulatoria generada para la ley Lafquenche. Donde nuevamente, hemos visto\u00a0la mala gesti\u00f3n del gobierno, demostrada a trav\u00e9s de las solicitudes ECMPO de m\u00e1s de 600 mil hect\u00e1reas, que pon\u00eda en riesgo m\u00e1s del 20% de la producci\u00f3n nacional de salm\u00f3n\u201d, agreg\u00f3 Osorio.<\/p>\n<p style=\"font-weight: 400; text-align: justify;\">En esa l\u00ednea, Fernando San Crist\u00f3bal,\u00a0a\u00f1adi\u00f3 que \u201clo lamentable, es que\u00a0hemos sido testigos adem\u00e1s de un mal desempe\u00f1o en la ejecuci\u00f3n presupuestaria del Gobierno Regional, la que, seg\u00fan fuentes oficiales publicadas en los informes de gesti\u00f3n financiera del Estado, para los 3 a\u00f1os de la Gobernadora Mac\u00edas promedian tan solo un 87%, cifra muy distante del promedio de 96% logrado por la anterior administraci\u00f3n\u201d.<\/p>\n<p style=\"font-weight: 400; text-align: justify;\">\u201cPareciera ser que aqu\u00ed a\u00fan no se superan\u00a0los efectos de las revueltas del octubrismo del 2019\u00a0y\u00a0la pandemia. Sumado a ello, la falta de visi\u00f3n y cohesi\u00f3n de los consejeros regionales opositores, los han llevado a ser c\u00f3mplices de una serie de malas decisiones para el futuro de las familias de la regi\u00f3n, aprobando las iniciativas propuestas por la Gobernadora que s\u00f3lo buscan mejorar sus n\u00fameros, pero no la calidad de vida de las personas, por lo tanto,\u00a0no se est\u00e1n generando nuevos\u00a0empleo y menos logrando un crecimiento econ\u00f3mico, esperamos en lo pronto, no seguir siendo\u00a0la \u00fanica regi\u00f3n del pa\u00eds donde la inversi\u00f3n p\u00fablica es gravitante en el\u00a0desarrollo regional, lo que queda demostrado con la falta de obras de impacto, frenando el desarrollo y crecimiento regional, como lo demuestra esta baja en el PIB\u201d, concluy\u00f3 San Crist\u00f3bal.<\/p>\n<p style=\"font-weight: 400; text-align: justify;\">Tras la vocer\u00eda realizada, ambos dirigentes Republicanos, anunciaron que seguir\u00e1n trabajando junto a su colectividad en la generaci\u00f3n de propuestas para los habitantes de la regi\u00f3n de Ays\u00e9n y confirmaron que sus nombres est\u00e1n disponibles para asumir pre candidaturas a Consejeros Regionales por la Provincia de Coyhaique.<\/p>\n<\/div><\/section><\/div><div  style='height:50px' class='hr hr-invisible   avia-builder-el-6  el_after_av_one_full  el_before_av_social_share '><span class='hr-inner ' ><span class='hr-inner-style'><\/span><\/span><\/div><\/p>\n<div  class='av-social-sharing-box  avia-builder-el-7  el_after_av_hr  el_before_av_hr  '><div class='av-share-box'><h5 class='av-share-link-description av-no-toc '>Compartir esta noticia<\/h5><ul class='av-share-box-list noLightbox'><li class='av-share-link av-social-link-facebook' ><a target=\"_blank\" aria-label=\"Compartir en Facebook\" href='https:\/\/www.facebook.com\/sharer.php?u=https:\/\/radiorevelacionfm.cl\/?p=43610&#038;t=Republicanos%3A%20El%20Gobierno%20Regional%20tiene%20responsabilidad%20en%20la%20ca%C3%ADda%20del%20PIB%20de%20Ays%C3%A9n' aria-hidden='false' data-av_icon='\ue8f3' data-av_iconfont='entypo-fontello' title='' data-avia-related-tooltip='Compartir en Facebook' rel=\"noopener\"><span class='avia_hidden_link_text'>Compartir en Facebook<\/span><\/a><\/li><li class='av-share-link av-social-link-twitter' ><a target=\"_blank\" aria-label=\"Compartir en Twitter\" href='https:\/\/twitter.com\/share?text=Republicanos%3A%20El%20Gobierno%20Regional%20tiene%20responsabilidad%20en%20la%20ca%C3%ADda%20del%20PIB%20de%20Ays%C3%A9n&#038;url=https:\/\/radiorevelacionfm.cl\/?p=43610' aria-hidden='false' data-av_icon='\ue8f1' data-av_iconfont='entypo-fontello' title='' data-avia-related-tooltip='Compartir en Twitter' rel=\"noopener\"><span class='avia_hidden_link_text'>Compartir en Twitter<\/span><\/a><\/li><li class='av-share-link av-social-link-whatsapp' ><a target=\"_blank\" aria-label=\"Compartir en Whatsapp\" href='https:\/\/api.whatsapp.com\/send?text=https:\/\/radiorevelacionfm.cl\/?p=43610' aria-hidden='false' data-av_icon='\uf232' data-av_iconfont='entypo-fontello' title='' data-avia-related-tooltip='Compartir en Whatsapp' rel=\"noopener\"><span class='avia_hidden_link_text'>Compartir en Whatsapp<\/span><\/a><\/li><li class='av-share-link av-social-link-linkedin' ><a target=\"_blank\" aria-label=\"Compartir en LinkedIn\" href='https:\/\/linkedin.com\/shareArticle?mini=true&#038;title=Republicanos%3A%20El%20Gobierno%20Regional%20tiene%20responsabilidad%20en%20la%20ca%C3%ADda%20del%20PIB%20de%20Ays%C3%A9n&#038;url=https:\/\/radiorevelacionfm.cl\/?p=43610' aria-hidden='false' data-av_icon='\ue8fc' data-av_iconfont='entypo-fontello' title='' data-avia-related-tooltip='Compartir en LinkedIn' rel=\"noopener\"><span class='avia_hidden_link_text'>Compartir en LinkedIn<\/span><\/a><\/li><li class='av-share-link av-social-link-mail' ><a  aria-label=\"Compartir por correo\" href='mailto:?subject=Republicanos%3A%20El%20Gobierno%20Regional%20tiene%20responsabilidad%20en%20la%20ca%C3%ADda%20del%20PIB%20de%20Ays%C3%A9n&#038;body=https:\/\/radiorevelacionfm.cl\/?p=43610' aria-hidden='false' data-av_icon='\ue805' data-av_iconfont='entypo-fontello' title='' data-avia-related-tooltip='Compartir por correo'><span class='avia_hidden_link_text'>Compartir por correo<\/span><\/a><\/li><\/ul><\/div><\/div>\n<div  style='height:50px' class='hr hr-invisible   avia-builder-el-8  el_after_av_social_share  el_before_av_comments_list '><span class='hr-inner ' ><span class='hr-inner-style'><\/span><\/span><\/div>\n<div  class='av-buildercomment  av-blog-meta-html-info-disabled av-blog-meta-tag-disabled  '><\/div>\n","protected":false},"excerpt":{"rendered":"","protected":false},"author":1,"featured_media":43611,"comment_status":"open","ping_status":"open","sticky":false,"template":"","format":"standard","meta":{"footnotes":""},"categories":[35],"tags":[],"class_list":["post-43610","post","type-post","status-publish","format-standard","has-post-thumbnail","hentry","category-politica"],"jetpack_featured_media_url":"https:\/\/radiorevelacionfm.cl\/wp-content\/uploads\/2024\/06\/Osorio-SanCristobal-1-1.jpeg","_links":{"self":[{"href":"https:\/\/radiorevelacionfm.cl\/index.php?rest_route=\/wp\/v2\/posts\/43610","targetHints":{"allow":["GET"]}}],"collection":[{"href":"https:\/\/radiorevelacionfm.cl\/index.php?rest_route=\/wp\/v2\/posts"}],"about":[{"href":"https:\/\/radiorevelacionfm.cl\/index.php?rest_route=\/wp\/v2\/types\/post"}],"author":[{"embeddable":true,"href":"https:\/\/radiorevelacionfm.cl\/index.php?rest_route=\/wp\/v2\/users\/1"}],"replies":[{"embeddable":true,"href":"https:\/\/radiorevelacionfm.cl\/index.php?rest_route=%2Fwp%2Fv2%2Fcomments&post=43610"}],"version-history":[{"count":1,"href":"https:\/\/radiorevelacionfm.cl\/index.php?rest_route=\/wp\/v2\/posts\/43610\/revisions"}],"predecessor-version":[{"id":43612,"href":"https:\/\/radiorevelacionfm.cl\/index.php?rest_route=\/wp\/v2\/posts\/43610\/revisions\/43612"}],"wp:featuredmedia":[{"embeddable":true,"href":"https:\/\/radiorevelacionfm.cl\/index.php?rest_route=\/wp\/v2\/media\/43611"}],"wp:attachment":[{"href":"https:\/\/radiorevelacionfm.cl\/index.php?rest_route=%2Fwp%2Fv2%2Fmedia&parent=43610"}],"wp:term":[{"taxonomy":"category","embeddable":true,"href":"https:\/\/radiorevelacionfm.cl\/index.php?rest_route=%2Fwp%2Fv2%2Fcategories&post=43610"},{"taxonomy":"post_tag","embeddable":true,"href":"https:\/\/radiorevelacionfm.cl\/index.php?rest_route=%2Fwp%2Fv2%2Ftags&post=43610"}],"curies":[{"name":"wp","href":"https:\/\/api.w.org\/{rel}","templated":true}]}}