{"id":4361,"date":"2021-05-20T17:48:36","date_gmt":"2021-05-20T20:48:36","guid":{"rendered":"https:\/\/radiorevelacionfm.cl\/?p=4361"},"modified":"2021-05-20T17:48:36","modified_gmt":"2021-05-20T20:48:36","slug":"sag-da-a-conocer-la-cuenta-publica-de-gestion-2020","status":"publish","type":"post","link":"https:\/\/radiorevelacionfm.cl\/?p=4361","title":{"rendered":"SAG da a conocer la Cuenta P\u00fablica de gesti\u00f3n 2020"},"content":{"rendered":"<div class=\"flex_column av_one_full  flex_column_div av-zero-column-padding first  avia-builder-el-0  el_before_av_one_full  avia-builder-el-first  \" style='border-radius:0px; '><div  class='avia-image-container  av-styling-    avia-builder-el-1  avia-builder-el-no-sibling  avia-align-center '  itemprop=\"image\" itemscope=\"itemscope\" itemtype=\"https:\/\/schema.org\/ImageObject\"  ><div class='avia-image-container-inner'><div class='avia-image-overlay-wrap'><img decoding=\"async\" class='wp-image-4362 avia-img-lazy-loading-not-4362 avia_image' src=\"https:\/\/radiorevelacionfm.cl\/wp-content\/uploads\/2021\/05\/SAG_151146-1-1.jpg\" alt='' title='SAG_151146 (1) (1)' height=\"600\" width=\"800\"  itemprop=\"thumbnailUrl\" srcset=\"https:\/\/radiorevelacionfm.cl\/wp-content\/uploads\/2021\/05\/SAG_151146-1-1.jpg 800w, https:\/\/radiorevelacionfm.cl\/wp-content\/uploads\/2021\/05\/SAG_151146-1-1-300x225.jpg 300w, https:\/\/radiorevelacionfm.cl\/wp-content\/uploads\/2021\/05\/SAG_151146-1-1-768x576.jpg 768w, https:\/\/radiorevelacionfm.cl\/wp-content\/uploads\/2021\/05\/SAG_151146-1-1-705x529.jpg 705w, https:\/\/radiorevelacionfm.cl\/wp-content\/uploads\/2021\/05\/SAG_151146-1-1-600x450.jpg 600w\" sizes=\"(max-width: 800px) 100vw, 800px\" \/><\/div><\/div><\/div><\/div><div class=\"flex_column av_one_full  flex_column_div av-zero-column-padding first  avia-builder-el-2  el_after_av_one_full  el_before_av_one_full  column-top-margin\" style='border-radius:0px; '><section class=\"av_textblock_section \"  itemscope=\"itemscope\" itemtype=\"https:\/\/schema.org\/BlogPosting\" itemprop=\"blogPost\" ><div class='avia_textblock  '   itemprop=\"text\" ><p style=\"text-align: center;\"><span style=\"font-size: 18pt;\"><strong>SAG da a conocer la Cuenta P\u00fablica de gesti\u00f3n 2020<\/strong><\/span><\/p>\n<div id=\"gtx-trans\" style=\"position: absolute; left: -50px; top: 4.31534px;\">\n<div class=\"gtx-trans-icon\"><\/div>\n<\/div>\n<\/div><\/section><\/div><div class=\"flex_column av_one_full  flex_column_div av-zero-column-padding first  avia-builder-el-4  el_after_av_one_full  el_before_av_hr  column-top-margin\" style='border-radius:0px; '><section class=\"av_textblock_section \"  itemscope=\"itemscope\" itemtype=\"https:\/\/schema.org\/BlogPosting\" itemprop=\"blogPost\" ><div class='avia_textblock  '   itemprop=\"text\" ><p style=\"text-align: justify;\">El desempe\u00f1o del Servicio Agr\u00edcola y Ganadero durante la pandemia, su importante rol en la cadena de abastecimiento de alimentos para los chilenos, el apoyo al sector exportador, junto al detalle de programas como SAG m\u00e1s cerca y Fiscalizaci\u00f3n con Sentido, fueron algunos de los hitos que dio a conocer este mediod\u00eda el Director Nacional del SAG, Horacio B\u00f3rquez Conti, en el marco de la cuenta p\u00fablica participativa 2020 del organismo ofrecida de manera virtual.<\/p>\n<p style=\"text-align: justify;\">A trav\u00e9s de un video, la m\u00e1xima autoridad de este Servicio dependiente del Ministerio de Agricultura repas\u00f3 los logros alcanzados durante el a\u00f1o pasado, junto con repasar los desaf\u00edos que est\u00e1n enfrentando de cara al futuro y en medio de la nueva forma de relacionarse con usuarios y usuarias que se ha establecido a causa del Covid-19.<\/p>\n<p style=\"text-align: justify;\">\u201cNuestros funcionarios y funcionarias no han cesado sus labores a lo largo de todo Chile para asegurar la cadena de abastecimiento de alimentos, proteger la sanidad de nuestra agricultura y desarrollar todas las actividades que -de la mano con nuestros agricultores y agricultoras- jam\u00e1s se han detenido. Hoy, m\u00e1s que nunca, ha quedado de manifiesto que el campo est\u00e1 vivo y que es un sector imprescindible para la vida y desarrollo de nuestro pa\u00eds, pues nos entrega los alimentos. Siento el orgullo de encabezar una instituci\u00f3n como el Servicio Agr\u00edcola y Ganadero que no ha bajado sus brazos ni un solo momento para seguir trabajando al Servicio de todos los chilenos y chilenas\u201d, expres\u00f3 la m\u00e1xima autoridad del SAG refiri\u00e9ndose al desempe\u00f1o de la instituci\u00f3n durante los largos meses de pandemia.<\/p>\n<p style=\"text-align: justify;\">Entre los logros que destac\u00f3 Horacio B\u00f3rquez estuvo la concreci\u00f3n durante 2020 de la certificaci\u00f3n electr\u00f3nica fitosanitaria sin papel con 34 pa\u00edses, entre ellos la Uni\u00f3n Europea y Estados Unidos; la digitalizaci\u00f3n de una veintena de tr\u00e1mites para simplificar la atenci\u00f3n a usuarios y usuarias, y la mantenci\u00f3n de nuestra privilegiada condici\u00f3n fitozoosanitaria, que permite llegar con productos frescos de calidad a los mercados m\u00e1s exigentes del mundo.<\/p>\n<p style=\"text-align: justify;\">Tambi\u00e9n entreg\u00f3 detalles de proyectos que el SAG est\u00e1 desarrollando para cumplir con mayor profundidad su rol de servicio p\u00fablico, como son <em>Fiscalizaci\u00f3n con Sentido<\/em>, que apunta a capacitar en algunas normativas como trazabilidad animal y manejo de plaguicidas a la agricultura familiar campesina; y <em>SAG m\u00e1s cerca<\/em>, con oficinas m\u00f3viles que se trasladan hasta apartadas zonas rurales y as\u00ed apoyan en forma directa a los peque\u00f1os productores y productoras.<\/p>\n<p style=\"text-align: justify;\">\u201cSin duda ha sido un a\u00f1o extremadamente dif\u00edcil para todos. Adaptarse a esta pandemia ha sido un gran desaf\u00edo y nos hemos dado cuenta que la mejor forma de enfrentarla es con compromiso, dedicaci\u00f3n, creatividad y trabajo. Desde el d\u00eda uno el SAG se puso a disposici\u00f3n de la gente, siendo un pilar fundamental en la estructura comunitaria local y regional dejando el sello de la solidaridad.<\/p>\n<p style=\"text-align: justify;\">Quisiera agradecer a todas las personas que forman este Servicio, desde La Junta a Villa O\u2019Higgins, no solo por realizar la importante labor de proteger y mantener nuestro estatus fito y zoosanitario \u00a0sino por estar siempre al servicio de nuestra gente. Esta pandemia pasar\u00e1 pero el recuerdo de los funcionarios y funcionarias ayudando en el territorio ser\u00e1 recordado para siempre.\u201d Comento, Matias Vial Orueta, Director Regional SAG Ays\u00e9n.<\/p>\n<p style=\"text-align: justify;\">Para revisar la cuenta p\u00fablica SAG 2020 pinche aqu\u00ed: <a href=\"https:\/\/nam10.safelinks.protection.outlook.com\/?url=https%3A%2F%2Fwww.youtube.com%2Fwatch%3Fv%3DDPfb35XPSgw&amp;data=04%7C01%7Ccecilia.munoz%40sag.gob.cl%7C6f592979bfed4370e33408d91b10b7fc%7C77ecda755864422aa5356ea67154029c%7C0%7C0%7C637570580886152119%7CUnknown%7CTWFpbGZsb3d8eyJWIjoiMC4wLjAwMDAiLCJQIjoiV2luMzIiLCJBTiI6Ik1haWwiLCJXVCI6Mn0%3D%7C1000&amp;sdata=vXcXktSqmFuSnnaIt44uNoOW5UXYT9NqMlllSYZL2Po%3D&amp;reserved=0\">https:\/\/www.youtube.com\/watch?v=DPfb35XPSgw<\/a><\/p>\n<\/div><\/section><\/div><div  style='height:50px' class='hr hr-invisible   avia-builder-el-6  el_after_av_one_full  el_before_av_social_share '><span class='hr-inner ' ><span class='hr-inner-style'><\/span><\/span><\/div><\/p>\n<div  class='av-social-sharing-box  avia-builder-el-7  el_after_av_hr  el_before_av_hr  '><div class='av-share-box'><h5 class='av-share-link-description av-no-toc '>Compartir esta noticia<\/h5><ul class='av-share-box-list noLightbox'><li class='av-share-link av-social-link-facebook' ><a target=\"_blank\" aria-label=\"Compartir en Facebook\" href='https:\/\/www.facebook.com\/sharer.php?u=https:\/\/radiorevelacionfm.cl\/?p=4361&#038;t=SAG%20da%20a%20conocer%20la%20Cuenta%20P%C3%BAblica%20de%20gesti%C3%B3n%202020' aria-hidden='false' data-av_icon='\ue8f3' data-av_iconfont='entypo-fontello' title='' data-avia-related-tooltip='Compartir en Facebook' rel=\"noopener\"><span class='avia_hidden_link_text'>Compartir en Facebook<\/span><\/a><\/li><li class='av-share-link av-social-link-twitter' ><a target=\"_blank\" aria-label=\"Compartir en Twitter\" href='https:\/\/twitter.com\/share?text=SAG%20da%20a%20conocer%20la%20Cuenta%20P%C3%BAblica%20de%20gesti%C3%B3n%202020&#038;url=https:\/\/radiorevelacionfm.cl\/?p=4361' aria-hidden='false' data-av_icon='\ue8f1' data-av_iconfont='entypo-fontello' title='' data-avia-related-tooltip='Compartir en Twitter' rel=\"noopener\"><span class='avia_hidden_link_text'>Compartir en Twitter<\/span><\/a><\/li><li class='av-share-link av-social-link-whatsapp' ><a target=\"_blank\" aria-label=\"Compartir en Whatsapp\" href='https:\/\/api.whatsapp.com\/send?text=https:\/\/radiorevelacionfm.cl\/?p=4361' aria-hidden='false' data-av_icon='\uf232' data-av_iconfont='entypo-fontello' title='' data-avia-related-tooltip='Compartir en Whatsapp' rel=\"noopener\"><span class='avia_hidden_link_text'>Compartir en Whatsapp<\/span><\/a><\/li><li class='av-share-link av-social-link-linkedin' ><a target=\"_blank\" aria-label=\"Compartir en LinkedIn\" href='https:\/\/linkedin.com\/shareArticle?mini=true&#038;title=SAG%20da%20a%20conocer%20la%20Cuenta%20P%C3%BAblica%20de%20gesti%C3%B3n%202020&#038;url=https:\/\/radiorevelacionfm.cl\/?p=4361' aria-hidden='false' data-av_icon='\ue8fc' data-av_iconfont='entypo-fontello' title='' data-avia-related-tooltip='Compartir en LinkedIn' rel=\"noopener\"><span class='avia_hidden_link_text'>Compartir en LinkedIn<\/span><\/a><\/li><li class='av-share-link av-social-link-mail' ><a  aria-label=\"Compartir por correo\" href='mailto:?subject=SAG%20da%20a%20conocer%20la%20Cuenta%20P%C3%BAblica%20de%20gesti%C3%B3n%202020&#038;body=https:\/\/radiorevelacionfm.cl\/?p=4361' aria-hidden='false' data-av_icon='\ue805' data-av_iconfont='entypo-fontello' title='' data-avia-related-tooltip='Compartir por correo'><span class='avia_hidden_link_text'>Compartir por correo<\/span><\/a><\/li><\/ul><\/div><\/div>\n<div  style='height:50px' class='hr hr-invisible   avia-builder-el-8  el_after_av_social_share  el_before_av_comments_list '><span class='hr-inner ' ><span class='hr-inner-style'><\/span><\/span><\/div>\n<div  class='av-buildercomment  av-blog-meta-html-info-disabled av-blog-meta-tag-disabled  '><\/div>\n","protected":false},"excerpt":{"rendered":"","protected":false},"author":1,"featured_media":4362,"comment_status":"open","ping_status":"open","sticky":false,"template":"","format":"standard","meta":{"footnotes":""},"categories":[58],"tags":[],"class_list":["post-4361","post","type-post","status-publish","format-standard","has-post-thumbnail","hentry","category-agricultura"],"jetpack_featured_media_url":"https:\/\/radiorevelacionfm.cl\/wp-content\/uploads\/2021\/05\/SAG_151146-1-1.jpg","_links":{"self":[{"href":"https:\/\/radiorevelacionfm.cl\/index.php?rest_route=\/wp\/v2\/posts\/4361","targetHints":{"allow":["GET"]}}],"collection":[{"href":"https:\/\/radiorevelacionfm.cl\/index.php?rest_route=\/wp\/v2\/posts"}],"about":[{"href":"https:\/\/radiorevelacionfm.cl\/index.php?rest_route=\/wp\/v2\/types\/post"}],"author":[{"embeddable":true,"href":"https:\/\/radiorevelacionfm.cl\/index.php?rest_route=\/wp\/v2\/users\/1"}],"replies":[{"embeddable":true,"href":"https:\/\/radiorevelacionfm.cl\/index.php?rest_route=%2Fwp%2Fv2%2Fcomments&post=4361"}],"version-history":[{"count":1,"href":"https:\/\/radiorevelacionfm.cl\/index.php?rest_route=\/wp\/v2\/posts\/4361\/revisions"}],"predecessor-version":[{"id":4363,"href":"https:\/\/radiorevelacionfm.cl\/index.php?rest_route=\/wp\/v2\/posts\/4361\/revisions\/4363"}],"wp:featuredmedia":[{"embeddable":true,"href":"https:\/\/radiorevelacionfm.cl\/index.php?rest_route=\/wp\/v2\/media\/4362"}],"wp:attachment":[{"href":"https:\/\/radiorevelacionfm.cl\/index.php?rest_route=%2Fwp%2Fv2%2Fmedia&parent=4361"}],"wp:term":[{"taxonomy":"category","embeddable":true,"href":"https:\/\/radiorevelacionfm.cl\/index.php?rest_route=%2Fwp%2Fv2%2Fcategories&post=4361"},{"taxonomy":"post_tag","embeddable":true,"href":"https:\/\/radiorevelacionfm.cl\/index.php?rest_route=%2Fwp%2Fv2%2Ftags&post=4361"}],"curies":[{"name":"wp","href":"https:\/\/api.w.org\/{rel}","templated":true}]}}