{"id":43604,"date":"2024-06-28T20:30:49","date_gmt":"2024-06-28T23:30:49","guid":{"rendered":"https:\/\/radiorevelacionfm.cl\/?p=43604"},"modified":"2024-06-28T20:30:49","modified_gmt":"2024-06-28T23:30:49","slug":"fiscalia-obtiene-condena-para-padre-que-violo-a-su-hija-en-un-camping","status":"publish","type":"post","link":"https:\/\/radiorevelacionfm.cl\/?p=43604","title":{"rendered":"Fiscal\u00eda obtiene condena para padre que viol\u00f3 a su hija en un camping"},"content":{"rendered":"<div class=\"flex_column av_one_full  flex_column_div av-zero-column-padding first  avia-builder-el-0  el_before_av_one_full  avia-builder-el-first  \" style='border-radius:0px; '><div  class='avia-image-container  av-styling-    avia-builder-el-1  avia-builder-el-no-sibling  avia-align-center '  itemprop=\"image\" itemscope=\"itemscope\" itemtype=\"https:\/\/schema.org\/ImageObject\"  ><div class='avia-image-container-inner'><div class='avia-image-overlay-wrap'><img decoding=\"async\" class='wp-image-43605 avia-img-lazy-loading-not-43605 avia_image' src=\"https:\/\/radiorevelacionfm.cl\/wp-content\/uploads\/2024\/06\/18-3-1-1.jpg\" alt='' title='18 (3) (1) (1)' height=\"600\" width=\"900\"  itemprop=\"thumbnailUrl\" srcset=\"https:\/\/radiorevelacionfm.cl\/wp-content\/uploads\/2024\/06\/18-3-1-1.jpg 900w, https:\/\/radiorevelacionfm.cl\/wp-content\/uploads\/2024\/06\/18-3-1-1-300x200.jpg 300w, https:\/\/radiorevelacionfm.cl\/wp-content\/uploads\/2024\/06\/18-3-1-1-768x512.jpg 768w, https:\/\/radiorevelacionfm.cl\/wp-content\/uploads\/2024\/06\/18-3-1-1-705x470.jpg 705w, https:\/\/radiorevelacionfm.cl\/wp-content\/uploads\/2024\/06\/18-3-1-1-450x300.jpg 450w, https:\/\/radiorevelacionfm.cl\/wp-content\/uploads\/2024\/06\/18-3-1-1-600x400.jpg 600w\" sizes=\"(max-width: 900px) 100vw, 900px\" \/><\/div><\/div><\/div><\/div><div class=\"flex_column av_one_full  flex_column_div av-zero-column-padding first  avia-builder-el-2  el_after_av_one_full  el_before_av_one_full  column-top-margin\" style='border-radius:0px; '><section class=\"av_textblock_section \"  itemscope=\"itemscope\" itemtype=\"https:\/\/schema.org\/BlogPosting\" itemprop=\"blogPost\" ><div class='avia_textblock  '   itemprop=\"text\" ><p style=\"text-align: center;\"><span style=\"font-size: 18pt;\"><b>Fiscal\u00eda obtiene condena para padre que viol\u00f3 a su hija en un camping<\/b><\/span><\/p>\n<div id=\"gtx-trans\" style=\"position: absolute; left: -50px; top: 4.31534px;\">\n<div class=\"gtx-trans-icon\"><\/div>\n<\/div>\n<\/div><\/section><\/div><div class=\"flex_column av_one_full  flex_column_div av-zero-column-padding first  avia-builder-el-4  el_after_av_one_full  el_before_av_hr  column-top-margin\" style='border-radius:0px; '><section class=\"av_textblock_section \"  itemscope=\"itemscope\" itemtype=\"https:\/\/schema.org\/BlogPosting\" itemprop=\"blogPost\" ><div class='avia_textblock  '   itemprop=\"text\" ><p style=\"font-weight: 400; text-align: justify;\"><em>Sujeto fue condenado a 9 a\u00f1os de presidio mayor en su grado m\u00ednimo por parte del Tribunal de Juicio Oral en Lo Penal de Coyhaique.<\/em><\/p>\n<p style=\"font-weight: 400; text-align: justify;\">La Fiscal\u00eda Local Ays\u00e9n y Cisnes logr\u00f3 una sentencia condenatoria en contra de un imputado de 43 a\u00f1os, como autor del delito de violaci\u00f3n cometido en perjuicio de su hija de 15 a\u00f1os, alrededor de las 23.00 horas del 18 de enero del a\u00f1o 2023 en un camping de Ra\u00fal Mar\u00edn Balmaceda. El sujeto fue sentenciado a 9 a\u00f1os de presidio mayor en su grado m\u00ednimo por parte del Tribunal de Juicio Oral en Lo Penal de Coyhaique.<\/p>\n<p style=\"font-weight: 400; text-align: justify;\">En este caso, el fiscal jefe de Ays\u00e9n y Cisnes, Pedro Poblete Viejo, present\u00f3 diversas pruebas testimoniales y periciales, obtenidas como parte de una investigaci\u00f3n en la cual se solicitaron diligencias a Carabineros de Ra\u00fal Mar\u00edn Balmaceda, la Brigada de Delitos Sexuales y el Laboratorio de Criminal\u00edstica de la PDI y el Servicio M\u00e9dico Legal, adem\u00e1s del testimonio de la propia v\u00edctima a trav\u00e9s de una entrevista investigativa videograbada.<\/p>\n<p style=\"font-weight: 400; text-align: justify;\">\u201cEstos hechos habr\u00edan ocurrido en el transcurso del 18 de enero del a\u00f1o pasado en un camping ubicado en la localidad de Ra\u00fal Mar\u00edn Balmaceda, comuna de Cisnes\u201d, coment\u00f3 el fiscal Poblete.<\/p>\n<p style=\"font-weight: 400; text-align: justify;\">\u201cEn esta oportunidad, el tribunal, con el m\u00e9rito de la prueba rendida en el juicio, tuvo por acreditada la participaci\u00f3n culpable del padre como autor de delito de violaci\u00f3n en perjuicio de una menor de catorce a\u00f1os de edad, siendo condenado entonces a la pena de nueve a\u00f1os de presidio mayor en su grado m\u00ednimo, la cual deber\u00e1 cumplir \u00edntegramente en dependencia de Gendarmer\u00eda de Chile\u201d.<\/p>\n<p style=\"font-weight: 400; text-align: justify;\">En este caso, tambi\u00e9n apoy\u00f3 a la afectada y su familia, la Unidad de Atenci\u00f3n a V\u00edctimas y Testigos de la Fiscal\u00eda Regional de Ays\u00e9n.<\/p>\n<\/div><\/section><\/div><div  style='height:50px' class='hr hr-invisible   avia-builder-el-6  el_after_av_one_full  el_before_av_social_share '><span class='hr-inner ' ><span class='hr-inner-style'><\/span><\/span><\/div><\/p>\n<div  class='av-social-sharing-box  avia-builder-el-7  el_after_av_hr  el_before_av_hr  '><div class='av-share-box'><h5 class='av-share-link-description av-no-toc '>Compartir esta noticia<\/h5><ul class='av-share-box-list noLightbox'><li class='av-share-link av-social-link-facebook' ><a target=\"_blank\" aria-label=\"Compartir en Facebook\" href='https:\/\/www.facebook.com\/sharer.php?u=https:\/\/radiorevelacionfm.cl\/?p=43604&#038;t=Fiscal%C3%ADa%20obtiene%20condena%20para%20padre%20que%20viol%C3%B3%20a%20su%20hija%20en%20un%20camping' aria-hidden='false' data-av_icon='\ue8f3' data-av_iconfont='entypo-fontello' title='' data-avia-related-tooltip='Compartir en Facebook' rel=\"noopener\"><span class='avia_hidden_link_text'>Compartir en Facebook<\/span><\/a><\/li><li class='av-share-link av-social-link-twitter' ><a target=\"_blank\" aria-label=\"Compartir en Twitter\" href='https:\/\/twitter.com\/share?text=Fiscal%C3%ADa%20obtiene%20condena%20para%20padre%20que%20viol%C3%B3%20a%20su%20hija%20en%20un%20camping&#038;url=https:\/\/radiorevelacionfm.cl\/?p=43604' aria-hidden='false' data-av_icon='\ue8f1' data-av_iconfont='entypo-fontello' title='' data-avia-related-tooltip='Compartir en Twitter' rel=\"noopener\"><span class='avia_hidden_link_text'>Compartir en Twitter<\/span><\/a><\/li><li class='av-share-link av-social-link-whatsapp' ><a target=\"_blank\" aria-label=\"Compartir en Whatsapp\" href='https:\/\/api.whatsapp.com\/send?text=https:\/\/radiorevelacionfm.cl\/?p=43604' aria-hidden='false' data-av_icon='\uf232' data-av_iconfont='entypo-fontello' title='' data-avia-related-tooltip='Compartir en Whatsapp' rel=\"noopener\"><span class='avia_hidden_link_text'>Compartir en Whatsapp<\/span><\/a><\/li><li class='av-share-link av-social-link-linkedin' ><a target=\"_blank\" aria-label=\"Compartir en LinkedIn\" href='https:\/\/linkedin.com\/shareArticle?mini=true&#038;title=Fiscal%C3%ADa%20obtiene%20condena%20para%20padre%20que%20viol%C3%B3%20a%20su%20hija%20en%20un%20camping&#038;url=https:\/\/radiorevelacionfm.cl\/?p=43604' aria-hidden='false' data-av_icon='\ue8fc' data-av_iconfont='entypo-fontello' title='' data-avia-related-tooltip='Compartir en LinkedIn' rel=\"noopener\"><span class='avia_hidden_link_text'>Compartir en LinkedIn<\/span><\/a><\/li><li class='av-share-link av-social-link-mail' ><a  aria-label=\"Compartir por correo\" href='mailto:?subject=Fiscal%C3%ADa%20obtiene%20condena%20para%20padre%20que%20viol%C3%B3%20a%20su%20hija%20en%20un%20camping&#038;body=https:\/\/radiorevelacionfm.cl\/?p=43604' aria-hidden='false' data-av_icon='\ue805' data-av_iconfont='entypo-fontello' title='' data-avia-related-tooltip='Compartir por correo'><span class='avia_hidden_link_text'>Compartir por correo<\/span><\/a><\/li><\/ul><\/div><\/div>\n<div  style='height:50px' class='hr hr-invisible   avia-builder-el-8  el_after_av_social_share  el_before_av_comments_list '><span class='hr-inner ' ><span class='hr-inner-style'><\/span><\/span><\/div>\n<div  class='av-buildercomment  av-blog-meta-html-info-disabled av-blog-meta-tag-disabled  '><\/div>\n","protected":false},"excerpt":{"rendered":"","protected":false},"author":1,"featured_media":43605,"comment_status":"open","ping_status":"open","sticky":false,"template":"","format":"standard","meta":{"footnotes":""},"categories":[36],"tags":[],"class_list":["post-43604","post","type-post","status-publish","format-standard","has-post-thumbnail","hentry","category-policial"],"jetpack_featured_media_url":"https:\/\/radiorevelacionfm.cl\/wp-content\/uploads\/2024\/06\/18-3-1-1.jpg","_links":{"self":[{"href":"https:\/\/radiorevelacionfm.cl\/index.php?rest_route=\/wp\/v2\/posts\/43604","targetHints":{"allow":["GET"]}}],"collection":[{"href":"https:\/\/radiorevelacionfm.cl\/index.php?rest_route=\/wp\/v2\/posts"}],"about":[{"href":"https:\/\/radiorevelacionfm.cl\/index.php?rest_route=\/wp\/v2\/types\/post"}],"author":[{"embeddable":true,"href":"https:\/\/radiorevelacionfm.cl\/index.php?rest_route=\/wp\/v2\/users\/1"}],"replies":[{"embeddable":true,"href":"https:\/\/radiorevelacionfm.cl\/index.php?rest_route=%2Fwp%2Fv2%2Fcomments&post=43604"}],"version-history":[{"count":1,"href":"https:\/\/radiorevelacionfm.cl\/index.php?rest_route=\/wp\/v2\/posts\/43604\/revisions"}],"predecessor-version":[{"id":43606,"href":"https:\/\/radiorevelacionfm.cl\/index.php?rest_route=\/wp\/v2\/posts\/43604\/revisions\/43606"}],"wp:featuredmedia":[{"embeddable":true,"href":"https:\/\/radiorevelacionfm.cl\/index.php?rest_route=\/wp\/v2\/media\/43605"}],"wp:attachment":[{"href":"https:\/\/radiorevelacionfm.cl\/index.php?rest_route=%2Fwp%2Fv2%2Fmedia&parent=43604"}],"wp:term":[{"taxonomy":"category","embeddable":true,"href":"https:\/\/radiorevelacionfm.cl\/index.php?rest_route=%2Fwp%2Fv2%2Fcategories&post=43604"},{"taxonomy":"post_tag","embeddable":true,"href":"https:\/\/radiorevelacionfm.cl\/index.php?rest_route=%2Fwp%2Fv2%2Ftags&post=43604"}],"curies":[{"name":"wp","href":"https:\/\/api.w.org\/{rel}","templated":true}]}}