{"id":43601,"date":"2024-06-28T21:51:48","date_gmt":"2024-06-29T00:51:48","guid":{"rendered":"https:\/\/radiorevelacionfm.cl\/?p=43601"},"modified":"2024-06-28T21:51:48","modified_gmt":"2024-06-29T00:51:48","slug":"seremis-de-la-mujer-y-de-educacion-destacan-articulo-sobre-educacion-no-sexista-en-la-ley-integral-contra-la-violencia-hacia-las-mujeres","status":"publish","type":"post","link":"https:\/\/radiorevelacionfm.cl\/?p=43601","title":{"rendered":"Seremis de la Mujer y de Educaci\u00f3n destacan art\u00edculo sobre Educaci\u00f3n no sexista en la Ley Integral Contra la violencia hacia las mujeres"},"content":{"rendered":"<div class=\"flex_column av_one_full  flex_column_div av-zero-column-padding first  avia-builder-el-0  el_before_av_one_full  avia-builder-el-first  \" style='border-radius:0px; '><div  class='avia-image-container  av-styling-    avia-builder-el-1  avia-builder-el-no-sibling  avia-align-center '  itemprop=\"image\" itemscope=\"itemscope\" itemtype=\"https:\/\/schema.org\/ImageObject\"  ><div class='avia-image-container-inner'><div class='avia-image-overlay-wrap'><img decoding=\"async\" class='wp-image-43602 avia-img-lazy-loading-not-43602 avia_image' src=\"https:\/\/radiorevelacionfm.cl\/wp-content\/uploads\/2024\/06\/Buenas-practicas-2-1-1.jpg\" alt='' title='Buenas pr\u00e1cticas 2 (1) (1)' height=\"600\" width=\"797\"  itemprop=\"thumbnailUrl\" srcset=\"https:\/\/radiorevelacionfm.cl\/wp-content\/uploads\/2024\/06\/Buenas-practicas-2-1-1.jpg 797w, https:\/\/radiorevelacionfm.cl\/wp-content\/uploads\/2024\/06\/Buenas-practicas-2-1-1-300x226.jpg 300w, https:\/\/radiorevelacionfm.cl\/wp-content\/uploads\/2024\/06\/Buenas-practicas-2-1-1-768x578.jpg 768w, https:\/\/radiorevelacionfm.cl\/wp-content\/uploads\/2024\/06\/Buenas-practicas-2-1-1-705x531.jpg 705w, https:\/\/radiorevelacionfm.cl\/wp-content\/uploads\/2024\/06\/Buenas-practicas-2-1-1-450x339.jpg 450w, https:\/\/radiorevelacionfm.cl\/wp-content\/uploads\/2024\/06\/Buenas-practicas-2-1-1-600x452.jpg 600w\" sizes=\"(max-width: 797px) 100vw, 797px\" \/><\/div><\/div><\/div><\/div><div class=\"flex_column av_one_full  flex_column_div av-zero-column-padding first  avia-builder-el-2  el_after_av_one_full  el_before_av_one_full  column-top-margin\" style='border-radius:0px; '><section class=\"av_textblock_section \"  itemscope=\"itemscope\" itemtype=\"https:\/\/schema.org\/BlogPosting\" itemprop=\"blogPost\" ><div class='avia_textblock  '   itemprop=\"text\" ><p style=\"text-align: center;\"><span style=\"font-size: 18pt;\"><strong>Seremis de la Mujer y de Educaci\u00f3n destacan art\u00edculo sobre Educaci\u00f3n no sexista en la Ley Integral Contra la violencia hacia las mujeres<\/strong><\/span><\/p>\n<div id=\"gtx-trans\" style=\"position: absolute; left: -50px; top: 4.31534px;\">\n<div class=\"gtx-trans-icon\"><\/div>\n<\/div>\n<\/div><\/section><\/div><div class=\"flex_column av_one_full  flex_column_div av-zero-column-padding first  avia-builder-el-4  el_after_av_one_full  el_before_av_hr  column-top-margin\" style='border-radius:0px; '><section class=\"av_textblock_section \"  itemscope=\"itemscope\" itemtype=\"https:\/\/schema.org\/BlogPosting\" itemprop=\"blogPost\" ><div class='avia_textblock  '   itemprop=\"text\" ><p style=\"text-align: justify;\">Desde el a\u00f1o 1990 cada 21 de junio se conmemora el d\u00eda de la Educaci\u00f3n no Sexista, el cual, en esta oportunidad, gracias al avance legislativo logrado en el Parlamento, cuenta con un apartado normativo tendiente a reconocerlo como estrategia educativa preventiva en violencias de g\u00e9nero en nuestro pa\u00eds, iniciativa valorada y destacada por las representantes de las carteras regionales.<\/p>\n<p style=\"text-align: justify;\">En este contexto, la recientemente promulgada Ley Integral sobre el Derecho de las Mujeres a una Vida Libre de Violencias, impulsada hace siete a\u00f1os y materializada en el gobierno del Presidente Gabriel Boric, deja establecido en su art\u00edculo 12, denominado \u201cObligaciones especiales de prevenci\u00f3n de violencia de g\u00e9nero en el \u00e1mbito de la educaci\u00f3n\u201d, donde el Ministerio de Educaci\u00f3n deber\u00e1 promover en los establecimientos reconocidos por el Estado una educaci\u00f3n no sexista y la igualdad de g\u00e9nero, adem\u00e1s de considerar en sus reglamentos internos y protocolos \u00a0la promoci\u00f3n de la igualdad en dignidad, \u00a0derechos y la prevenci\u00f3n de la violencia de g\u00e9nero en todas sus formas.<\/p>\n<p style=\"text-align: justify;\">Al respecto, Andrea M\u00e9ndez, Seremi de la Mujer y Equidad de G\u00e9nero, indico: \u201cCuando hablamos de promover una Educaci\u00f3n No Sexista nos estamos haciendo responsables como Estado de reconocer que el sexismo, en cuanto ejercicio discriminatorio por razones de g\u00e9nero, se aprende y se reproduce en diferentes escenarios, uno de ellos es el educativo. Desde all\u00ed, es posible el dise\u00f1o de estrategias pedag\u00f3gicas tendientes a brindar conocimientos y habilidades para identificar a tiempo diferentes formas de violencia por razones de g\u00e9nero, as\u00ed como tambi\u00e9n, formas adecuadas para relacionarse en contextos de pareja\u201d<\/p>\n<p style=\"text-align: justify;\">Por su parte, la titular de Educaci\u00f3n, Isabel Garrido, mencion\u00f3 que \u201cel programa de Gobierno del Presidente Gabriel Boric busca promover la justicia y la equidad en todas sus formas. Como Ministerio de Educaci\u00f3n valoramos la promulgaci\u00f3n de esta ley, ya que entrega un marco de acci\u00f3n a las escuelas, posicion\u00e1ndolas como instituciones responsables de promover la equidad en materia de g\u00e9nero. Sabemos que en la escuela se forja la cultura, las formas de convivir y de pensar de una sociedad, por lo tanto, docentes, asistentes de la educaci\u00f3n y estudiantes son actores indispensables en la construcci\u00f3n de un mejor presente y futuro.\u201d<\/p>\n<p style=\"text-align: justify;\">\u00a0En este contexto, ambas carteras reconocen la importancia de considerar la Educaci\u00f3n No Sexista como una estrategia preventiva en violencia, capaz de ense\u00f1ar desde la ense\u00f1anza parvularia hasta la universitaria, formas de relacionarse basadas en el respeto y el consentimiento, asumiendo los compromisos de educar con co-responsabilidad, adem\u00e1s de promover espacios seguros para todos y todas.<\/p>\n<\/div><\/section><\/div><div  style='height:50px' class='hr hr-invisible   avia-builder-el-6  el_after_av_one_full  el_before_av_social_share '><span class='hr-inner ' ><span class='hr-inner-style'><\/span><\/span><\/div><\/p>\n<div  class='av-social-sharing-box  avia-builder-el-7  el_after_av_hr  el_before_av_hr  '><div class='av-share-box'><h5 class='av-share-link-description av-no-toc '>Compartir esta noticia<\/h5><ul class='av-share-box-list noLightbox'><li class='av-share-link av-social-link-facebook' ><a target=\"_blank\" aria-label=\"Compartir en Facebook\" href='https:\/\/www.facebook.com\/sharer.php?u=https:\/\/radiorevelacionfm.cl\/?p=43601&#038;t=Seremis%20de%20la%20Mujer%20y%20de%20Educaci%C3%B3n%20destacan%20art%C3%ADculo%20sobre%20Educaci%C3%B3n%20no%20sexista%20en%20la%20Ley%20Integral%20Contra%20la%20violencia%20hacia%20las%20mujeres' aria-hidden='false' data-av_icon='\ue8f3' data-av_iconfont='entypo-fontello' title='' data-avia-related-tooltip='Compartir en Facebook' rel=\"noopener\"><span class='avia_hidden_link_text'>Compartir en Facebook<\/span><\/a><\/li><li class='av-share-link av-social-link-twitter' ><a target=\"_blank\" aria-label=\"Compartir en Twitter\" href='https:\/\/twitter.com\/share?text=Seremis%20de%20la%20Mujer%20y%20de%20Educaci%C3%B3n%20destacan%20art%C3%ADculo%20sobre%20Educaci%C3%B3n%20no%20sexista%20en%20la%20Ley%20Integral%20Contra%20la%20violencia%20hacia%20las%20mujeres&#038;url=https:\/\/radiorevelacionfm.cl\/?p=43601' aria-hidden='false' data-av_icon='\ue8f1' data-av_iconfont='entypo-fontello' title='' data-avia-related-tooltip='Compartir en Twitter' rel=\"noopener\"><span class='avia_hidden_link_text'>Compartir en Twitter<\/span><\/a><\/li><li class='av-share-link av-social-link-whatsapp' ><a target=\"_blank\" aria-label=\"Compartir en Whatsapp\" href='https:\/\/api.whatsapp.com\/send?text=https:\/\/radiorevelacionfm.cl\/?p=43601' aria-hidden='false' data-av_icon='\uf232' data-av_iconfont='entypo-fontello' title='' data-avia-related-tooltip='Compartir en Whatsapp' rel=\"noopener\"><span class='avia_hidden_link_text'>Compartir en Whatsapp<\/span><\/a><\/li><li class='av-share-link av-social-link-linkedin' ><a target=\"_blank\" aria-label=\"Compartir en LinkedIn\" href='https:\/\/linkedin.com\/shareArticle?mini=true&#038;title=Seremis%20de%20la%20Mujer%20y%20de%20Educaci%C3%B3n%20destacan%20art%C3%ADculo%20sobre%20Educaci%C3%B3n%20no%20sexista%20en%20la%20Ley%20Integral%20Contra%20la%20violencia%20hacia%20las%20mujeres&#038;url=https:\/\/radiorevelacionfm.cl\/?p=43601' aria-hidden='false' data-av_icon='\ue8fc' data-av_iconfont='entypo-fontello' title='' data-avia-related-tooltip='Compartir en LinkedIn' rel=\"noopener\"><span class='avia_hidden_link_text'>Compartir en LinkedIn<\/span><\/a><\/li><li class='av-share-link av-social-link-mail' ><a  aria-label=\"Compartir por correo\" href='mailto:?subject=Seremis%20de%20la%20Mujer%20y%20de%20Educaci%C3%B3n%20destacan%20art%C3%ADculo%20sobre%20Educaci%C3%B3n%20no%20sexista%20en%20la%20Ley%20Integral%20Contra%20la%20violencia%20hacia%20las%20mujeres&#038;body=https:\/\/radiorevelacionfm.cl\/?p=43601' aria-hidden='false' data-av_icon='\ue805' data-av_iconfont='entypo-fontello' title='' data-avia-related-tooltip='Compartir por correo'><span class='avia_hidden_link_text'>Compartir por correo<\/span><\/a><\/li><\/ul><\/div><\/div>\n<div  style='height:50px' class='hr hr-invisible   avia-builder-el-8  el_after_av_social_share  el_before_av_comments_list '><span class='hr-inner ' ><span class='hr-inner-style'><\/span><\/span><\/div>\n<div  class='av-buildercomment  av-blog-meta-html-info-disabled av-blog-meta-tag-disabled  '><\/div>\n","protected":false},"excerpt":{"rendered":"","protected":false},"author":1,"featured_media":43602,"comment_status":"open","ping_status":"open","sticky":false,"template":"","format":"standard","meta":{"footnotes":""},"categories":[63],"tags":[],"class_list":["post-43601","post","type-post","status-publish","format-standard","has-post-thumbnail","hentry","category-mujer-y-genero"],"jetpack_featured_media_url":"https:\/\/radiorevelacionfm.cl\/wp-content\/uploads\/2024\/06\/Buenas-practicas-2-1-1.jpg","_links":{"self":[{"href":"https:\/\/radiorevelacionfm.cl\/index.php?rest_route=\/wp\/v2\/posts\/43601","targetHints":{"allow":["GET"]}}],"collection":[{"href":"https:\/\/radiorevelacionfm.cl\/index.php?rest_route=\/wp\/v2\/posts"}],"about":[{"href":"https:\/\/radiorevelacionfm.cl\/index.php?rest_route=\/wp\/v2\/types\/post"}],"author":[{"embeddable":true,"href":"https:\/\/radiorevelacionfm.cl\/index.php?rest_route=\/wp\/v2\/users\/1"}],"replies":[{"embeddable":true,"href":"https:\/\/radiorevelacionfm.cl\/index.php?rest_route=%2Fwp%2Fv2%2Fcomments&post=43601"}],"version-history":[{"count":1,"href":"https:\/\/radiorevelacionfm.cl\/index.php?rest_route=\/wp\/v2\/posts\/43601\/revisions"}],"predecessor-version":[{"id":43603,"href":"https:\/\/radiorevelacionfm.cl\/index.php?rest_route=\/wp\/v2\/posts\/43601\/revisions\/43603"}],"wp:featuredmedia":[{"embeddable":true,"href":"https:\/\/radiorevelacionfm.cl\/index.php?rest_route=\/wp\/v2\/media\/43602"}],"wp:attachment":[{"href":"https:\/\/radiorevelacionfm.cl\/index.php?rest_route=%2Fwp%2Fv2%2Fmedia&parent=43601"}],"wp:term":[{"taxonomy":"category","embeddable":true,"href":"https:\/\/radiorevelacionfm.cl\/index.php?rest_route=%2Fwp%2Fv2%2Fcategories&post=43601"},{"taxonomy":"post_tag","embeddable":true,"href":"https:\/\/radiorevelacionfm.cl\/index.php?rest_route=%2Fwp%2Fv2%2Ftags&post=43601"}],"curies":[{"name":"wp","href":"https:\/\/api.w.org\/{rel}","templated":true}]}}