{"id":43592,"date":"2024-06-28T19:58:53","date_gmt":"2024-06-28T22:58:53","guid":{"rendered":"https:\/\/radiorevelacionfm.cl\/?p=43592"},"modified":"2024-06-28T19:58:53","modified_gmt":"2024-06-28T22:58:53","slug":"edelaysen-y-empresas-contratistas-fortalecen-su-compromiso-con-la-comunidad-en-expo-empleo-coyhaique","status":"publish","type":"post","link":"https:\/\/radiorevelacionfm.cl\/?p=43592","title":{"rendered":"Edelaysen y empresas contratistas fortalecen su compromiso con la comunidad en Expo Empleo Coyhaique"},"content":{"rendered":"<div class=\"flex_column av_one_full  flex_column_div av-zero-column-padding first  avia-builder-el-0  el_before_av_one_full  avia-builder-el-first  \" style='border-radius:0px; '><div  class='avia-image-container  av-styling-    avia-builder-el-1  avia-builder-el-no-sibling  avia-align-center '  itemprop=\"image\" itemscope=\"itemscope\" itemtype=\"https:\/\/schema.org\/ImageObject\"  ><div class='avia-image-container-inner'><div class='avia-image-overlay-wrap'><img decoding=\"async\" class='wp-image-43589 avia-img-lazy-loading-not-43589 avia_image' src=\"https:\/\/radiorevelacionfm.cl\/wp-content\/uploads\/2024\/06\/Expo-Empleo-Coyhaique0-1-1.jpeg\" alt='' title='Expo Empleo Coyhaique0 (1) (1)' height=\"600\" width=\"800\"  itemprop=\"thumbnailUrl\" srcset=\"https:\/\/radiorevelacionfm.cl\/wp-content\/uploads\/2024\/06\/Expo-Empleo-Coyhaique0-1-1.jpeg 800w, https:\/\/radiorevelacionfm.cl\/wp-content\/uploads\/2024\/06\/Expo-Empleo-Coyhaique0-1-1-300x225.jpeg 300w, https:\/\/radiorevelacionfm.cl\/wp-content\/uploads\/2024\/06\/Expo-Empleo-Coyhaique0-1-1-768x576.jpeg 768w, https:\/\/radiorevelacionfm.cl\/wp-content\/uploads\/2024\/06\/Expo-Empleo-Coyhaique0-1-1-705x529.jpeg 705w, https:\/\/radiorevelacionfm.cl\/wp-content\/uploads\/2024\/06\/Expo-Empleo-Coyhaique0-1-1-450x338.jpeg 450w, https:\/\/radiorevelacionfm.cl\/wp-content\/uploads\/2024\/06\/Expo-Empleo-Coyhaique0-1-1-600x450.jpeg 600w\" sizes=\"(max-width: 800px) 100vw, 800px\" \/><\/div><\/div><\/div><\/div><div class=\"flex_column av_one_full  flex_column_div av-zero-column-padding first  avia-builder-el-2  el_after_av_one_full  el_before_av_one_full  column-top-margin\" style='border-radius:0px; '><section class=\"av_textblock_section \"  itemscope=\"itemscope\" itemtype=\"https:\/\/schema.org\/BlogPosting\" itemprop=\"blogPost\" ><div class='avia_textblock  '   itemprop=\"text\" ><p style=\"text-align: center;\"><span style=\"font-size: 18pt;\"><strong>Edelaysen y empresas contratistas fortalecen su compromiso con la comunidad en Expo Empleo Coyhaique<\/strong><\/span><\/p>\n<div id=\"gtx-trans\" style=\"position: absolute; left: -50px; top: 4.31534px;\">\n<div class=\"gtx-trans-icon\"><\/div>\n<\/div>\n<\/div><\/section><\/div><div class=\"flex_column av_one_full  flex_column_div av-zero-column-padding first  avia-builder-el-4  el_after_av_one_full  el_before_av_hr  column-top-margin\" style='border-radius:0px; '><section class=\"av_textblock_section \"  itemscope=\"itemscope\" itemtype=\"https:\/\/schema.org\/BlogPosting\" itemprop=\"blogPost\" ><div class='avia_textblock  '   itemprop=\"text\" ><p style=\"text-align: justify;\"><em>La el\u00e9ctrica junto a Rimalco y Sur Electricidad participaron en la Expo Empleo de la Municipalidad de Coyhaique, recibiendo antecedentes de la comunidad para posibles vacantes laborales.<\/em><\/p>\n<p style=\"text-align: justify;\">Edelaysen junto a sus empresas contratitas Rimalco y Sur Electricidad, participaron activamente en la Expo Empleo organizada por la I. Municipalidad de Coyhaique. Durante la jornada, se recibieron antecedentes laborales de la comunidad local para posibles vacantes, reafirmando el compromiso de la empresa con el desarrollo laboral y el bienestar de la regi\u00f3n.<\/p>\n<p style=\"text-align: justify;\">En tal sentido, la expo tuvo como objetivo conectar a los vecinos y vecinas de la capital de la regi\u00f3n, con oportunidades laborales y fomentar el crecimiento econ\u00f3mico de la regi\u00f3n. Representantes de Edelaysen, Rimalco y Sur Electricidad estuvieron presentes para interactuar con los asistentes, proporcionando informaci\u00f3n detallada sobre las vacantes disponibles y los perfiles profesionales buscados.<\/p>\n<p style=\"text-align: justify;\">De acuerdo con ello, Francisco Pavez ejecutivo de la el\u00e9ctrica destac\u00f3 que: \u201cEn Edelaysen estamos comprometidos con nuestra comunidad y valoramos el desarrollo laboral de cada uno de ellos. Participar en eventos como la Expo Empleo es fundamental para nosotros, ya que nos permite fortalecer nuestra relaci\u00f3n con los vecinos y vecinas y contribuir a su crecimiento profesional\u201d.<\/p>\n<p style=\"text-align: justify;\">Adem\u00e1s de la recepci\u00f3n de documentos, la participaci\u00f3n en la Expo Empleo permiti\u00f3 a Edelaysen y sus contratistas reforzar vinculaci\u00f3n con la comunidad, promoviendo pr\u00e1cticas laborales inclusivas y sostenibles.<\/p>\n<p style=\"text-align: justify;\">Hern\u00e1n Suazo, trabajador de Sur Electricidad del \u00e1rea de Obras y Mantenimiento destac\u00f3 que: \u201cComo empresa nos parece bastante interesante el poder participar, esta es la segunda vez que estamos, as\u00ed que es una buena instancia para darnos a conocer y al mismo tiempo poder encontrar gente con conocimientos que nos puedan prestar servicios\u201d.<\/p>\n<p style=\"text-align: justify;\">Esta actividad, organizada por el municipio de Coyhaique, cont\u00f3 con la participaci\u00f3n de diversas entidades p\u00fablicas y empresas privadas que dieron a conocer el tipo de trabajo que desarrollan en la regi\u00f3n y las oportunidades disponibles para los asistentes.<\/p>\n<p style=\"text-align: justify;\">De esta manera, el alcalde Carlos Gatica valor\u00f3 la instancia y el apoyo de las empresas agregando \u201c(queremos) agradecer a Edelaysen que est\u00e9 presente. El dar una oportunidad laboral y que gire en torno a la inclusi\u00f3n nos ayuda a tener una comuna m\u00e1s justa, a tener empresas con mucha m\u00e1s articulaci\u00f3n dentro de la comunidad y por supuesto tambi\u00e9n nos da la oportunidad de ser mejor persona porque la integraci\u00f3n es siempre positiva. Muy contento por la concurrencia porque la feria del a\u00f1o pasado tuvo un 50% de efectividad, lo que quiere decir que de cada dos personas que llegaba a la feria una encontraba trabajo, as\u00ed que esperar que este a\u00f1o esta cifra pueda ser a\u00fan mayor\u201d.<\/p>\n<p style=\"text-align: justify;\">La participaci\u00f3n de Edelaysen en la Expo Empleo de Coyhaique es parte del compromiso continuo de la el\u00e9ctrica con el desarrollo de la comunidad. A trav\u00e9s de esta y otras iniciativas, la empresa busca no solo ofrecer oportunidades laborales, sino tambi\u00e9n fortalecer lazos e instaurar una comunicaci\u00f3n permanente con los vecinos de la regi\u00f3n.<\/p>\n<\/div><\/section><\/div><div  style='height:50px' class='hr hr-invisible   avia-builder-el-6  el_after_av_one_full  el_before_av_social_share '><span class='hr-inner ' ><span class='hr-inner-style'><\/span><\/span><\/div><\/p>\n<div  class='av-social-sharing-box  avia-builder-el-7  el_after_av_hr  el_before_av_hr  '><div class='av-share-box'><h5 class='av-share-link-description av-no-toc '>Compartir esta noticia<\/h5><ul class='av-share-box-list noLightbox'><li class='av-share-link av-social-link-facebook' ><a target=\"_blank\" aria-label=\"Compartir en Facebook\" href='https:\/\/www.facebook.com\/sharer.php?u=https:\/\/radiorevelacionfm.cl\/?p=43592&#038;t=Edelaysen%20y%20empresas%20contratistas%20fortalecen%20su%20compromiso%20con%20la%20comunidad%20en%20Expo%20Empleo%20Coyhaique' aria-hidden='false' data-av_icon='\ue8f3' data-av_iconfont='entypo-fontello' title='' data-avia-related-tooltip='Compartir en Facebook' rel=\"noopener\"><span class='avia_hidden_link_text'>Compartir en Facebook<\/span><\/a><\/li><li class='av-share-link av-social-link-twitter' ><a target=\"_blank\" aria-label=\"Compartir en Twitter\" href='https:\/\/twitter.com\/share?text=Edelaysen%20y%20empresas%20contratistas%20fortalecen%20su%20compromiso%20con%20la%20comunidad%20en%20Expo%20Empleo%20Coyhaique&#038;url=https:\/\/radiorevelacionfm.cl\/?p=43592' aria-hidden='false' data-av_icon='\ue8f1' data-av_iconfont='entypo-fontello' title='' data-avia-related-tooltip='Compartir en Twitter' rel=\"noopener\"><span class='avia_hidden_link_text'>Compartir en Twitter<\/span><\/a><\/li><li class='av-share-link av-social-link-whatsapp' ><a target=\"_blank\" aria-label=\"Compartir en Whatsapp\" href='https:\/\/api.whatsapp.com\/send?text=https:\/\/radiorevelacionfm.cl\/?p=43592' aria-hidden='false' data-av_icon='\uf232' data-av_iconfont='entypo-fontello' title='' data-avia-related-tooltip='Compartir en Whatsapp' rel=\"noopener\"><span class='avia_hidden_link_text'>Compartir en Whatsapp<\/span><\/a><\/li><li class='av-share-link av-social-link-linkedin' ><a target=\"_blank\" aria-label=\"Compartir en LinkedIn\" href='https:\/\/linkedin.com\/shareArticle?mini=true&#038;title=Edelaysen%20y%20empresas%20contratistas%20fortalecen%20su%20compromiso%20con%20la%20comunidad%20en%20Expo%20Empleo%20Coyhaique&#038;url=https:\/\/radiorevelacionfm.cl\/?p=43592' aria-hidden='false' data-av_icon='\ue8fc' data-av_iconfont='entypo-fontello' title='' data-avia-related-tooltip='Compartir en LinkedIn' rel=\"noopener\"><span class='avia_hidden_link_text'>Compartir en LinkedIn<\/span><\/a><\/li><li class='av-share-link av-social-link-mail' ><a  aria-label=\"Compartir por correo\" href='mailto:?subject=Edelaysen%20y%20empresas%20contratistas%20fortalecen%20su%20compromiso%20con%20la%20comunidad%20en%20Expo%20Empleo%20Coyhaique&#038;body=https:\/\/radiorevelacionfm.cl\/?p=43592' aria-hidden='false' data-av_icon='\ue805' data-av_iconfont='entypo-fontello' title='' data-avia-related-tooltip='Compartir por correo'><span class='avia_hidden_link_text'>Compartir por correo<\/span><\/a><\/li><\/ul><\/div><\/div>\n<div  style='height:50px' class='hr hr-invisible   avia-builder-el-8  el_after_av_social_share  el_before_av_comments_list '><span class='hr-inner ' ><span class='hr-inner-style'><\/span><\/span><\/div>\n<div  class='av-buildercomment  av-blog-meta-html-info-disabled av-blog-meta-tag-disabled  '><\/div>\n","protected":false},"excerpt":{"rendered":"","protected":false},"author":1,"featured_media":43589,"comment_status":"open","ping_status":"open","sticky":false,"template":"","format":"standard","meta":{"footnotes":""},"categories":[37],"tags":[],"class_list":["post-43592","post","type-post","status-publish","format-standard","has-post-thumbnail","hentry","category-economia"],"jetpack_featured_media_url":"https:\/\/radiorevelacionfm.cl\/wp-content\/uploads\/2024\/06\/Expo-Empleo-Coyhaique0-1-1.jpeg","_links":{"self":[{"href":"https:\/\/radiorevelacionfm.cl\/index.php?rest_route=\/wp\/v2\/posts\/43592","targetHints":{"allow":["GET"]}}],"collection":[{"href":"https:\/\/radiorevelacionfm.cl\/index.php?rest_route=\/wp\/v2\/posts"}],"about":[{"href":"https:\/\/radiorevelacionfm.cl\/index.php?rest_route=\/wp\/v2\/types\/post"}],"author":[{"embeddable":true,"href":"https:\/\/radiorevelacionfm.cl\/index.php?rest_route=\/wp\/v2\/users\/1"}],"replies":[{"embeddable":true,"href":"https:\/\/radiorevelacionfm.cl\/index.php?rest_route=%2Fwp%2Fv2%2Fcomments&post=43592"}],"version-history":[{"count":1,"href":"https:\/\/radiorevelacionfm.cl\/index.php?rest_route=\/wp\/v2\/posts\/43592\/revisions"}],"predecessor-version":[{"id":43593,"href":"https:\/\/radiorevelacionfm.cl\/index.php?rest_route=\/wp\/v2\/posts\/43592\/revisions\/43593"}],"wp:featuredmedia":[{"embeddable":true,"href":"https:\/\/radiorevelacionfm.cl\/index.php?rest_route=\/wp\/v2\/media\/43589"}],"wp:attachment":[{"href":"https:\/\/radiorevelacionfm.cl\/index.php?rest_route=%2Fwp%2Fv2%2Fmedia&parent=43592"}],"wp:term":[{"taxonomy":"category","embeddable":true,"href":"https:\/\/radiorevelacionfm.cl\/index.php?rest_route=%2Fwp%2Fv2%2Fcategories&post=43592"},{"taxonomy":"post_tag","embeddable":true,"href":"https:\/\/radiorevelacionfm.cl\/index.php?rest_route=%2Fwp%2Fv2%2Ftags&post=43592"}],"curies":[{"name":"wp","href":"https:\/\/api.w.org\/{rel}","templated":true}]}}