{"id":43588,"date":"2024-06-28T15:49:28","date_gmt":"2024-06-28T18:49:28","guid":{"rendered":"https:\/\/radiorevelacionfm.cl\/?p=43588"},"modified":"2024-06-28T15:49:28","modified_gmt":"2024-06-28T18:49:28","slug":"mas-de-150-jovenes-de-todo-el-pais-se-dieron-cita-en-el-segundo-encuentro-de-juventudes-rurales-organizado-por-indap","status":"publish","type":"post","link":"https:\/\/radiorevelacionfm.cl\/?p=43588","title":{"rendered":"M\u00e1s de 150 j\u00f3venes de todo el pa\u00eds se dieron cita en el segundo encuentro de juventudes rurales organizado por INDAP"},"content":{"rendered":"<div class=\"flex_column av_one_full  flex_column_div av-zero-column-padding first  avia-builder-el-0  el_before_av_one_full  avia-builder-el-first  \" style='border-radius:0px; '><div  class='avia-image-container  av-styling-    avia-builder-el-1  avia-builder-el-no-sibling  avia-align-center '  itemprop=\"image\" itemscope=\"itemscope\" itemtype=\"https:\/\/schema.org\/ImageObject\"  ><div class='avia-image-container-inner'><div class='avia-image-overlay-wrap'><img decoding=\"async\" class='wp-image-43590 avia-img-lazy-loading-not-43590 avia_image' src=\"https:\/\/radiorevelacionfm.cl\/wp-content\/uploads\/2024\/06\/ii-encuentro-nacional-de-juventudes-rurales-3-1_optimized.jpeg\" alt='' title='ii-encuentro-nacional-de-juventudes-rurales-(3)-(1)_optimized' height=\"600\" width=\"900\"  itemprop=\"thumbnailUrl\" srcset=\"https:\/\/radiorevelacionfm.cl\/wp-content\/uploads\/2024\/06\/ii-encuentro-nacional-de-juventudes-rurales-3-1_optimized.jpeg 900w, https:\/\/radiorevelacionfm.cl\/wp-content\/uploads\/2024\/06\/ii-encuentro-nacional-de-juventudes-rurales-3-1_optimized-300x200.jpeg 300w, https:\/\/radiorevelacionfm.cl\/wp-content\/uploads\/2024\/06\/ii-encuentro-nacional-de-juventudes-rurales-3-1_optimized-768x512.jpeg 768w, https:\/\/radiorevelacionfm.cl\/wp-content\/uploads\/2024\/06\/ii-encuentro-nacional-de-juventudes-rurales-3-1_optimized-705x470.jpeg 705w, https:\/\/radiorevelacionfm.cl\/wp-content\/uploads\/2024\/06\/ii-encuentro-nacional-de-juventudes-rurales-3-1_optimized-450x300.jpeg 450w, https:\/\/radiorevelacionfm.cl\/wp-content\/uploads\/2024\/06\/ii-encuentro-nacional-de-juventudes-rurales-3-1_optimized-600x400.jpeg 600w\" sizes=\"(max-width: 900px) 100vw, 900px\" \/><\/div><\/div><\/div><\/div><div class=\"flex_column av_one_full  flex_column_div av-zero-column-padding first  avia-builder-el-2  el_after_av_one_full  el_before_av_one_full  column-top-margin\" style='border-radius:0px; '><section class=\"av_textblock_section \"  itemscope=\"itemscope\" itemtype=\"https:\/\/schema.org\/BlogPosting\" itemprop=\"blogPost\" ><div class='avia_textblock  '   itemprop=\"text\" ><p style=\"text-align: center;\"><span style=\"font-size: 18pt;\"><strong>M\u00e1s de 150 j\u00f3venes de todo el pa\u00eds se dieron cita en el segundo encuentro de juventudes rurales organizado por INDAP<\/strong><\/span><\/p>\n<div id=\"gtx-trans\" style=\"position: absolute; left: -50px; top: 4.31534px;\">\n<div class=\"gtx-trans-icon\"><\/div>\n<\/div>\n<\/div><\/section><\/div><div class=\"flex_column av_one_full  flex_column_div av-zero-column-padding first  avia-builder-el-4  el_after_av_one_full  el_before_av_hr  column-top-margin\" style='border-radius:0px; '><section class=\"av_textblock_section \"  itemscope=\"itemscope\" itemtype=\"https:\/\/schema.org\/BlogPosting\" itemprop=\"blogPost\" ><div class='avia_textblock  '   itemprop=\"text\" ><p><em>La actividad se desarrolla en la comuna de Fresia, Regi\u00f3n de Los Lagos, del 25 al 28 de junio.<\/em><\/p>\n<p style=\"text-align: justify;\">Con la presencia de autoridades regionales y nacionales, se llev\u00f3 a cabo la inauguraci\u00f3n del II Encuentro Nacional de Juventudes Rurales en la comuna de Fresia, Regi\u00f3n de Los Lagos. La iniciativa, que convoca a m\u00e1s de 150 j\u00f3venes desde Arica a Magallanes, es un espacio de di\u00e1logo e intercambio de experiencias para la generaci\u00f3n de redes y propuestas de impacto en las pol\u00edticas p\u00fablicas.<\/p>\n<p style=\"text-align: justify;\">El evento inaugural cont\u00f3 con la presencia del ministro de Agricultura, Esteban Valenzuela, el director nacional de INDAP, Santiago Rojas, el director nacional de INJUV, Juan Pablo Duhalde, la delegada presidencial por la Regi\u00f3n de Los Lagos, Giovanna Moreira, los diputados H\u00e9ctor Barr\u00eda y Jaime S\u00e1ez, el alcalde de Fresia, Jos\u00e9 Miguel C\u00e1rdenas, entre otras autoridades.<\/p>\n<p style=\"text-align: justify;\">El ministro Valenzuela dijo esperar que este encuentro \u201csirva para intercambiar informaci\u00f3n, pero nos s\u00f3lo para hacer un petitorio, sino que, para comprometernos y lograr compromisos convergentes con los gobiernos regionales, con otros ministerios. El mundo rural nunca m\u00e1s olvidado, como lo ha pedido el presidente Boric\u201d.<\/p>\n<p style=\"text-align: justify;\">El director nacional de INDAP destac\u00f3 la importancia de este encuentro como una plataforma para que los j\u00f3venes rurales puedan definir las pol\u00edticas p\u00fablicas necesarias para asegurar su permanencia en el campo. Asimismo, destac\u00f3 que esta actividad refleja \u201cel compromiso del Gobierno del Presidente Boric y los distintos ministerios para crear condiciones que permitan a los j\u00f3venes producir alimentos saludables, contribuyendo as\u00ed a la seguridad y soberan\u00eda alimentaria del pa\u00eds\u201d.<\/p>\n<p style=\"text-align: justify;\">Uno de los hitos m\u00e1s relevantes, fue la entrega de parte de los j\u00f3venes a las autoridades presentes de un manifiesto que plantea las problem\u00e1ticas que enfrentan las juventudes rurales en los territorios y entrega propuestas para enfrentar los diferentes desaf\u00edos que enfrenta el mundo rural.<\/p>\n<p style=\"text-align: justify;\">\u201cVenimos a generar propuestas creativas para los cambios que estamos enfrentando, tanto en temas de cambio clim\u00e1tico, en temas de recambio generacional y en la producci\u00f3n de la ruralidad. Creemos que, como j\u00f3venes, encontrarnos, dialogar y generar estos espacios nos va a ayudar a nutrir la agenda del Gobierno y a trabajar en conjunto. No venimos a pedir, sino que venimos a co-crear las soluciones que permitan que tengamos un campo que sea creativo, rural y sostenible en el tiempo\u201d, indic\u00f3 Fernando Huerta, presidente de la Mesa Nacional de Juventudes Rurales.<\/p>\n<p style=\"text-align: justify;\">El II Encuentro Nacional de Juventudes Rurales se posiciona como una plataforma para visibilizar las necesidades, problem\u00e1ticas y soluciones desde y para las juventudes rurales del pa\u00eds. As\u00ed como un espacio para la generaci\u00f3n de redes entre los j\u00f3venes y las autoridades de gobierno. Entre las actividades que se realizar\u00e1n durante los d\u00edas que quedan, se encuentra el anuncio de la regi\u00f3n que recibir\u00e1 el encuentro para el a\u00f1o 2025.<\/p>\n<\/div><\/section><\/div><div  style='height:50px' class='hr hr-invisible   avia-builder-el-6  el_after_av_one_full  el_before_av_social_share '><span class='hr-inner ' ><span class='hr-inner-style'><\/span><\/span><\/div><\/p>\n<div  class='av-social-sharing-box  avia-builder-el-7  el_after_av_hr  el_before_av_hr  '><div class='av-share-box'><h5 class='av-share-link-description av-no-toc '>Compartir esta noticia<\/h5><ul class='av-share-box-list noLightbox'><li class='av-share-link av-social-link-facebook' ><a target=\"_blank\" aria-label=\"Compartir en Facebook\" href='https:\/\/www.facebook.com\/sharer.php?u=https:\/\/radiorevelacionfm.cl\/?p=43588&#038;t=M%C3%A1s%20de%20150%20j%C3%B3venes%20de%20todo%20el%20pa%C3%ADs%20se%20dieron%20cita%20en%20el%20segundo%20encuentro%20de%20juventudes%20rurales%20organizado%20por%20INDAP' aria-hidden='false' data-av_icon='\ue8f3' data-av_iconfont='entypo-fontello' title='' data-avia-related-tooltip='Compartir en Facebook' rel=\"noopener\"><span class='avia_hidden_link_text'>Compartir en Facebook<\/span><\/a><\/li><li class='av-share-link av-social-link-twitter' ><a target=\"_blank\" aria-label=\"Compartir en Twitter\" href='https:\/\/twitter.com\/share?text=M%C3%A1s%20de%20150%20j%C3%B3venes%20de%20todo%20el%20pa%C3%ADs%20se%20dieron%20cita%20en%20el%20segundo%20encuentro%20de%20juventudes%20rurales%20organizado%20por%20INDAP&#038;url=https:\/\/radiorevelacionfm.cl\/?p=43588' aria-hidden='false' data-av_icon='\ue8f1' data-av_iconfont='entypo-fontello' title='' data-avia-related-tooltip='Compartir en Twitter' rel=\"noopener\"><span class='avia_hidden_link_text'>Compartir en Twitter<\/span><\/a><\/li><li class='av-share-link av-social-link-whatsapp' ><a target=\"_blank\" aria-label=\"Compartir en Whatsapp\" href='https:\/\/api.whatsapp.com\/send?text=https:\/\/radiorevelacionfm.cl\/?p=43588' aria-hidden='false' data-av_icon='\uf232' data-av_iconfont='entypo-fontello' title='' data-avia-related-tooltip='Compartir en Whatsapp' rel=\"noopener\"><span class='avia_hidden_link_text'>Compartir en Whatsapp<\/span><\/a><\/li><li class='av-share-link av-social-link-linkedin' ><a target=\"_blank\" aria-label=\"Compartir en LinkedIn\" href='https:\/\/linkedin.com\/shareArticle?mini=true&#038;title=M%C3%A1s%20de%20150%20j%C3%B3venes%20de%20todo%20el%20pa%C3%ADs%20se%20dieron%20cita%20en%20el%20segundo%20encuentro%20de%20juventudes%20rurales%20organizado%20por%20INDAP&#038;url=https:\/\/radiorevelacionfm.cl\/?p=43588' aria-hidden='false' data-av_icon='\ue8fc' data-av_iconfont='entypo-fontello' title='' data-avia-related-tooltip='Compartir en LinkedIn' rel=\"noopener\"><span class='avia_hidden_link_text'>Compartir en LinkedIn<\/span><\/a><\/li><li class='av-share-link av-social-link-mail' ><a  aria-label=\"Compartir por correo\" href='mailto:?subject=M%C3%A1s%20de%20150%20j%C3%B3venes%20de%20todo%20el%20pa%C3%ADs%20se%20dieron%20cita%20en%20el%20segundo%20encuentro%20de%20juventudes%20rurales%20organizado%20por%20INDAP&#038;body=https:\/\/radiorevelacionfm.cl\/?p=43588' aria-hidden='false' data-av_icon='\ue805' data-av_iconfont='entypo-fontello' title='' data-avia-related-tooltip='Compartir por correo'><span class='avia_hidden_link_text'>Compartir por correo<\/span><\/a><\/li><\/ul><\/div><\/div>\n<div  style='height:50px' class='hr hr-invisible   avia-builder-el-8  el_after_av_social_share  el_before_av_comments_list '><span class='hr-inner ' ><span class='hr-inner-style'><\/span><\/span><\/div>\n<div  class='av-buildercomment  av-blog-meta-html-info-disabled av-blog-meta-tag-disabled  '><\/div>\n","protected":false},"excerpt":{"rendered":"","protected":false},"author":1,"featured_media":43590,"comment_status":"open","ping_status":"open","sticky":false,"template":"","format":"standard","meta":{"footnotes":""},"categories":[38],"tags":[],"class_list":["post-43588","post","type-post","status-publish","format-standard","has-post-thumbnail","hentry","category-regional"],"jetpack_featured_media_url":"https:\/\/radiorevelacionfm.cl\/wp-content\/uploads\/2024\/06\/ii-encuentro-nacional-de-juventudes-rurales-3-1_optimized.jpeg","_links":{"self":[{"href":"https:\/\/radiorevelacionfm.cl\/index.php?rest_route=\/wp\/v2\/posts\/43588","targetHints":{"allow":["GET"]}}],"collection":[{"href":"https:\/\/radiorevelacionfm.cl\/index.php?rest_route=\/wp\/v2\/posts"}],"about":[{"href":"https:\/\/radiorevelacionfm.cl\/index.php?rest_route=\/wp\/v2\/types\/post"}],"author":[{"embeddable":true,"href":"https:\/\/radiorevelacionfm.cl\/index.php?rest_route=\/wp\/v2\/users\/1"}],"replies":[{"embeddable":true,"href":"https:\/\/radiorevelacionfm.cl\/index.php?rest_route=%2Fwp%2Fv2%2Fcomments&post=43588"}],"version-history":[{"count":1,"href":"https:\/\/radiorevelacionfm.cl\/index.php?rest_route=\/wp\/v2\/posts\/43588\/revisions"}],"predecessor-version":[{"id":43591,"href":"https:\/\/radiorevelacionfm.cl\/index.php?rest_route=\/wp\/v2\/posts\/43588\/revisions\/43591"}],"wp:featuredmedia":[{"embeddable":true,"href":"https:\/\/radiorevelacionfm.cl\/index.php?rest_route=\/wp\/v2\/media\/43590"}],"wp:attachment":[{"href":"https:\/\/radiorevelacionfm.cl\/index.php?rest_route=%2Fwp%2Fv2%2Fmedia&parent=43588"}],"wp:term":[{"taxonomy":"category","embeddable":true,"href":"https:\/\/radiorevelacionfm.cl\/index.php?rest_route=%2Fwp%2Fv2%2Fcategories&post=43588"},{"taxonomy":"post_tag","embeddable":true,"href":"https:\/\/radiorevelacionfm.cl\/index.php?rest_route=%2Fwp%2Fv2%2Ftags&post=43588"}],"curies":[{"name":"wp","href":"https:\/\/api.w.org\/{rel}","templated":true}]}}