{"id":43582,"date":"2024-06-28T11:51:14","date_gmt":"2024-06-28T14:51:14","guid":{"rendered":"https:\/\/radiorevelacionfm.cl\/?p=43582"},"modified":"2024-06-28T11:51:14","modified_gmt":"2024-06-28T14:51:14","slug":"en-entrega-de-terreno-para-sede-social-raices-de-manihuales-agradecen-gestiones-de-alcalde-julio-uribe","status":"publish","type":"post","link":"https:\/\/radiorevelacionfm.cl\/?p=43582","title":{"rendered":"En entrega de terreno para sede social \u201cRa\u00edces de Ma\u00f1ihuales\u201d agradecen gestiones de alcalde Julio Uribe"},"content":{"rendered":"<div class=\"flex_column av_one_full  flex_column_div av-zero-column-padding first  avia-builder-el-0  el_before_av_one_full  avia-builder-el-first  \" style='border-radius:0px; '><div  class='avia-image-container  av-styling-    avia-builder-el-1  avia-builder-el-no-sibling  avia-align-center '  itemprop=\"image\" itemscope=\"itemscope\" itemtype=\"https:\/\/schema.org\/ImageObject\"  ><div class='avia-image-container-inner'><div class='avia-image-overlay-wrap'><img decoding=\"async\" class='wp-image-43583 avia-img-lazy-loading-not-43583 avia_image' src=\"https:\/\/radiorevelacionfm.cl\/wp-content\/uploads\/2024\/06\/TERRENO-RAICES-6-1-1.jpg\" alt='' title='TERRENO RAICES 6 (1) (1)' height=\"600\" width=\"1064\"  itemprop=\"thumbnailUrl\" srcset=\"https:\/\/radiorevelacionfm.cl\/wp-content\/uploads\/2024\/06\/TERRENO-RAICES-6-1-1.jpg 1064w, https:\/\/radiorevelacionfm.cl\/wp-content\/uploads\/2024\/06\/TERRENO-RAICES-6-1-1-300x169.jpg 300w, https:\/\/radiorevelacionfm.cl\/wp-content\/uploads\/2024\/06\/TERRENO-RAICES-6-1-1-1030x581.jpg 1030w, https:\/\/radiorevelacionfm.cl\/wp-content\/uploads\/2024\/06\/TERRENO-RAICES-6-1-1-768x433.jpg 768w, https:\/\/radiorevelacionfm.cl\/wp-content\/uploads\/2024\/06\/TERRENO-RAICES-6-1-1-705x398.jpg 705w, https:\/\/radiorevelacionfm.cl\/wp-content\/uploads\/2024\/06\/TERRENO-RAICES-6-1-1-450x254.jpg 450w, https:\/\/radiorevelacionfm.cl\/wp-content\/uploads\/2024\/06\/TERRENO-RAICES-6-1-1-600x338.jpg 600w\" sizes=\"(max-width: 1064px) 100vw, 1064px\" \/><\/div><\/div><\/div><\/div><div class=\"flex_column av_one_full  flex_column_div av-zero-column-padding first  avia-builder-el-2  el_after_av_one_full  el_before_av_one_full  column-top-margin\" style='border-radius:0px; '><section class=\"av_textblock_section \"  itemscope=\"itemscope\" itemtype=\"https:\/\/schema.org\/BlogPosting\" itemprop=\"blogPost\" ><div class='avia_textblock  '   itemprop=\"text\" ><p style=\"text-align: center;\"><strong><span style=\"font-size: 18pt;\">En entrega de terreno para sede social \u201cRa\u00edces de Ma\u00f1ihuales\u201d agradecen gestiones de alcalde Julio Uribe<\/span><\/strong><\/p>\n<div id=\"gtx-trans\" style=\"position: absolute; left: -50px; top: 4.31534px;\">\n<div class=\"gtx-trans-icon\"><\/div>\n<\/div>\n<\/div><\/section><\/div><div class=\"flex_column av_one_full  flex_column_div av-zero-column-padding first  avia-builder-el-4  el_after_av_one_full  el_before_av_hr  column-top-margin\" style='border-radius:0px; '><section class=\"av_textblock_section \"  itemscope=\"itemscope\" itemtype=\"https:\/\/schema.org\/BlogPosting\" itemprop=\"blogPost\" ><div class='avia_textblock  '   itemprop=\"text\" ><p style=\"text-align: justify;\"><em>Los recursos para concretar este proyecto provienen del Gobierno Regional de Ays\u00e9n y en su ejecuci\u00f3n la iniciativa ser\u00e1 inspeccionada por la Direcci\u00f3n de Obras Municipales.<\/em><\/p>\n<p style=\"text-align: justify;\">M\u00e1s de diez a\u00f1os lleva funcionando en la hermosa localidad de Villa Ma\u00f1ihuales, la Agrupaci\u00f3n \u201cRa\u00edces\u201d y al pasar los a\u00f1os hab\u00edan requerido a diversas autoridades el apoyo para contar con un espacio donde puedan trabajar, confeccionar sus productos, exponerlos y realizar actividades con la comunidad y quienes visitan el sector.<\/p>\n<p style=\"text-align: justify;\">Al reunirse con el Alcalde Julio Uribe, la autoridad no dud\u00f3 en recoger el guante y atender la solicitud de las artesanas de la villa, inmediatamente encarg\u00f3 a su equipo de Secplan que desarrollen el proyecto y de manera eficiente la iniciativa sigui\u00f3 avanzando. Al momento de solicitar los recursos, la Gobernadora Regional Andrea Mac\u00edas, no dud\u00f3 en ponerlo en tabla y junto a plenario del Consejo se dio luz verde al financiamiento.<\/p>\n<p style=\"text-align: justify;\">Ahora y como un sue\u00f1o cumplido, las socias de \u201cRa\u00edces de Ma\u00f1ihuales\u201d, participan con gran emoci\u00f3n en la ceremonia de entrega de terreno a la empresa de Guillermo Aguilar Gallardo, quien tendr\u00e1 el desaf\u00edo de construir la casa de esta organizaci\u00f3n.<\/p>\n<p style=\"text-align: justify;\">\u201cNunca tuve yo un problema para hablar con \u00e9l (alcalde), como me hab\u00eda pasado anteriormente, yo le dec\u00eda, \u00bfdon Julio puedo hablar con usted?, me dec\u00eda ni un problema. Si yo lo encontraba en la plaza de Ays\u00e9n ah\u00ed le preguntaba, entonces, yo estoy muy contenta y agradecida del alcalde porque realmente nos levant\u00f3. Ahora con este sue\u00f1o que partimos desde hoy, esto va a ser muy bonito\u201d, se\u00f1al\u00f3 Alicia Lagos Rebolledo, presidenta de la Agrupaci\u00f3n \u201cRa\u00edces de Ma\u00f1ihuales\u201d.<\/p>\n<p style=\"text-align: justify;\">Para el alcalde de la comuna de Ays\u00e9n, Julio Uribe Alvarado, este tipo de iniciativas son las que dan sentido al cargo, las que benefician a la comunidad, a las organizaciones.<\/p>\n<p style=\"text-align: justify;\">\u201cEstos momentos que son tan emocionantes de un trabajo ya realizado, porque llegar a este punto no es f\u00e1cil, tenemos que pasar muchas barreras, desde los dise\u00f1os, los c\u00e1lculos estructurales, los diversos permisos, son etapas que hay que ir quemando. Luego vienen los procesos de licitaci\u00f3n, de aprobaci\u00f3n del Gobierno Regional, entonces, llegar a este momento es mucho trabajo y hoy que est\u00e9n nuestras vecinas emocionadas con su futuro lugar de trabajo, a nosotros nos llena de satisfacci\u00f3n\u201d.<\/p>\n<p style=\"text-align: justify;\">En representaci\u00f3n de la Gobernadora Regional Andrea Mac\u00edas, estuvo en la actividad Oscar del Solar, quien felicit\u00f3 a la organizaci\u00f3n que ha llegado a un punto importante como es dar inicio a la construcci\u00f3n de su sede social. \u201cNosotros felicitar esta instancia, este trabajo, el algo que a nosotros nos enorgullece por supuesto, porque como este proyecto hay muchos m\u00e1s ac\u00e1 en la regi\u00f3n. Es un trabajo que nos ha encargado nuestra Gobernadora Andrea Mac\u00edas, de poder dar respuesta a este tipo de iniciativa ac\u00e1 en el territorio\u201d.<\/p>\n<p style=\"text-align: justify;\">M\u00e1s de 180 millones de pesos ser\u00e1n invertidos en la construcci\u00f3n de la sede de \u201cRa\u00edces de Ma\u00f1ihuales\u201d, obras que seg\u00fan el contrato debieran estar finalizando durante el mes de febrero de 2025.<\/p>\n<\/div><\/section><\/div><div  style='height:50px' class='hr hr-invisible   avia-builder-el-6  el_after_av_one_full  el_before_av_social_share '><span class='hr-inner ' ><span class='hr-inner-style'><\/span><\/span><\/div><\/p>\n<div  class='av-social-sharing-box  avia-builder-el-7  el_after_av_hr  el_before_av_hr  '><div class='av-share-box'><h5 class='av-share-link-description av-no-toc '>Compartir esta noticia<\/h5><ul class='av-share-box-list noLightbox'><li class='av-share-link av-social-link-facebook' ><a target=\"_blank\" aria-label=\"Compartir en Facebook\" href='https:\/\/www.facebook.com\/sharer.php?u=https:\/\/radiorevelacionfm.cl\/?p=43582&#038;t=En%20entrega%20de%20terreno%20para%20sede%20social%20%E2%80%9CRa%C3%ADces%20de%20Ma%C3%B1ihuales%E2%80%9D%20agradecen%20gestiones%20de%20alcalde%20Julio%20Uribe' aria-hidden='false' data-av_icon='\ue8f3' data-av_iconfont='entypo-fontello' title='' data-avia-related-tooltip='Compartir en Facebook' rel=\"noopener\"><span class='avia_hidden_link_text'>Compartir en Facebook<\/span><\/a><\/li><li class='av-share-link av-social-link-twitter' ><a target=\"_blank\" aria-label=\"Compartir en Twitter\" href='https:\/\/twitter.com\/share?text=En%20entrega%20de%20terreno%20para%20sede%20social%20%E2%80%9CRa%C3%ADces%20de%20Ma%C3%B1ihuales%E2%80%9D%20agradecen%20gestiones%20de%20alcalde%20Julio%20Uribe&#038;url=https:\/\/radiorevelacionfm.cl\/?p=43582' aria-hidden='false' data-av_icon='\ue8f1' data-av_iconfont='entypo-fontello' title='' data-avia-related-tooltip='Compartir en Twitter' rel=\"noopener\"><span class='avia_hidden_link_text'>Compartir en Twitter<\/span><\/a><\/li><li class='av-share-link av-social-link-whatsapp' ><a target=\"_blank\" aria-label=\"Compartir en Whatsapp\" href='https:\/\/api.whatsapp.com\/send?text=https:\/\/radiorevelacionfm.cl\/?p=43582' aria-hidden='false' data-av_icon='\uf232' data-av_iconfont='entypo-fontello' title='' data-avia-related-tooltip='Compartir en Whatsapp' rel=\"noopener\"><span class='avia_hidden_link_text'>Compartir en Whatsapp<\/span><\/a><\/li><li class='av-share-link av-social-link-linkedin' ><a target=\"_blank\" aria-label=\"Compartir en LinkedIn\" href='https:\/\/linkedin.com\/shareArticle?mini=true&#038;title=En%20entrega%20de%20terreno%20para%20sede%20social%20%E2%80%9CRa%C3%ADces%20de%20Ma%C3%B1ihuales%E2%80%9D%20agradecen%20gestiones%20de%20alcalde%20Julio%20Uribe&#038;url=https:\/\/radiorevelacionfm.cl\/?p=43582' aria-hidden='false' data-av_icon='\ue8fc' data-av_iconfont='entypo-fontello' title='' data-avia-related-tooltip='Compartir en LinkedIn' rel=\"noopener\"><span class='avia_hidden_link_text'>Compartir en LinkedIn<\/span><\/a><\/li><li class='av-share-link av-social-link-mail' ><a  aria-label=\"Compartir por correo\" href='mailto:?subject=En%20entrega%20de%20terreno%20para%20sede%20social%20%E2%80%9CRa%C3%ADces%20de%20Ma%C3%B1ihuales%E2%80%9D%20agradecen%20gestiones%20de%20alcalde%20Julio%20Uribe&#038;body=https:\/\/radiorevelacionfm.cl\/?p=43582' aria-hidden='false' data-av_icon='\ue805' data-av_iconfont='entypo-fontello' title='' data-avia-related-tooltip='Compartir por correo'><span class='avia_hidden_link_text'>Compartir por correo<\/span><\/a><\/li><\/ul><\/div><\/div>\n<div  style='height:50px' class='hr hr-invisible   avia-builder-el-8  el_after_av_social_share  el_before_av_comments_list '><span class='hr-inner ' ><span class='hr-inner-style'><\/span><\/span><\/div>\n<div  class='av-buildercomment  av-blog-meta-html-info-disabled av-blog-meta-tag-disabled  '><\/div>\n","protected":false},"excerpt":{"rendered":"","protected":false},"author":1,"featured_media":43583,"comment_status":"closed","ping_status":"closed","sticky":false,"template":"","format":"standard","meta":{"footnotes":""},"categories":[38],"tags":[],"class_list":["post-43582","post","type-post","status-publish","format-standard","has-post-thumbnail","hentry","category-regional"],"jetpack_featured_media_url":"https:\/\/radiorevelacionfm.cl\/wp-content\/uploads\/2024\/06\/TERRENO-RAICES-6-1-1.jpg","_links":{"self":[{"href":"https:\/\/radiorevelacionfm.cl\/index.php?rest_route=\/wp\/v2\/posts\/43582","targetHints":{"allow":["GET"]}}],"collection":[{"href":"https:\/\/radiorevelacionfm.cl\/index.php?rest_route=\/wp\/v2\/posts"}],"about":[{"href":"https:\/\/radiorevelacionfm.cl\/index.php?rest_route=\/wp\/v2\/types\/post"}],"author":[{"embeddable":true,"href":"https:\/\/radiorevelacionfm.cl\/index.php?rest_route=\/wp\/v2\/users\/1"}],"replies":[{"embeddable":true,"href":"https:\/\/radiorevelacionfm.cl\/index.php?rest_route=%2Fwp%2Fv2%2Fcomments&post=43582"}],"version-history":[{"count":1,"href":"https:\/\/radiorevelacionfm.cl\/index.php?rest_route=\/wp\/v2\/posts\/43582\/revisions"}],"predecessor-version":[{"id":43584,"href":"https:\/\/radiorevelacionfm.cl\/index.php?rest_route=\/wp\/v2\/posts\/43582\/revisions\/43584"}],"wp:featuredmedia":[{"embeddable":true,"href":"https:\/\/radiorevelacionfm.cl\/index.php?rest_route=\/wp\/v2\/media\/43583"}],"wp:attachment":[{"href":"https:\/\/radiorevelacionfm.cl\/index.php?rest_route=%2Fwp%2Fv2%2Fmedia&parent=43582"}],"wp:term":[{"taxonomy":"category","embeddable":true,"href":"https:\/\/radiorevelacionfm.cl\/index.php?rest_route=%2Fwp%2Fv2%2Fcategories&post=43582"},{"taxonomy":"post_tag","embeddable":true,"href":"https:\/\/radiorevelacionfm.cl\/index.php?rest_route=%2Fwp%2Fv2%2Ftags&post=43582"}],"curies":[{"name":"wp","href":"https:\/\/api.w.org\/{rel}","templated":true}]}}