{"id":43579,"date":"2024-06-27T20:12:09","date_gmt":"2024-06-27T23:12:09","guid":{"rendered":"https:\/\/radiorevelacionfm.cl\/?p=43579"},"modified":"2024-06-27T20:12:09","modified_gmt":"2024-06-27T23:12:09","slug":"en-prision-preventiva-imputado-que-tenia-prohibicion-de-acercarse-a-la-victima","status":"publish","type":"post","link":"https:\/\/radiorevelacionfm.cl\/?p=43579","title":{"rendered":"En prisi\u00f3n preventiva imputado que ten\u00eda prohibici\u00f3n de acercarse a la v\u00edctima"},"content":{"rendered":"<div class=\"flex_column av_one_full  flex_column_div av-zero-column-padding first  avia-builder-el-0  el_before_av_one_full  avia-builder-el-first  \" style='border-radius:0px; '><div  class='avia-image-container  av-styling-    avia-builder-el-1  avia-builder-el-no-sibling  avia-align-center '  itemprop=\"image\" itemscope=\"itemscope\" itemtype=\"https:\/\/schema.org\/ImageObject\"  ><div class='avia-image-container-inner'><div class='avia-image-overlay-wrap'><img decoding=\"async\" class='wp-image-43580 avia-img-lazy-loading-not-43580 avia_image' src=\"https:\/\/radiorevelacionfm.cl\/wp-content\/uploads\/2024\/06\/Fiscal_Jose_Moris-1-1.jpg\" alt='' title='Fiscal_Jose_Moris (1) (1)' height=\"600\" width=\"900\"  itemprop=\"thumbnailUrl\" srcset=\"https:\/\/radiorevelacionfm.cl\/wp-content\/uploads\/2024\/06\/Fiscal_Jose_Moris-1-1.jpg 900w, https:\/\/radiorevelacionfm.cl\/wp-content\/uploads\/2024\/06\/Fiscal_Jose_Moris-1-1-300x200.jpg 300w, https:\/\/radiorevelacionfm.cl\/wp-content\/uploads\/2024\/06\/Fiscal_Jose_Moris-1-1-768x512.jpg 768w, https:\/\/radiorevelacionfm.cl\/wp-content\/uploads\/2024\/06\/Fiscal_Jose_Moris-1-1-705x470.jpg 705w, https:\/\/radiorevelacionfm.cl\/wp-content\/uploads\/2024\/06\/Fiscal_Jose_Moris-1-1-450x300.jpg 450w, https:\/\/radiorevelacionfm.cl\/wp-content\/uploads\/2024\/06\/Fiscal_Jose_Moris-1-1-600x400.jpg 600w\" sizes=\"(max-width: 900px) 100vw, 900px\" \/><\/div><\/div><\/div><\/div><div class=\"flex_column av_one_full  flex_column_div av-zero-column-padding first  avia-builder-el-2  el_after_av_one_full  el_before_av_one_full  column-top-margin\" style='border-radius:0px; '><section class=\"av_textblock_section \"  itemscope=\"itemscope\" itemtype=\"https:\/\/schema.org\/BlogPosting\" itemprop=\"blogPost\" ><div class='avia_textblock  '   itemprop=\"text\" ><p style=\"text-align: center;\"><span style=\"font-size: 18pt;\"><b>En prisi\u00f3n preventiva imputado que ten\u00eda prohibici\u00f3n de acercarse a la v\u00edctima<\/b><\/span><\/p>\n<div id=\"gtx-trans\" style=\"position: absolute; left: -50px; top: 4.31534px;\">\n<div class=\"gtx-trans-icon\"><\/div>\n<\/div>\n<\/div><\/section><\/div><div class=\"flex_column av_one_full  flex_column_div av-zero-column-padding first  avia-builder-el-4  el_after_av_one_full  el_before_av_hr  column-top-margin\" style='border-radius:0px; '><section class=\"av_textblock_section \"  itemscope=\"itemscope\" itemtype=\"https:\/\/schema.org\/BlogPosting\" itemprop=\"blogPost\" ><div class='avia_textblock  '   itemprop=\"text\" ><p style=\"font-weight: 400; text-align: justify;\"><em>En estado de ebriedad, adem\u00e1s de incumplir la medida cautelar de no concurrir a la casa de su ex pareja, ocasion\u00f3 da\u00f1os en el per\u00edmetro de la vivienda.<\/em><\/p>\n<p style=\"font-weight: 400; text-align: justify;\">La Fiscal\u00eda Local de Coyhaique dirige una investigaci\u00f3n en contra de un imputado de 43 a\u00f1os por los delitos de desacato en el contexto de violencia intrafamiliar y da\u00f1os, quien fue puesto en prisi\u00f3n preventiva por la Ilustr\u00edsima Corte de Apelaciones de Coyhaique. Ambos il\u00edcitos se registraron cerca de las 03.15 horas de la madrugada del viernes 14 de junio de este a\u00f1o en la capital regional.<\/p>\n<p style=\"font-weight: 400; text-align: justify;\">El imputado manten\u00eda vigente una medida cautelar que le prohib\u00eda totalmente acercarse a la v\u00edctima, su domicilio, trabajo o estudios o cualquier otro lugar que concurra o visite habitualmente, la cual fue expedida por el Juzgado de Garant\u00eda por el delito de lesiones menos graves en el contexto de violencia intrafamiliar, por hechos que ocurrieron en abril de este a\u00f1o.<\/p>\n<p style=\"font-weight: 400; text-align: justify;\">Tras apelaci\u00f3n de la Fiscal\u00eda, cuyos alegatos estuvieron a cargo de la Unidad de Asesor\u00eda Jur\u00eddica, el imputado fue puesto en prisi\u00f3n preventiva por estos hechos. El detenido registra un amplio historial de condenas por hurtos, robo con fuerza de especies, robo con intimidaci\u00f3n, consumo de droga y lesiones en el contexto de violencia intrafamiliar, entre otros.<\/p>\n<p style=\"font-weight: 400; text-align: justify;\">HECHOS<\/p>\n<p style=\"font-weight: 400; text-align: justify;\">\u201cEn esta causa el imputado hab\u00eda agredido previamente a la v\u00edctima, agresiones en violencia intrafamiliar, en el mes de abril, raz\u00f3n por la cual hab\u00eda sido formalizado y se hab\u00eda dispuesto la medida cautelar de prohibici\u00f3n de acercarse a la v\u00edctima por el plazo que durara la investigaci\u00f3n\u201d, explic\u00f3 el fiscal jefe de Coyhaique, Jos\u00e9 Moris.<\/p>\n<p style=\"font-weight: 400; text-align: justify;\">\u201cEl imputado no obedeciendo dicha prohibici\u00f3n, se acerc\u00f3 hace unos d\u00edas, el 14 de junio, a la casa de la v\u00edctima, insult\u00e1ndole, causando da\u00f1os en el cierre perimetral, desacatando lo ordenado por el tribunal, raz\u00f3n por la cual pas\u00f3 a un nuevo control de detenci\u00f3n. En esta ocasi\u00f3n por los delitos de da\u00f1os y desacato, que es desobedecer una orden judicial, siendo formalizado y solicitando prisi\u00f3n preventiva la Fiscal\u00eda, no accediendo el tribunal a dicha medida cautelar\u201d, agreg\u00f3 el fiscal Moris.<\/p>\n<p style=\"font-weight: 400; text-align: justify;\">\u201cPor lo mismo, la Fiscal\u00eda apel\u00f3 llevando la causa ante la Corte de Apelaciones de Coyhaique, la que accedi\u00f3 a la prisi\u00f3n preventiva, producto del comportamiento contumaz del imputado, accediendo a la prisi\u00f3n preventiva, disponi\u00e9ndose de la misma\u201d, finaliz\u00f3 el fiscal jefe de Coyhaique.<\/p>\n<\/div><\/section><\/div><div  style='height:50px' class='hr hr-invisible   avia-builder-el-6  el_after_av_one_full  el_before_av_social_share '><span class='hr-inner ' ><span class='hr-inner-style'><\/span><\/span><\/div><\/p>\n<div  class='av-social-sharing-box  avia-builder-el-7  el_after_av_hr  el_before_av_hr  '><div class='av-share-box'><h5 class='av-share-link-description av-no-toc '>Compartir esta noticia<\/h5><ul class='av-share-box-list noLightbox'><li class='av-share-link av-social-link-facebook' ><a target=\"_blank\" aria-label=\"Compartir en Facebook\" href='https:\/\/www.facebook.com\/sharer.php?u=https:\/\/radiorevelacionfm.cl\/?p=43579&#038;t=En%20prisi%C3%B3n%20preventiva%20imputado%20que%20ten%C3%ADa%20prohibici%C3%B3n%20de%20acercarse%20a%20la%20v%C3%ADctima' aria-hidden='false' data-av_icon='\ue8f3' data-av_iconfont='entypo-fontello' title='' data-avia-related-tooltip='Compartir en Facebook' rel=\"noopener\"><span class='avia_hidden_link_text'>Compartir en Facebook<\/span><\/a><\/li><li class='av-share-link av-social-link-twitter' ><a target=\"_blank\" aria-label=\"Compartir en Twitter\" href='https:\/\/twitter.com\/share?text=En%20prisi%C3%B3n%20preventiva%20imputado%20que%20ten%C3%ADa%20prohibici%C3%B3n%20de%20acercarse%20a%20la%20v%C3%ADctima&#038;url=https:\/\/radiorevelacionfm.cl\/?p=43579' aria-hidden='false' data-av_icon='\ue8f1' data-av_iconfont='entypo-fontello' title='' data-avia-related-tooltip='Compartir en Twitter' rel=\"noopener\"><span class='avia_hidden_link_text'>Compartir en Twitter<\/span><\/a><\/li><li class='av-share-link av-social-link-whatsapp' ><a target=\"_blank\" aria-label=\"Compartir en Whatsapp\" href='https:\/\/api.whatsapp.com\/send?text=https:\/\/radiorevelacionfm.cl\/?p=43579' aria-hidden='false' data-av_icon='\uf232' data-av_iconfont='entypo-fontello' title='' data-avia-related-tooltip='Compartir en Whatsapp' rel=\"noopener\"><span class='avia_hidden_link_text'>Compartir en Whatsapp<\/span><\/a><\/li><li class='av-share-link av-social-link-linkedin' ><a target=\"_blank\" aria-label=\"Compartir en LinkedIn\" href='https:\/\/linkedin.com\/shareArticle?mini=true&#038;title=En%20prisi%C3%B3n%20preventiva%20imputado%20que%20ten%C3%ADa%20prohibici%C3%B3n%20de%20acercarse%20a%20la%20v%C3%ADctima&#038;url=https:\/\/radiorevelacionfm.cl\/?p=43579' aria-hidden='false' data-av_icon='\ue8fc' data-av_iconfont='entypo-fontello' title='' data-avia-related-tooltip='Compartir en LinkedIn' rel=\"noopener\"><span class='avia_hidden_link_text'>Compartir en LinkedIn<\/span><\/a><\/li><li class='av-share-link av-social-link-mail' ><a  aria-label=\"Compartir por correo\" href='mailto:?subject=En%20prisi%C3%B3n%20preventiva%20imputado%20que%20ten%C3%ADa%20prohibici%C3%B3n%20de%20acercarse%20a%20la%20v%C3%ADctima&#038;body=https:\/\/radiorevelacionfm.cl\/?p=43579' aria-hidden='false' data-av_icon='\ue805' data-av_iconfont='entypo-fontello' title='' data-avia-related-tooltip='Compartir por correo'><span class='avia_hidden_link_text'>Compartir por correo<\/span><\/a><\/li><\/ul><\/div><\/div>\n<div  style='height:50px' class='hr hr-invisible   avia-builder-el-8  el_after_av_social_share  el_before_av_comments_list '><span class='hr-inner ' ><span class='hr-inner-style'><\/span><\/span><\/div>\n<div  class='av-buildercomment  av-blog-meta-html-info-disabled av-blog-meta-tag-disabled  '><\/div>\n","protected":false},"excerpt":{"rendered":"","protected":false},"author":1,"featured_media":43580,"comment_status":"open","ping_status":"open","sticky":false,"template":"","format":"standard","meta":{"footnotes":""},"categories":[36],"tags":[],"class_list":["post-43579","post","type-post","status-publish","format-standard","has-post-thumbnail","hentry","category-policial"],"jetpack_featured_media_url":"https:\/\/radiorevelacionfm.cl\/wp-content\/uploads\/2024\/06\/Fiscal_Jose_Moris-1-1.jpg","_links":{"self":[{"href":"https:\/\/radiorevelacionfm.cl\/index.php?rest_route=\/wp\/v2\/posts\/43579","targetHints":{"allow":["GET"]}}],"collection":[{"href":"https:\/\/radiorevelacionfm.cl\/index.php?rest_route=\/wp\/v2\/posts"}],"about":[{"href":"https:\/\/radiorevelacionfm.cl\/index.php?rest_route=\/wp\/v2\/types\/post"}],"author":[{"embeddable":true,"href":"https:\/\/radiorevelacionfm.cl\/index.php?rest_route=\/wp\/v2\/users\/1"}],"replies":[{"embeddable":true,"href":"https:\/\/radiorevelacionfm.cl\/index.php?rest_route=%2Fwp%2Fv2%2Fcomments&post=43579"}],"version-history":[{"count":1,"href":"https:\/\/radiorevelacionfm.cl\/index.php?rest_route=\/wp\/v2\/posts\/43579\/revisions"}],"predecessor-version":[{"id":43581,"href":"https:\/\/radiorevelacionfm.cl\/index.php?rest_route=\/wp\/v2\/posts\/43579\/revisions\/43581"}],"wp:featuredmedia":[{"embeddable":true,"href":"https:\/\/radiorevelacionfm.cl\/index.php?rest_route=\/wp\/v2\/media\/43580"}],"wp:attachment":[{"href":"https:\/\/radiorevelacionfm.cl\/index.php?rest_route=%2Fwp%2Fv2%2Fmedia&parent=43579"}],"wp:term":[{"taxonomy":"category","embeddable":true,"href":"https:\/\/radiorevelacionfm.cl\/index.php?rest_route=%2Fwp%2Fv2%2Fcategories&post=43579"},{"taxonomy":"post_tag","embeddable":true,"href":"https:\/\/radiorevelacionfm.cl\/index.php?rest_route=%2Fwp%2Fv2%2Ftags&post=43579"}],"curies":[{"name":"wp","href":"https:\/\/api.w.org\/{rel}","templated":true}]}}