{"id":4355,"date":"2021-05-20T15:56:28","date_gmt":"2021-05-20T18:56:28","guid":{"rendered":"https:\/\/radiorevelacionfm.cl\/?p=4355"},"modified":"2021-05-20T16:01:24","modified_gmt":"2021-05-20T19:01:24","slug":"realizan-evaluacion-fisiologica-a-basquetbolista-rocio-labra-en-laboratorio-deportivo-del-ind-regional","status":"publish","type":"post","link":"https:\/\/radiorevelacionfm.cl\/?p=4355","title":{"rendered":"Realizan evaluaci\u00f3n fisiol\u00f3gica a basquetbolista Roc\u00edo Labra en laboratorio deportivo del IND regional"},"content":{"rendered":"<div class=\"flex_column av_one_full  flex_column_div av-zero-column-padding first  avia-builder-el-0  el_before_av_one_full  avia-builder-el-first  \" style='border-radius:0px; '><div  class='avia-image-container  av-styling-    avia-builder-el-1  avia-builder-el-no-sibling  avia-align-center '  itemprop=\"image\" itemscope=\"itemscope\" itemtype=\"https:\/\/schema.org\/ImageObject\"  ><div class='avia-image-container-inner'><div class='avia-image-overlay-wrap'><img decoding=\"async\" class='wp-image-0 avia-img-lazy-loading-not-0 avia_image' src=\"https:\/\/radiorevelacionfm.cl\/wp-content\/uploads\/2021\/05\/7-7-1.jpg\" alt='' title=''   itemprop=\"thumbnailUrl\"  \/><\/div><\/div><\/div><\/div><div class=\"flex_column av_one_full  flex_column_div av-zero-column-padding first  avia-builder-el-2  el_after_av_one_full  el_before_av_one_full  column-top-margin\" style='border-radius:0px; '><section class=\"av_textblock_section \"  itemscope=\"itemscope\" itemtype=\"https:\/\/schema.org\/BlogPosting\" itemprop=\"blogPost\" ><div class='avia_textblock  '   itemprop=\"text\" ><p style=\"text-align: center;\"><strong><span style=\"font-size: 18pt;\">Realizan evaluaci\u00f3n fisiol\u00f3gica a basquetbolista Roc\u00edo Labra en laboratorio deportivo del IND regional <\/span><\/strong><\/p>\n<div id=\"gtx-trans\" style=\"position: absolute; left: -50px; top: 4.31534px;\">\n<div class=\"gtx-trans-icon\"><\/div>\n<\/div>\n<\/div><\/section><\/div><\/p>\n<div class=\"flex_column av_one_full  flex_column_div av-zero-column-padding first  avia-builder-el-4  el_after_av_one_full  el_before_av_hr  column-top-margin\" style='border-radius:0px; '><section class=\"av_textblock_section \"  itemscope=\"itemscope\" itemtype=\"https:\/\/schema.org\/BlogPosting\" itemprop=\"blogPost\" ><div class='avia_textblock  '   itemprop=\"text\" ><p class=\"v1MsoNormal\" style=\"text-align: justify;\">La medici\u00f3n fue solicitada por el entrenador de la jugadora coyhaiquina de 16 a\u00f1os, previo a la convocatoria para conformar la selecci\u00f3n nacional.<\/p>\n<p class=\"v1MsoNormal\" style=\"text-align: justify;\">Durante esta semana, la joven promesa del baloncesto y actual preseleccionada nacional Roc\u00edo Labra, concurri\u00f3 hasta el Centro de Entrenamiento Regional CER, donde se encuentra el laboratorio\u00a0 en el que profesionales y\u00a0 equipo multidisciplinario del Instituto Nacional de Deportes eval\u00faa a deportistas locales del Programa Promesas Chile.<\/p>\n<p class=\"v1MsoNormal\" style=\"text-align: justify;\">\u00abConocemos ampliamente la trayectoria de Roc\u00edo y en este sentido como Mindep y junto \u00a0a los profesionales del IND regional estamos\u00a0 apoyando a nuestros deportistas que se han visto afectados por no poder entrenar y competir, a trav\u00e9s del trabajo que desarrolla el equipo multidisciplinario de metod\u00f3logos de alto rendimiento regional, junto a un nutricionista, kinesi\u00f3logo y psic\u00f3logo deportivo\u00bb, explic\u00f3 el Seremi del Deporte, Rodrigo Cubilla Retamal.<\/p>\n<p class=\"v1MsoNormal\" style=\"text-align: justify;\"><strong><u>Los inicios<\/u><\/strong><\/p>\n<p class=\"v1MsoNormal\" style=\"text-align: justify;\">Roc\u00edo Labra, comenz\u00f3 a jugar baloncesto a los cinco a\u00f1os, luego ingres\u00f3 al club Pumitas actual CD Coyhaique.\u00a0 <i>\u00abMe llamaron como refuerzo al Club Espa\u00f1ol de Punta Arenas y desde s\u00e9ptimo b\u00e1sico juego por el Liceo San Felipe y he participado en tres regionales y tres campeonatos nacionales\u00bb.<\/i><\/p>\n<p class=\"v1MsoNormal\" style=\"text-align: justify;\"><strong><u>Pr\u00f3ximos desaf\u00edos<\/u><\/strong><\/p>\n<p class=\"v1MsoNormal\" style=\"text-align: justify;\">Durante la pandemia\u00a0 se ha mantenido activa, \u00a0apoyada por su entrenador, familia y amigos. <i>\u00abMi meta es estar en la selecci\u00f3n nacional y llegar al mundial Espa\u00f1a 2023, representar a mi regi\u00f3n y ser un ejemplo para nuevas generaciones y para que otras ni\u00f1as sigan sus sue\u00f1os y sean constantes.<\/i>\u00ab, finaliz\u00f3 la deportista.<\/p>\n<p class=\"v1MsoNormal\" style=\"text-align: justify;\"><strong><u>Fisiolog\u00eda del Ejercicio<\/u><\/strong><\/p>\n<p class=\"v1MsoNormal\" style=\"text-align: justify;\">La Fisiolog\u00eda del Ejercicio se cre\u00f3 para obtener valorizaciones pr\u00e1cticas, precisas y objetivas de las capacidades f\u00edsico-funcionales de los deportistas y de esta esta forma, establecer planes de entrenamiento\u00bb. En\u00a0 este sentido Marcelo Rosas, Preparador F\u00edsico y evaluador de Promesas Chile precis\u00f3, \u00abrealizamos una evaluaci\u00f3n de saltabilidad en Roc\u00edo \u00a0para ver la capacidad de fuerza explosiva de extremidades inferiores y coordinaci\u00f3n de extremidades superiores y la idea es seguir con estas mediciones para ayudarla con su performance deportiva junto a su t\u00e9cnico,\u00a0 por lo que tambi\u00e9n realizamos una evaluaci\u00f3n de la \u00a0capacidad aer\u00f3bica\u00bb.<\/p>\n<\/div><\/section><\/div><div  style='height:50px' class='hr hr-invisible   avia-builder-el-6  el_after_av_one_full  el_before_av_social_share '><span class='hr-inner ' ><span class='hr-inner-style'><\/span><\/span><\/div><\/p>\n<div  class='av-social-sharing-box  avia-builder-el-7  el_after_av_hr  el_before_av_hr  '><div class='av-share-box'><h5 class='av-share-link-description av-no-toc '>Compartir esta noticia<\/h5><ul class='av-share-box-list noLightbox'><li class='av-share-link av-social-link-facebook' ><a target=\"_blank\" aria-label=\"Compartir en Facebook\" href='https:\/\/www.facebook.com\/sharer.php?u=https:\/\/radiorevelacionfm.cl\/?p=4355&#038;t=Realizan%20evaluaci%C3%B3n%20fisiol%C3%B3gica%20a%20basquetbolista%20Roc%C3%ADo%20Labra%20en%20laboratorio%20deportivo%20del%20IND%20regional' aria-hidden='false' data-av_icon='\ue8f3' data-av_iconfont='entypo-fontello' title='' data-avia-related-tooltip='Compartir en Facebook' rel=\"noopener\"><span class='avia_hidden_link_text'>Compartir en Facebook<\/span><\/a><\/li><li class='av-share-link av-social-link-twitter' ><a target=\"_blank\" aria-label=\"Compartir en Twitter\" href='https:\/\/twitter.com\/share?text=Realizan%20evaluaci%C3%B3n%20fisiol%C3%B3gica%20a%20basquetbolista%20Roc%C3%ADo%20Labra%20en%20laboratorio%20deportivo%20del%20IND%20regional&#038;url=https:\/\/radiorevelacionfm.cl\/?p=4355' aria-hidden='false' data-av_icon='\ue8f1' data-av_iconfont='entypo-fontello' title='' data-avia-related-tooltip='Compartir en Twitter' rel=\"noopener\"><span class='avia_hidden_link_text'>Compartir en Twitter<\/span><\/a><\/li><li class='av-share-link av-social-link-whatsapp' ><a target=\"_blank\" aria-label=\"Compartir en Whatsapp\" href='https:\/\/api.whatsapp.com\/send?text=https:\/\/radiorevelacionfm.cl\/?p=4355' aria-hidden='false' data-av_icon='\uf232' data-av_iconfont='entypo-fontello' title='' data-avia-related-tooltip='Compartir en Whatsapp' rel=\"noopener\"><span class='avia_hidden_link_text'>Compartir en Whatsapp<\/span><\/a><\/li><li class='av-share-link av-social-link-linkedin' ><a target=\"_blank\" aria-label=\"Compartir en LinkedIn\" href='https:\/\/linkedin.com\/shareArticle?mini=true&#038;title=Realizan%20evaluaci%C3%B3n%20fisiol%C3%B3gica%20a%20basquetbolista%20Roc%C3%ADo%20Labra%20en%20laboratorio%20deportivo%20del%20IND%20regional&#038;url=https:\/\/radiorevelacionfm.cl\/?p=4355' aria-hidden='false' data-av_icon='\ue8fc' data-av_iconfont='entypo-fontello' title='' data-avia-related-tooltip='Compartir en LinkedIn' rel=\"noopener\"><span class='avia_hidden_link_text'>Compartir en LinkedIn<\/span><\/a><\/li><li class='av-share-link av-social-link-mail' ><a  aria-label=\"Compartir por correo\" href='mailto:?subject=Realizan%20evaluaci%C3%B3n%20fisiol%C3%B3gica%20a%20basquetbolista%20Roc%C3%ADo%20Labra%20en%20laboratorio%20deportivo%20del%20IND%20regional&#038;body=https:\/\/radiorevelacionfm.cl\/?p=4355' aria-hidden='false' data-av_icon='\ue805' data-av_iconfont='entypo-fontello' title='' data-avia-related-tooltip='Compartir por correo'><span class='avia_hidden_link_text'>Compartir por correo<\/span><\/a><\/li><\/ul><\/div><\/div>\n<div  style='height:50px' class='hr hr-invisible   avia-builder-el-8  el_after_av_social_share  el_before_av_comments_list '><span class='hr-inner ' ><span class='hr-inner-style'><\/span><\/span><\/div>\n<div  class='av-buildercomment  av-blog-meta-html-info-disabled av-blog-meta-tag-disabled  '><\/div>\n","protected":false},"excerpt":{"rendered":"","protected":false},"author":1,"featured_media":4358,"comment_status":"open","ping_status":"open","sticky":false,"template":"","format":"standard","meta":{"footnotes":""},"categories":[40],"tags":[],"class_list":["post-4355","post","type-post","status-publish","format-standard","has-post-thumbnail","hentry","category-deportes"],"jetpack_featured_media_url":"https:\/\/radiorevelacionfm.cl\/wp-content\/uploads\/2021\/05\/7-7-2.jpg","_links":{"self":[{"href":"https:\/\/radiorevelacionfm.cl\/index.php?rest_route=\/wp\/v2\/posts\/4355","targetHints":{"allow":["GET"]}}],"collection":[{"href":"https:\/\/radiorevelacionfm.cl\/index.php?rest_route=\/wp\/v2\/posts"}],"about":[{"href":"https:\/\/radiorevelacionfm.cl\/index.php?rest_route=\/wp\/v2\/types\/post"}],"author":[{"embeddable":true,"href":"https:\/\/radiorevelacionfm.cl\/index.php?rest_route=\/wp\/v2\/users\/1"}],"replies":[{"embeddable":true,"href":"https:\/\/radiorevelacionfm.cl\/index.php?rest_route=%2Fwp%2Fv2%2Fcomments&post=4355"}],"version-history":[{"count":1,"href":"https:\/\/radiorevelacionfm.cl\/index.php?rest_route=\/wp\/v2\/posts\/4355\/revisions"}],"predecessor-version":[{"id":4357,"href":"https:\/\/radiorevelacionfm.cl\/index.php?rest_route=\/wp\/v2\/posts\/4355\/revisions\/4357"}],"wp:featuredmedia":[{"embeddable":true,"href":"https:\/\/radiorevelacionfm.cl\/index.php?rest_route=\/wp\/v2\/media\/4358"}],"wp:attachment":[{"href":"https:\/\/radiorevelacionfm.cl\/index.php?rest_route=%2Fwp%2Fv2%2Fmedia&parent=4355"}],"wp:term":[{"taxonomy":"category","embeddable":true,"href":"https:\/\/radiorevelacionfm.cl\/index.php?rest_route=%2Fwp%2Fv2%2Fcategories&post=4355"},{"taxonomy":"post_tag","embeddable":true,"href":"https:\/\/radiorevelacionfm.cl\/index.php?rest_route=%2Fwp%2Fv2%2Ftags&post=4355"}],"curies":[{"name":"wp","href":"https:\/\/api.w.org\/{rel}","templated":true}]}}