{"id":43512,"date":"2024-06-25T19:33:10","date_gmt":"2024-06-25T22:33:10","guid":{"rendered":"https:\/\/radiorevelacionfm.cl\/?p=43512"},"modified":"2024-06-25T19:33:10","modified_gmt":"2024-06-25T22:33:10","slug":"casa-multicolor-celebra-su-primer-aniversario-otorgando-un-espacio-de-encuentro-y-participacion-ciudadana-para-las-comunidades-sexo-genericas","status":"publish","type":"post","link":"https:\/\/radiorevelacionfm.cl\/?p=43512","title":{"rendered":"Casa Multicolor: Celebra su  primer aniversario, otorgando un espacio de encuentro y participaci\u00f3n ciudadana para las comunidades sexo gen\u00e9ricas"},"content":{"rendered":"<div class=\"flex_column av_one_full  flex_column_div av-zero-column-padding first  avia-builder-el-0  el_before_av_one_full  avia-builder-el-first  \" style='border-radius:0px; '><div  class='avia-image-container  av-styling-    avia-builder-el-1  avia-builder-el-no-sibling  avia-align-center '  itemprop=\"image\" itemscope=\"itemscope\" itemtype=\"https:\/\/schema.org\/ImageObject\"  ><div class='avia-image-container-inner'><div class='avia-image-overlay-wrap'><img decoding=\"async\" class='wp-image-43513 avia-img-lazy-loading-not-43513 avia_image' src=\"https:\/\/radiorevelacionfm.cl\/wp-content\/uploads\/2024\/06\/whatsapp-image-2024-06-24-at-14_optimized.43.37-1.jpeg\" alt='' title='whatsapp-image-2024-06-24-at-14_optimized.43.37-(1)' height=\"600\" width=\"1067\"  itemprop=\"thumbnailUrl\" srcset=\"https:\/\/radiorevelacionfm.cl\/wp-content\/uploads\/2024\/06\/whatsapp-image-2024-06-24-at-14_optimized.43.37-1.jpeg 1067w, https:\/\/radiorevelacionfm.cl\/wp-content\/uploads\/2024\/06\/whatsapp-image-2024-06-24-at-14_optimized.43.37-1-300x169.jpeg 300w, https:\/\/radiorevelacionfm.cl\/wp-content\/uploads\/2024\/06\/whatsapp-image-2024-06-24-at-14_optimized.43.37-1-1030x579.jpeg 1030w, https:\/\/radiorevelacionfm.cl\/wp-content\/uploads\/2024\/06\/whatsapp-image-2024-06-24-at-14_optimized.43.37-1-768x432.jpeg 768w, https:\/\/radiorevelacionfm.cl\/wp-content\/uploads\/2024\/06\/whatsapp-image-2024-06-24-at-14_optimized.43.37-1-705x396.jpeg 705w, https:\/\/radiorevelacionfm.cl\/wp-content\/uploads\/2024\/06\/whatsapp-image-2024-06-24-at-14_optimized.43.37-1-450x253.jpeg 450w, https:\/\/radiorevelacionfm.cl\/wp-content\/uploads\/2024\/06\/whatsapp-image-2024-06-24-at-14_optimized.43.37-1-600x337.jpeg 600w\" sizes=\"(max-width: 1067px) 100vw, 1067px\" \/><\/div><\/div><\/div><\/div><div class=\"flex_column av_one_full  flex_column_div av-zero-column-padding first  avia-builder-el-2  el_after_av_one_full  el_before_av_one_full  column-top-margin\" style='border-radius:0px; '><section class=\"av_textblock_section \"  itemscope=\"itemscope\" itemtype=\"https:\/\/schema.org\/BlogPosting\" itemprop=\"blogPost\" ><div class='avia_textblock  '   itemprop=\"text\" ><p style=\"text-align: center;\"><span style=\"font-size: 18pt;\"><b><span lang=\"ES\">Casa Multicolor: Celebra su\u00a0 primer aniversario, otorgando un espacio de encuentro y participaci\u00f3n ciudadana para las comunidades sexo gen\u00e9ricas<\/span><\/b><\/span><\/p>\n<div id=\"gtx-trans\" style=\"position: absolute; left: -50px; top: 4.31534px;\">\n<div class=\"gtx-trans-icon\"><\/div>\n<\/div>\n<\/div><\/section><\/div><div class=\"flex_column av_one_full  flex_column_div av-zero-column-padding first  avia-builder-el-4  el_after_av_one_full  el_before_av_hr  column-top-margin\" style='border-radius:0px; '><section class=\"av_textblock_section \"  itemscope=\"itemscope\" itemtype=\"https:\/\/schema.org\/BlogPosting\" itemprop=\"blogPost\" ><div class='avia_textblock  '   itemprop=\"text\" ><p style=\"font-weight: 400; text-align: justify;\">El d\u00eda 23 de junio es un d\u00eda muy importante para la regi\u00f3n de Ays\u00e9n, nos recuerda que desde hace un a\u00f1o nuestra regi\u00f3n dio un paso important\u00edsimo en materia de inclusi\u00f3n y dignidad sexo gen\u00e9rica, cambiando un paradigma sociocultural, con la primera entrega a nivel nacional de un inmueble fiscal, \u00a0a organizaciones de las diversidades sexo gen\u00e9ricas en Chile, iniciativa materializada gracias al trabajo intersectorial de la Seremi de Bienes Nacionales, Seremi de la Mujer y la Equidad de G\u00e9nero, y\u00a0 por supuesto, el \u00edmpetu de las organizaciones sexogen\u00e9ricas de la regi\u00f3n de Ays\u00e9n.<\/p>\n<p style=\"font-weight: 400; text-align: justify;\">Hasta ese entonces, un hito sin precedente alguno en nuestro pa\u00eds, cuyo objetivo se tradujo en habilitaci\u00f3n de un espacio seguro y amigable, que desde ese entonces, y hasta ahora, \u00a0ha logrado materializar actividades como: reuniones, capacitaciones, talleres, trabajos comunitarios, cursos, operativos de salud, \u00a0y otras acciones asociadas al bienestar y la no discriminaci\u00f3n de la comunidad LGBTIQAPNB+.<\/p>\n<p style=\"font-weight: 400; text-align: justify;\">Desde este lugar, ONG Diversa Patagonia, Corporaci\u00f3n Transformando y la Red Trans Feminista de Ays\u00e9n, han materializado desde sus diversas perspectivas, m\u00e1s all\u00e1 de un centro de actividades, un espacio socio- pol\u00edtico significativo, de memoria, lo que ha impactado positivamente en el reconocimiento de la comunidad respecto del hacer de dichas comunidades.<\/p>\n<p style=\"font-weight: 400; text-align: justify;\">En tanto y en la pr\u00e1ctica, operativos y testeo de VIH, charlas sobre instrumentos p\u00fablicos, taller de Arcilla, Fotograf\u00eda, Teatro, son algunas de las actividades que se han realizado, y que han permitido fortalecer dicha comunidad, fomentando el reconocimiento y dignidad que merecen, tal cual lo ha impulsado el presidente Gabriel Boric en su compromiso de gobierno, haciendo part\u00edcipe a todas las comunidades sexogen\u00e9ricas \u00a0en las pol\u00edticas \u00a0p\u00fablicas, a una comunidad que antiguamente hab\u00eda sido excluida.<\/p>\n<p style=\"font-weight: 400; text-align: justify;\">En este contexto, la Seremi de la Mujer y la Equidad de G\u00e9nero de la regi\u00f3n de Ays\u00e9n, Andrea M\u00e9ndez Valenzuela, se\u00f1al\u00f3: \u201cLa entrega del inmueble fiscal es la evidencia de que el trabajo respetuoso y comprometido entre las organizaciones de la sociedad civil y las autoridades puede dar importantes resultados. Al a\u00f1o de su entrega con orgullo observamos el excelente uso que se le ha dado, convirti\u00e9ndose en un espacio comunitario capaz de levantar diferentes iniciativas, visibilizando y dignificando las experiencias de una poblaci\u00f3n que, desde la mirada de nuestra administraci\u00f3n, merece atenci\u00f3n y protecci\u00f3n permanente por parte del Estado. Al cumplir un a\u00f1o sentimos que hemos aportado en justicia, dignidad y reconocimiento de la poblaci\u00f3n sexo divergente de nuestra regi\u00f3n. Agradeceremos siempre la confianza y el cari\u00f1o hacia nosotras como ministerio y a mi como autoridad regional entregado por parte de cada integrante de nuestras organizaciones\u00bb, se\u00f1al\u00f3.<\/p>\n<p style=\"font-weight: 400; text-align: justify;\">Por su parte, Israel Cort\u00e9s, Vicepresidente de ONG de Diversa Patagonia, organizaci\u00f3n que lleva casi cuatro a\u00f1os trabajando por la representatividad de comunidades disidentes, comenta que antiguamente se reun\u00edan distintos lugares, generalmente casas, y no dispon\u00edan de un espacio para poder realizar asambleas, reuniones, preparar marchas, ni menos un lugar resguardado donde se sintieran c\u00f3modas las comunidades divergentes.<\/p>\n<p style=\"font-weight: 400; text-align: justify;\">Con este contexto, las organizaciones manifiestan esta inquietud en la Mesa de las Diversidades impulsada por la Seremi de la Mujer y la Equidad de G\u00e9nero, Andrea M\u00e9ndez Valenzuela, una de las principales necesidades como organizaciones sexo gen\u00e9ricas, que es\u00a0 contar con un lugar fijo de encuentro, \u00a0que diera representatividad a las organizaciones y que a su vez, las validara frente al resto de las instituciones y comunidad en general.<\/p>\n<p style=\"font-weight: 400; text-align: justify;\">\u201cPrimero fue una ilusi\u00f3n y luego un sue\u00f1o, sab\u00edamos todas las complicaciones que podr\u00edamos tener, pero decidimos intentarlo, y bajo esta Mesa de las Diversidades impulsada por la Seremi de la Mujer, logramos hacer hincapi\u00e9 en esta necesidad.\u00a0 Posteriormente junto a otras organizaciones manifestamos nuestro inter\u00e9s de contar un espacio comunitario y habitacional a futuro. Esta casa ha sido un llamado social \u00a0a la pertenencia territorial, con direcci\u00f3n, y eso es importante para dar visibilidad a\u00a0 las diversidades, que existimos y resistimos. Sin duda, es una entrada directa que nos hace sentir que somos parte de la comunidad, un hogar seguro para las comunidades\u201d, indic\u00f3.<\/p>\n<p style=\"font-weight: 400; text-align: justify;\">La casa Multicolor, est\u00e1 ubicada en calle Independencia 396, Coyhaique, hoy traducido en un espacio de contenci\u00f3n, atenci\u00f3n informativa sobres salud sexual y educaci\u00f3n, tambi\u00e9n ha incorporado diversos servicios, como por ejemplo, la atenci\u00f3n una alumna en pr\u00e1ctica de la carrera de\u00a0 Trabajo Social de la Universidad de Ays\u00e9n, \u00a0que los d\u00edas martes y jueves en la tarde, entrega informaci\u00f3n y orientaci\u00f3n sobre diversos temas de inter\u00e9s para las comunidades.<\/p>\n<p style=\"font-weight: 400; text-align: justify;\">Finalmente Israel Cort\u00e9s, tambi\u00e9n comenta respecto de los pr\u00f3ximos desaf\u00edos que tiene el espacio, dentro de los que se cuenta seguir desarrollando iniciativas que favorezcan el bienestar integral de dichas comunidades, como por ejemplo en atenci\u00f3n en salud mental, seguir desarrollando actividades culturales, proyectos de impacto comunitario, as\u00ed como tambi\u00e9n, transformarse en un futuro no lejano,\u00a0 en un \u00a0espacio seguro para personas que viven violencia, siendo un lugar de acogida y orientaci\u00f3n tan necesario en t\u00e9rminos de protecci\u00f3n.<\/p>\n<\/div><\/section><\/div><div  style='height:50px' class='hr hr-invisible   avia-builder-el-6  el_after_av_one_full  el_before_av_social_share '><span class='hr-inner ' ><span class='hr-inner-style'><\/span><\/span><\/div><\/p>\n<div  class='av-social-sharing-box  avia-builder-el-7  el_after_av_hr  el_before_av_hr  '><div class='av-share-box'><h5 class='av-share-link-description av-no-toc '>Compartir esta noticia<\/h5><ul class='av-share-box-list noLightbox'><li class='av-share-link av-social-link-facebook' ><a target=\"_blank\" aria-label=\"Compartir en Facebook\" href='https:\/\/www.facebook.com\/sharer.php?u=https:\/\/radiorevelacionfm.cl\/?p=43512&#038;t=Casa%20Multicolor%3A%20Celebra%20su%20%20primer%20aniversario%2C%20otorgando%20un%20espacio%20de%20encuentro%20y%20participaci%C3%B3n%20ciudadana%20para%20las%20comunidades%20sexo%20gen%C3%A9ricas' aria-hidden='false' data-av_icon='\ue8f3' data-av_iconfont='entypo-fontello' title='' data-avia-related-tooltip='Compartir en Facebook' rel=\"noopener\"><span class='avia_hidden_link_text'>Compartir en Facebook<\/span><\/a><\/li><li class='av-share-link av-social-link-twitter' ><a target=\"_blank\" aria-label=\"Compartir en Twitter\" href='https:\/\/twitter.com\/share?text=Casa%20Multicolor%3A%20Celebra%20su%20%20primer%20aniversario%2C%20otorgando%20un%20espacio%20de%20encuentro%20y%20participaci%C3%B3n%20ciudadana%20para%20las%20comunidades%20sexo%20gen%C3%A9ricas&#038;url=https:\/\/radiorevelacionfm.cl\/?p=43512' aria-hidden='false' data-av_icon='\ue8f1' data-av_iconfont='entypo-fontello' title='' data-avia-related-tooltip='Compartir en Twitter' rel=\"noopener\"><span class='avia_hidden_link_text'>Compartir en Twitter<\/span><\/a><\/li><li class='av-share-link av-social-link-whatsapp' ><a target=\"_blank\" aria-label=\"Compartir en Whatsapp\" href='https:\/\/api.whatsapp.com\/send?text=https:\/\/radiorevelacionfm.cl\/?p=43512' aria-hidden='false' data-av_icon='\uf232' data-av_iconfont='entypo-fontello' title='' data-avia-related-tooltip='Compartir en Whatsapp' rel=\"noopener\"><span class='avia_hidden_link_text'>Compartir en Whatsapp<\/span><\/a><\/li><li class='av-share-link av-social-link-linkedin' ><a target=\"_blank\" aria-label=\"Compartir en LinkedIn\" href='https:\/\/linkedin.com\/shareArticle?mini=true&#038;title=Casa%20Multicolor%3A%20Celebra%20su%20%20primer%20aniversario%2C%20otorgando%20un%20espacio%20de%20encuentro%20y%20participaci%C3%B3n%20ciudadana%20para%20las%20comunidades%20sexo%20gen%C3%A9ricas&#038;url=https:\/\/radiorevelacionfm.cl\/?p=43512' aria-hidden='false' data-av_icon='\ue8fc' data-av_iconfont='entypo-fontello' title='' data-avia-related-tooltip='Compartir en LinkedIn' rel=\"noopener\"><span class='avia_hidden_link_text'>Compartir en LinkedIn<\/span><\/a><\/li><li class='av-share-link av-social-link-mail' ><a  aria-label=\"Compartir por correo\" href='mailto:?subject=Casa%20Multicolor%3A%20Celebra%20su%20%20primer%20aniversario%2C%20otorgando%20un%20espacio%20de%20encuentro%20y%20participaci%C3%B3n%20ciudadana%20para%20las%20comunidades%20sexo%20gen%C3%A9ricas&#038;body=https:\/\/radiorevelacionfm.cl\/?p=43512' aria-hidden='false' data-av_icon='\ue805' data-av_iconfont='entypo-fontello' title='' data-avia-related-tooltip='Compartir por correo'><span class='avia_hidden_link_text'>Compartir por correo<\/span><\/a><\/li><\/ul><\/div><\/div>\n<div  style='height:50px' class='hr hr-invisible   avia-builder-el-8  el_after_av_social_share  el_before_av_comments_list '><span class='hr-inner ' ><span class='hr-inner-style'><\/span><\/span><\/div>\n<div  class='av-buildercomment  av-blog-meta-html-info-disabled av-blog-meta-tag-disabled  '><\/div>\n","protected":false},"excerpt":{"rendered":"","protected":false},"author":1,"featured_media":43513,"comment_status":"open","ping_status":"open","sticky":false,"template":"","format":"standard","meta":{"footnotes":""},"categories":[38],"tags":[],"class_list":["post-43512","post","type-post","status-publish","format-standard","has-post-thumbnail","hentry","category-regional"],"jetpack_featured_media_url":"https:\/\/radiorevelacionfm.cl\/wp-content\/uploads\/2024\/06\/whatsapp-image-2024-06-24-at-14_optimized.43.37-1.jpeg","_links":{"self":[{"href":"https:\/\/radiorevelacionfm.cl\/index.php?rest_route=\/wp\/v2\/posts\/43512","targetHints":{"allow":["GET"]}}],"collection":[{"href":"https:\/\/radiorevelacionfm.cl\/index.php?rest_route=\/wp\/v2\/posts"}],"about":[{"href":"https:\/\/radiorevelacionfm.cl\/index.php?rest_route=\/wp\/v2\/types\/post"}],"author":[{"embeddable":true,"href":"https:\/\/radiorevelacionfm.cl\/index.php?rest_route=\/wp\/v2\/users\/1"}],"replies":[{"embeddable":true,"href":"https:\/\/radiorevelacionfm.cl\/index.php?rest_route=%2Fwp%2Fv2%2Fcomments&post=43512"}],"version-history":[{"count":1,"href":"https:\/\/radiorevelacionfm.cl\/index.php?rest_route=\/wp\/v2\/posts\/43512\/revisions"}],"predecessor-version":[{"id":43514,"href":"https:\/\/radiorevelacionfm.cl\/index.php?rest_route=\/wp\/v2\/posts\/43512\/revisions\/43514"}],"wp:featuredmedia":[{"embeddable":true,"href":"https:\/\/radiorevelacionfm.cl\/index.php?rest_route=\/wp\/v2\/media\/43513"}],"wp:attachment":[{"href":"https:\/\/radiorevelacionfm.cl\/index.php?rest_route=%2Fwp%2Fv2%2Fmedia&parent=43512"}],"wp:term":[{"taxonomy":"category","embeddable":true,"href":"https:\/\/radiorevelacionfm.cl\/index.php?rest_route=%2Fwp%2Fv2%2Fcategories&post=43512"},{"taxonomy":"post_tag","embeddable":true,"href":"https:\/\/radiorevelacionfm.cl\/index.php?rest_route=%2Fwp%2Fv2%2Ftags&post=43512"}],"curies":[{"name":"wp","href":"https:\/\/api.w.org\/{rel}","templated":true}]}}