{"id":43509,"date":"2024-06-25T20:33:28","date_gmt":"2024-06-25T23:33:28","guid":{"rendered":"https:\/\/radiorevelacionfm.cl\/?p=43509"},"modified":"2024-06-25T20:33:28","modified_gmt":"2024-06-25T23:33:28","slug":"entregan-terreno-para-obras-de-conservacion-de-escuela-aonikenk-de-puerto-ibanez","status":"publish","type":"post","link":"https:\/\/radiorevelacionfm.cl\/?p=43509","title":{"rendered":"Entregan terreno para obras de conservaci\u00f3n de escuela aonikenk de Puerto Ib\u00e1\u00f1ez"},"content":{"rendered":"<div class=\"flex_column av_one_full  flex_column_div av-zero-column-padding first  avia-builder-el-0  el_before_av_one_full  avia-builder-el-first  \" style='border-radius:0px; '><div  class='avia-image-container  av-styling-    avia-builder-el-1  avia-builder-el-no-sibling  avia-align-center '  itemprop=\"image\" itemscope=\"itemscope\" itemtype=\"https:\/\/schema.org\/ImageObject\"  ><div class='avia-image-container-inner'><div class='avia-image-overlay-wrap'><img decoding=\"async\" class='wp-image-43510 avia-img-lazy-loading-not-43510 avia_image' src=\"https:\/\/radiorevelacionfm.cl\/wp-content\/uploads\/2024\/06\/image_50432001-1-1.jpg\" alt='' title='image_50432001 (1) (1)' height=\"600\" width=\"800\"  itemprop=\"thumbnailUrl\" srcset=\"https:\/\/radiorevelacionfm.cl\/wp-content\/uploads\/2024\/06\/image_50432001-1-1.jpg 800w, https:\/\/radiorevelacionfm.cl\/wp-content\/uploads\/2024\/06\/image_50432001-1-1-300x225.jpg 300w, https:\/\/radiorevelacionfm.cl\/wp-content\/uploads\/2024\/06\/image_50432001-1-1-768x576.jpg 768w, https:\/\/radiorevelacionfm.cl\/wp-content\/uploads\/2024\/06\/image_50432001-1-1-705x529.jpg 705w, https:\/\/radiorevelacionfm.cl\/wp-content\/uploads\/2024\/06\/image_50432001-1-1-450x338.jpg 450w, https:\/\/radiorevelacionfm.cl\/wp-content\/uploads\/2024\/06\/image_50432001-1-1-600x450.jpg 600w\" sizes=\"(max-width: 800px) 100vw, 800px\" \/><\/div><\/div><\/div><\/div><div class=\"flex_column av_one_full  flex_column_div av-zero-column-padding first  avia-builder-el-2  el_after_av_one_full  el_before_av_one_full  column-top-margin\" style='border-radius:0px; '><section class=\"av_textblock_section \"  itemscope=\"itemscope\" itemtype=\"https:\/\/schema.org\/BlogPosting\" itemprop=\"blogPost\" ><div class='avia_textblock  '   itemprop=\"text\" ><p style=\"text-align: center;\"><span style=\"font-size: 18pt;\"><b>Entregan terreno para obras de conservaci\u00f3n de Escuela Aonikenk de Puerto Ib\u00e1\u00f1ez\u00a0<\/b><\/span><\/p>\n<div id=\"gtx-trans\" style=\"position: absolute; left: -50px; top: 4.31534px;\">\n<div class=\"gtx-trans-icon\"><\/div>\n<\/div>\n<\/div><\/section><\/div><div class=\"flex_column av_one_full  flex_column_div av-zero-column-padding first  avia-builder-el-4  el_after_av_one_full  el_before_av_hr  column-top-margin\" style='border-radius:0px; '><section class=\"av_textblock_section \"  itemscope=\"itemscope\" itemtype=\"https:\/\/schema.org\/BlogPosting\" itemprop=\"blogPost\" ><div class='avia_textblock  '   itemprop=\"text\" ><p style=\"text-align: justify;\">En un hist\u00f3rico proyecto para la comunidad educativa de la localidad de Puerto Ingeniero Ib\u00e1\u00f1ez, el Alcalde de la comuna de R\u00edo Ib\u00e1\u00f1ez, Juan Saldivia Cea, acompa\u00f1ado de los concejales, Marcia \u00c1lvarez y Rub\u00e9n Sandoval; entreg\u00f3 el pasado 18 de junio el terrero para la ejecuci\u00f3n de las obras de conservaci\u00f3n de la Escuela Aonikenk, a cargo de la empresa Recos Spa, por un monto total de $1.646.242.000 millones de pesos.<\/p>\n<p style=\"text-align: justify;\">Esta iniciativa fue formulada por profesionales del municipio y cuenta con financiamiento a trav\u00e9s del Gobierno Regional de Ays\u00e9n, cuyo prop\u00f3sito es brindar un \u00f3ptimo espacio de aprendizaje para los estudiantes, con mejor infraestructura, mayor confot y m\u00e1s eficiencia t\u00e9rmica.<\/p>\n<p style=\"text-align: justify;\">Entre las principales intervenciones que se llevar\u00e1n a cabo en este establecimiento educacional se contemplan mejoras en el revestimiento interior y exterior, y recambio de techumbre, cielo, aislaci\u00f3n, ventanas, puertas, entre otros. Se espera que los trabajos finalicen en abril del 2025.<\/p>\n<p style=\"text-align: justify;\">\u201cDesde que entr\u00f3 mi hijo estamos en presencia de esto. Es un gran proyecto que por fin dio sus frutos y que va a mejorar la calidad donde estudian nuestros ni\u00f1os\/as. Bien calientitos, buena infraestructura. Esperamos que en menos de un a\u00f1o ya estemos en la escuela nueva\u201d, indic\u00f3 Lorena Poblete, apoderada de 6\u00b0 B\u00e1sico de la Escuela Aonikenk.<\/p>\n<p style=\"text-align: justify;\">\u201cSer\u00e1n 294 d\u00edas que durar\u00e1 esta obra, la que considera una serie de acciones que van a favorecer considerablemente la habitabilidad de nuestros estudiantes, profesores y asistentes de la educaci\u00f3n. Estamos muy contentos de que esta iniciativa al fin se concrete. Es la primera gran inversi\u00f3n de este tipo en la escuela en los \u00faltimos 20 a\u00f1os, as\u00ed que le deseamos lo mejor a la empresa para que se pueda ejectuar dentro de los plazos\u201d, se\u00f1al\u00f3 el alcalde Saldivia.<\/p>\n<p style=\"text-align: justify;\">\u201cVa a ser un cambio totalmente grande, especialmente con las comodidades que va a tener nuestra comunidad educativa, ya sea en sus aulas de clases, en los espacios de recreo, habilitaciones de salas especiales, por ejemplo, para m\u00fasica. En una zona donde el fr\u00edo es permanente, por supuesto que estar en un lugar bien protegido y calefaccionado propician un aprendizaje m\u00e1s significativo\u201d, asegur\u00f3 el director (s) de la Escuela Aonikenk, Jos\u00e9 Luis Gallardo \u00c1lvarez.<\/p>\n<\/div><\/section><\/div><div  style='height:50px' class='hr hr-invisible   avia-builder-el-6  el_after_av_one_full  el_before_av_social_share '><span class='hr-inner ' ><span class='hr-inner-style'><\/span><\/span><\/div><\/p>\n<div  class='av-social-sharing-box  avia-builder-el-7  el_after_av_hr  el_before_av_hr  '><div class='av-share-box'><h5 class='av-share-link-description av-no-toc '>Compartir esta noticia<\/h5><ul class='av-share-box-list noLightbox'><li class='av-share-link av-social-link-facebook' ><a target=\"_blank\" aria-label=\"Compartir en Facebook\" href='https:\/\/www.facebook.com\/sharer.php?u=https:\/\/radiorevelacionfm.cl\/?p=43509&#038;t=Entregan%20terreno%20para%20obras%20de%20conservaci%C3%B3n%20de%20escuela%20aonikenk%20de%20Puerto%20Ib%C3%A1%C3%B1ez' aria-hidden='false' data-av_icon='\ue8f3' data-av_iconfont='entypo-fontello' title='' data-avia-related-tooltip='Compartir en Facebook' rel=\"noopener\"><span class='avia_hidden_link_text'>Compartir en Facebook<\/span><\/a><\/li><li class='av-share-link av-social-link-twitter' ><a target=\"_blank\" aria-label=\"Compartir en Twitter\" href='https:\/\/twitter.com\/share?text=Entregan%20terreno%20para%20obras%20de%20conservaci%C3%B3n%20de%20escuela%20aonikenk%20de%20Puerto%20Ib%C3%A1%C3%B1ez&#038;url=https:\/\/radiorevelacionfm.cl\/?p=43509' aria-hidden='false' data-av_icon='\ue8f1' data-av_iconfont='entypo-fontello' title='' data-avia-related-tooltip='Compartir en Twitter' rel=\"noopener\"><span class='avia_hidden_link_text'>Compartir en Twitter<\/span><\/a><\/li><li class='av-share-link av-social-link-whatsapp' ><a target=\"_blank\" aria-label=\"Compartir en Whatsapp\" href='https:\/\/api.whatsapp.com\/send?text=https:\/\/radiorevelacionfm.cl\/?p=43509' aria-hidden='false' data-av_icon='\uf232' data-av_iconfont='entypo-fontello' title='' data-avia-related-tooltip='Compartir en Whatsapp' rel=\"noopener\"><span class='avia_hidden_link_text'>Compartir en Whatsapp<\/span><\/a><\/li><li class='av-share-link av-social-link-linkedin' ><a target=\"_blank\" aria-label=\"Compartir en LinkedIn\" href='https:\/\/linkedin.com\/shareArticle?mini=true&#038;title=Entregan%20terreno%20para%20obras%20de%20conservaci%C3%B3n%20de%20escuela%20aonikenk%20de%20Puerto%20Ib%C3%A1%C3%B1ez&#038;url=https:\/\/radiorevelacionfm.cl\/?p=43509' aria-hidden='false' data-av_icon='\ue8fc' data-av_iconfont='entypo-fontello' title='' data-avia-related-tooltip='Compartir en LinkedIn' rel=\"noopener\"><span class='avia_hidden_link_text'>Compartir en LinkedIn<\/span><\/a><\/li><li class='av-share-link av-social-link-mail' ><a  aria-label=\"Compartir por correo\" href='mailto:?subject=Entregan%20terreno%20para%20obras%20de%20conservaci%C3%B3n%20de%20escuela%20aonikenk%20de%20Puerto%20Ib%C3%A1%C3%B1ez&#038;body=https:\/\/radiorevelacionfm.cl\/?p=43509' aria-hidden='false' data-av_icon='\ue805' data-av_iconfont='entypo-fontello' title='' data-avia-related-tooltip='Compartir por correo'><span class='avia_hidden_link_text'>Compartir por correo<\/span><\/a><\/li><\/ul><\/div><\/div>\n<div  style='height:50px' class='hr hr-invisible   avia-builder-el-8  el_after_av_social_share  el_before_av_comments_list '><span class='hr-inner ' ><span class='hr-inner-style'><\/span><\/span><\/div>\n<div  class='av-buildercomment  av-blog-meta-html-info-disabled av-blog-meta-tag-disabled  '><\/div>\n","protected":false},"excerpt":{"rendered":"","protected":false},"author":1,"featured_media":43510,"comment_status":"open","ping_status":"open","sticky":false,"template":"","format":"standard","meta":{"footnotes":""},"categories":[38],"tags":[],"class_list":["post-43509","post","type-post","status-publish","format-standard","has-post-thumbnail","hentry","category-regional"],"jetpack_featured_media_url":"https:\/\/radiorevelacionfm.cl\/wp-content\/uploads\/2024\/06\/image_50432001-1-1.jpg","_links":{"self":[{"href":"https:\/\/radiorevelacionfm.cl\/index.php?rest_route=\/wp\/v2\/posts\/43509","targetHints":{"allow":["GET"]}}],"collection":[{"href":"https:\/\/radiorevelacionfm.cl\/index.php?rest_route=\/wp\/v2\/posts"}],"about":[{"href":"https:\/\/radiorevelacionfm.cl\/index.php?rest_route=\/wp\/v2\/types\/post"}],"author":[{"embeddable":true,"href":"https:\/\/radiorevelacionfm.cl\/index.php?rest_route=\/wp\/v2\/users\/1"}],"replies":[{"embeddable":true,"href":"https:\/\/radiorevelacionfm.cl\/index.php?rest_route=%2Fwp%2Fv2%2Fcomments&post=43509"}],"version-history":[{"count":1,"href":"https:\/\/radiorevelacionfm.cl\/index.php?rest_route=\/wp\/v2\/posts\/43509\/revisions"}],"predecessor-version":[{"id":43511,"href":"https:\/\/radiorevelacionfm.cl\/index.php?rest_route=\/wp\/v2\/posts\/43509\/revisions\/43511"}],"wp:featuredmedia":[{"embeddable":true,"href":"https:\/\/radiorevelacionfm.cl\/index.php?rest_route=\/wp\/v2\/media\/43510"}],"wp:attachment":[{"href":"https:\/\/radiorevelacionfm.cl\/index.php?rest_route=%2Fwp%2Fv2%2Fmedia&parent=43509"}],"wp:term":[{"taxonomy":"category","embeddable":true,"href":"https:\/\/radiorevelacionfm.cl\/index.php?rest_route=%2Fwp%2Fv2%2Fcategories&post=43509"},{"taxonomy":"post_tag","embeddable":true,"href":"https:\/\/radiorevelacionfm.cl\/index.php?rest_route=%2Fwp%2Fv2%2Ftags&post=43509"}],"curies":[{"name":"wp","href":"https:\/\/api.w.org\/{rel}","templated":true}]}}