{"id":43503,"date":"2024-06-25T20:43:09","date_gmt":"2024-06-25T23:43:09","guid":{"rendered":"https:\/\/radiorevelacionfm.cl\/?p=43503"},"modified":"2024-06-25T20:43:09","modified_gmt":"2024-06-25T23:43:09","slug":"red-asistencial-de-aysen-actualiza-conocimientos-en-rcp-y-manejo-de-via-aerea-pediatrica","status":"publish","type":"post","link":"https:\/\/radiorevelacionfm.cl\/?p=43503","title":{"rendered":"Red Asistencial de Ays\u00e9n actualiza conocimientos en RCP y manejo de v\u00eda a\u00e9rea pedi\u00e1trica"},"content":{"rendered":"<div class=\"flex_column av_one_full  flex_column_div av-zero-column-padding first  avia-builder-el-0  el_before_av_one_full  avia-builder-el-first  \" style='border-radius:0px; '><div  class='avia-image-container  av-styling-    avia-builder-el-1  avia-builder-el-no-sibling  avia-align-center '  itemprop=\"image\" itemscope=\"itemscope\" itemtype=\"https:\/\/schema.org\/ImageObject\"  ><div class='avia-image-container-inner'><div class='avia-image-overlay-wrap'><img decoding=\"async\" class='wp-image-43504 avia-img-lazy-loading-not-43504 avia_image' src=\"https:\/\/radiorevelacionfm.cl\/wp-content\/uploads\/2024\/06\/capacitacion-SAMU-10-1-1.jpg\" alt='' title='capacitaci\u00f3n SAMU (10) (1) (1)' height=\"600\" width=\"900\"  itemprop=\"thumbnailUrl\" srcset=\"https:\/\/radiorevelacionfm.cl\/wp-content\/uploads\/2024\/06\/capacitacion-SAMU-10-1-1.jpg 900w, https:\/\/radiorevelacionfm.cl\/wp-content\/uploads\/2024\/06\/capacitacion-SAMU-10-1-1-300x200.jpg 300w, https:\/\/radiorevelacionfm.cl\/wp-content\/uploads\/2024\/06\/capacitacion-SAMU-10-1-1-768x512.jpg 768w, https:\/\/radiorevelacionfm.cl\/wp-content\/uploads\/2024\/06\/capacitacion-SAMU-10-1-1-705x470.jpg 705w, https:\/\/radiorevelacionfm.cl\/wp-content\/uploads\/2024\/06\/capacitacion-SAMU-10-1-1-450x300.jpg 450w, https:\/\/radiorevelacionfm.cl\/wp-content\/uploads\/2024\/06\/capacitacion-SAMU-10-1-1-600x400.jpg 600w\" sizes=\"(max-width: 900px) 100vw, 900px\" \/><\/div><\/div><\/div><\/div><div class=\"flex_column av_one_full  flex_column_div av-zero-column-padding first  avia-builder-el-2  el_after_av_one_full  el_before_av_one_full  column-top-margin\" style='border-radius:0px; '><section class=\"av_textblock_section \"  itemscope=\"itemscope\" itemtype=\"https:\/\/schema.org\/BlogPosting\" itemprop=\"blogPost\" ><div class='avia_textblock  '   itemprop=\"text\" ><p style=\"text-align: center;\"><span style=\"font-size: 18pt;\"><b>Red Asistencial de Ays\u00e9n actualiza conocimientos en RCP y manejo de v\u00eda a\u00e9rea pedi\u00e1trica<\/b><\/span><\/p>\n<div id=\"gtx-trans\" style=\"position: absolute; left: -50px; top: 4.31534px;\">\n<div class=\"gtx-trans-icon\"><\/div>\n<\/div>\n<\/div><\/section><\/div><div class=\"flex_column av_one_full  flex_column_div av-zero-column-padding first  avia-builder-el-4  el_after_av_one_full  el_before_av_hr  column-top-margin\" style='border-radius:0px; '><section class=\"av_textblock_section \"  itemscope=\"itemscope\" itemtype=\"https:\/\/schema.org\/BlogPosting\" itemprop=\"blogPost\" ><div class='avia_textblock  '   itemprop=\"text\" ><p style=\"text-align: justify;\"><em>\u00a0La buena aplicaci\u00f3n de estas maniobras m\u00e9dicas permiten una ventilaci\u00f3n adecuada y segura para los pacientes que lo requieran y mantener la oxigenaci\u00f3n de los \u00f3rganos vitales.<\/em><\/p>\n<p style=\"text-align: justify;\">Unos 140 funcionarios y funcionarias de la Red Asistencial ser\u00e1n capacitados para actualizar conocimientos en Reanimaci\u00f3n Cardio Pulmonar (RCP) y manejo de v\u00eda a\u00e9rea pedi\u00e1trica. Los talleres son realizados por profesionales del Centro de Simulaci\u00f3n del Servicio de Salud Reloncav\u00ed, quienes se desplazaron a la regi\u00f3n para ejecutar este curso entre el 12 y 27 de junio.<\/p>\n<p style=\"text-align: justify;\">\u201cSe le ense\u00f1a a todo el equipo m\u00e9dico, vale decir, m\u00e9dico, enfermera, kinesi\u00f3logo, odont\u00f3logos, a todo el equipo, tambi\u00e9n a los t\u00e9cnicos param\u00e9dicos, a manejar la v\u00eda a\u00e9rea de los ni\u00f1os, porque los minutos son vitales\u201d, enfatiz\u00f3 la Dra. Mar\u00eda Osses, del SS Reloncav\u00ed.<\/p>\n<p style=\"text-align: justify;\">La idea de este curso es reconocer diferencias anat\u00f3micas y fisiol\u00f3gicas de los pacientes pedi\u00e1tricos, aprender t\u00e9cnicas de ventilaci\u00f3n, manejo de los dispositivos de v\u00eda a\u00e9rea de acuerdo a la edad de los pacientes, t\u00e9cnicas de intubaci\u00f3n, manejo de f\u00e1rmacos b\u00e1sicos, entre otras cuestiones de importancia para actuar con eficiencia y rapidez.<\/p>\n<p style=\"text-align: justify;\">\u201cUna de las cosas principales dentro de los medios que uno tiene como personal de salud es que llegue una urgencia pedi\u00e1trica con un manejo de la v\u00eda a\u00e9rea que sea complejo y estos cursos nos sirven bastante para atender ese tipo de situaciones, que cuando uno trabaja en urgencia o cualquier servicio pedi\u00e1trico puede pasar en cualquier momento\u201d, se\u00f1al\u00f3 David Dur\u00e1n, kinesi\u00f3logo del Hospital de Puerto Ays\u00e9n.<\/p>\n<p style=\"text-align: justify;\">Asimismo, en la reanimaci\u00f3n cardio pulmonar se busca reconocer la importancia de una buena aplicaci\u00f3n, de alta calidad, conocer aspectos de peligros, riesgos o inseguridades en el escenario de urgencia o realizar ventilaciones eficaces y otras definiciones te\u00f3ricas que complementan la pr\u00e1ctica.<\/p>\n<p style=\"text-align: justify;\">La capacitaci\u00f3n se realiza en dependencia de SAMU Coyhaique y est\u00e1 inserta en el contexto de la Campa\u00f1a de Invierno.<\/p>\n<p style=\"text-align: justify;\">Realizar una buena RCP y manejo de v\u00eda a\u00e9rea puede salvar vidas, ya que son maniobras de emergencia que se realizan en un corto tiempo. De all\u00ed la importancia de su buena aplicaci\u00f3n y de mantener actualizados los conocimientos sobre la materia.<\/p>\n<\/div><\/section><\/div><div  style='height:50px' class='hr hr-invisible   avia-builder-el-6  el_after_av_one_full  el_before_av_social_share '><span class='hr-inner ' ><span class='hr-inner-style'><\/span><\/span><\/div><\/p>\n<div  class='av-social-sharing-box  avia-builder-el-7  el_after_av_hr  el_before_av_hr  '><div class='av-share-box'><h5 class='av-share-link-description av-no-toc '>Compartir esta noticia<\/h5><ul class='av-share-box-list noLightbox'><li class='av-share-link av-social-link-facebook' ><a target=\"_blank\" aria-label=\"Compartir en Facebook\" href='https:\/\/www.facebook.com\/sharer.php?u=https:\/\/radiorevelacionfm.cl\/?p=43503&#038;t=Red%20Asistencial%20de%20Ays%C3%A9n%20actualiza%20conocimientos%20en%20RCP%20y%20manejo%20de%20v%C3%ADa%20a%C3%A9rea%20pedi%C3%A1trica' aria-hidden='false' data-av_icon='\ue8f3' data-av_iconfont='entypo-fontello' title='' data-avia-related-tooltip='Compartir en Facebook' rel=\"noopener\"><span class='avia_hidden_link_text'>Compartir en Facebook<\/span><\/a><\/li><li class='av-share-link av-social-link-twitter' ><a target=\"_blank\" aria-label=\"Compartir en Twitter\" href='https:\/\/twitter.com\/share?text=Red%20Asistencial%20de%20Ays%C3%A9n%20actualiza%20conocimientos%20en%20RCP%20y%20manejo%20de%20v%C3%ADa%20a%C3%A9rea%20pedi%C3%A1trica&#038;url=https:\/\/radiorevelacionfm.cl\/?p=43503' aria-hidden='false' data-av_icon='\ue8f1' data-av_iconfont='entypo-fontello' title='' data-avia-related-tooltip='Compartir en Twitter' rel=\"noopener\"><span class='avia_hidden_link_text'>Compartir en Twitter<\/span><\/a><\/li><li class='av-share-link av-social-link-whatsapp' ><a target=\"_blank\" aria-label=\"Compartir en Whatsapp\" href='https:\/\/api.whatsapp.com\/send?text=https:\/\/radiorevelacionfm.cl\/?p=43503' aria-hidden='false' data-av_icon='\uf232' data-av_iconfont='entypo-fontello' title='' data-avia-related-tooltip='Compartir en Whatsapp' rel=\"noopener\"><span class='avia_hidden_link_text'>Compartir en Whatsapp<\/span><\/a><\/li><li class='av-share-link av-social-link-linkedin' ><a target=\"_blank\" aria-label=\"Compartir en LinkedIn\" href='https:\/\/linkedin.com\/shareArticle?mini=true&#038;title=Red%20Asistencial%20de%20Ays%C3%A9n%20actualiza%20conocimientos%20en%20RCP%20y%20manejo%20de%20v%C3%ADa%20a%C3%A9rea%20pedi%C3%A1trica&#038;url=https:\/\/radiorevelacionfm.cl\/?p=43503' aria-hidden='false' data-av_icon='\ue8fc' data-av_iconfont='entypo-fontello' title='' data-avia-related-tooltip='Compartir en LinkedIn' rel=\"noopener\"><span class='avia_hidden_link_text'>Compartir en LinkedIn<\/span><\/a><\/li><li class='av-share-link av-social-link-mail' ><a  aria-label=\"Compartir por correo\" href='mailto:?subject=Red%20Asistencial%20de%20Ays%C3%A9n%20actualiza%20conocimientos%20en%20RCP%20y%20manejo%20de%20v%C3%ADa%20a%C3%A9rea%20pedi%C3%A1trica&#038;body=https:\/\/radiorevelacionfm.cl\/?p=43503' aria-hidden='false' data-av_icon='\ue805' data-av_iconfont='entypo-fontello' title='' data-avia-related-tooltip='Compartir por correo'><span class='avia_hidden_link_text'>Compartir por correo<\/span><\/a><\/li><\/ul><\/div><\/div>\n<div  style='height:50px' class='hr hr-invisible   avia-builder-el-8  el_after_av_social_share  el_before_av_comments_list '><span class='hr-inner ' ><span class='hr-inner-style'><\/span><\/span><\/div>\n<div  class='av-buildercomment  av-blog-meta-html-info-disabled av-blog-meta-tag-disabled  '><\/div>\n","protected":false},"excerpt":{"rendered":"","protected":false},"author":1,"featured_media":43504,"comment_status":"open","ping_status":"open","sticky":false,"template":"","format":"standard","meta":{"footnotes":""},"categories":[46],"tags":[],"class_list":["post-43503","post","type-post","status-publish","format-standard","has-post-thumbnail","hentry","category-salud"],"jetpack_featured_media_url":"https:\/\/radiorevelacionfm.cl\/wp-content\/uploads\/2024\/06\/capacitacion-SAMU-10-1-1.jpg","_links":{"self":[{"href":"https:\/\/radiorevelacionfm.cl\/index.php?rest_route=\/wp\/v2\/posts\/43503","targetHints":{"allow":["GET"]}}],"collection":[{"href":"https:\/\/radiorevelacionfm.cl\/index.php?rest_route=\/wp\/v2\/posts"}],"about":[{"href":"https:\/\/radiorevelacionfm.cl\/index.php?rest_route=\/wp\/v2\/types\/post"}],"author":[{"embeddable":true,"href":"https:\/\/radiorevelacionfm.cl\/index.php?rest_route=\/wp\/v2\/users\/1"}],"replies":[{"embeddable":true,"href":"https:\/\/radiorevelacionfm.cl\/index.php?rest_route=%2Fwp%2Fv2%2Fcomments&post=43503"}],"version-history":[{"count":1,"href":"https:\/\/radiorevelacionfm.cl\/index.php?rest_route=\/wp\/v2\/posts\/43503\/revisions"}],"predecessor-version":[{"id":43505,"href":"https:\/\/radiorevelacionfm.cl\/index.php?rest_route=\/wp\/v2\/posts\/43503\/revisions\/43505"}],"wp:featuredmedia":[{"embeddable":true,"href":"https:\/\/radiorevelacionfm.cl\/index.php?rest_route=\/wp\/v2\/media\/43504"}],"wp:attachment":[{"href":"https:\/\/radiorevelacionfm.cl\/index.php?rest_route=%2Fwp%2Fv2%2Fmedia&parent=43503"}],"wp:term":[{"taxonomy":"category","embeddable":true,"href":"https:\/\/radiorevelacionfm.cl\/index.php?rest_route=%2Fwp%2Fv2%2Fcategories&post=43503"},{"taxonomy":"post_tag","embeddable":true,"href":"https:\/\/radiorevelacionfm.cl\/index.php?rest_route=%2Fwp%2Fv2%2Ftags&post=43503"}],"curies":[{"name":"wp","href":"https:\/\/api.w.org\/{rel}","templated":true}]}}