{"id":4350,"date":"2021-05-20T16:22:30","date_gmt":"2021-05-20T19:22:30","guid":{"rendered":"https:\/\/radiorevelacionfm.cl\/?p=4350"},"modified":"2021-05-20T16:27:37","modified_gmt":"2021-05-20T19:27:37","slug":"consejo-regional-evaluo-implementacion-del-centro-de-formacion-tecnica-estatal","status":"publish","type":"post","link":"https:\/\/radiorevelacionfm.cl\/?p=4350","title":{"rendered":"Consejo Regional evalu\u00f3 implementaci\u00f3n del Centro de Formaci\u00f3n T\u00e9cnica Estatal"},"content":{"rendered":"<div class=\"flex_column av_one_full  flex_column_div av-zero-column-padding first  avia-builder-el-0  el_before_av_one_full  avia-builder-el-first  \" style='border-radius:0px; '><div  class='avia-image-container  av-styling-    avia-builder-el-1  avia-builder-el-no-sibling  avia-align-center '  itemprop=\"image\" itemscope=\"itemscope\" itemtype=\"https:\/\/schema.org\/ImageObject\"  ><div class='avia-image-container-inner'><div class='avia-image-overlay-wrap'><img decoding=\"async\" class='wp-image-0 avia-img-lazy-loading-not-0 avia_image' src=\"https:\/\/radiorevelacionfm.cl\/wp-content\/uploads\/2021\/05\/CFT-Region-de-Aysen-1-1.jpg\" alt='' title=''   itemprop=\"thumbnailUrl\"  \/><\/div><\/div><\/div><\/div>\n<div class=\"flex_column av_one_full  flex_column_div av-zero-column-padding first  avia-builder-el-2  el_after_av_one_full  el_before_av_one_full  column-top-margin\" style='border-radius:0px; '><section class=\"av_textblock_section \"  itemscope=\"itemscope\" itemtype=\"https:\/\/schema.org\/BlogPosting\" itemprop=\"blogPost\" ><div class='avia_textblock  '   itemprop=\"text\" ><p style=\"text-align: center;\"><span style=\"font-size: 18pt;\"><strong>Consejo Regional evalu\u00f3 implementaci\u00f3n del Centro de Formaci\u00f3n T\u00e9cnica Estatal<\/strong><\/span><\/p>\n<div id=\"gtx-trans\" style=\"position: absolute; left: -50px; top: 4.31534px;\">\n<div class=\"gtx-trans-icon\"><\/div>\n<\/div>\n<\/div><\/section><\/div>\n<div class=\"flex_column av_one_full  flex_column_div av-zero-column-padding first  avia-builder-el-4  el_after_av_one_full  el_before_av_hr  column-top-margin\" style='border-radius:0px; '><section class=\"av_textblock_section \"  itemscope=\"itemscope\" itemtype=\"https:\/\/schema.org\/BlogPosting\" itemprop=\"blogPost\" ><div class='avia_textblock  '   itemprop=\"text\" ><p class=\"v1MsoNormal\" style=\"text-align: justify;\"><span lang=\"ES-MX\">Los avances en el proceso de implementaci\u00f3n del Centro de Formaci\u00f3n T\u00e9cnica (CFT) Estatal para la Regi\u00f3n de Ays\u00e9n, conoci\u00f3 la Comisi\u00f3n Social, Cultural y Deportiva del Consejo Regional.<\/span><\/p>\n<p class=\"v1MsoNormal\" style=\"text-align: justify;\"><span lang=\"ES-MX\">La presentaci\u00f3n fue realizada por el rector del CFT, V\u00edctor Hugo \u00c1lvarez, nombrado mediante el sistema de Alta Direcci\u00f3n P\u00fablica, a la comisi\u00f3n encabezada por el consejero Carlos Quintul, e integrada por los consejeros Rodrigo Araya, Andrea Mac\u00edas, Ra\u00fal Rudolphi, Luis Co\u00f1uecar, Sergio Gonz\u00e1lez, Valent\u00edn Sol\u00eds y Jorge Abello.<\/span><\/p>\n<p class=\"v1MsoNormal\" style=\"text-align: justify;\"><span lang=\"ES-MX\">El Centro se ubicar\u00e1 en el terreno del ex edificio de los servicios p\u00fablicos en calle Ciro Arredondo del sector Ribera Sur de Puerto Ays\u00e9n, completar el equipo directivo, constituir un directorio y comenzar el a\u00f1o acad\u00e9mico 2022 con, al menos, una carrera vespertina.<\/span><\/p>\n<p class=\"v1MsoNormal\" style=\"text-align: justify;\"><span lang=\"ES-MX\">\u00abLas carreras tienen que ser zanjadas por el directorio. Nosotros en esta primera etapa vamos a mirar el mar. Puerto Ays\u00e9n est\u00e1 mirando el mar, necesitamos tener una mirada hacia esa zona. Los estudiantes que est\u00e9n con nosotros van a tener una inserci\u00f3n laboral muy r\u00e1pida\u00bb, indic\u00f3 V\u00edctor Hugo \u00c1lvarez.<\/span><\/p>\n<p class=\"v1MsoNormal\" style=\"text-align: justify;\"><span lang=\"ES-MX\">\u00abLos consejeros coincidieron en que la oferta acad\u00e9mica debe ofrecer oportunidades laborales o de continuidad de estudios superiores; incorporar la diversidad de actores de la comunidad; establecer una relaci\u00f3n articulada tanto con instituciones de ense\u00f1anza media como superior y considerar una relaci\u00f3n fluida con la Universidad de Ays\u00e9n\u00bb, sintetiz\u00f3 Carlos Quintul.<\/span><\/p>\n<p class=\"v1MsoNormal\" style=\"text-align: justify;\"><span lang=\"ES-MX\">\u00abGenerar un \u00e1rea de discusi\u00f3n fuerte, que parta con la motivaci\u00f3n desde s\u00e9ptimo y octavo hacia las especialidades que el CFT tiene identificadas, sobre todo, en el \u00e1mbito del litoral, la acuicultura y mec\u00e1nica en los centros de cultivo, que tambi\u00e9n es importante considerar\u00bb, indic\u00f3 el consejero Luis Co\u00f1uecar.<\/span><\/p>\n<p class=\"v1MsoNormal\" style=\"text-align: justify;\"><span lang=\"ES-MX\">\u00abComo autoridades regionales tenemos una responsabilidad importante con nuestra universidad regional, m\u00e1s all\u00e1 de que la universidad rectora sea la Universidad de Los Lagos\u00bb, expres\u00f3 Andrea Mac\u00edas.<\/span><\/p>\n<p class=\"v1MsoNormal\" style=\"text-align: justify;\"><span lang=\"ES-MX\">La Ley 20.910 determin\u00f3 la creaci\u00f3n de 15 Centros de Formaci\u00f3n T\u00e9cnica Estatales a lo largo del pa\u00eds, descentralizados, con personalidad jur\u00eddica y patrimonio propio.<\/span><\/p>\n<p class=\"v1MsoNormal\" style=\"text-align: justify;\"><span lang=\"ES-MX\">Entre sus objetivos destacan la formaci\u00f3n de t\u00e9cnicos de nivel superior, con \u00e9nfasis en la calidad de la educaci\u00f3n t\u00e9cnica y en mejorar su empleabilidad para que participen en el mundo del trabajo con alta calificaci\u00f3n, mejorando su formaci\u00f3n e inserci\u00f3n en el \u00e1mbito social y regional.<\/span><\/p>\n<\/div><\/section><\/div><div  style='height:50px' class='hr hr-invisible   avia-builder-el-6  el_after_av_one_full  el_before_av_social_share '><span class='hr-inner ' ><span class='hr-inner-style'><\/span><\/span><\/div><\/p>\n<div  class='av-social-sharing-box  avia-builder-el-7  el_after_av_hr  el_before_av_hr  '><div class='av-share-box'><h5 class='av-share-link-description av-no-toc '>Compartir esta noticia<\/h5><ul class='av-share-box-list noLightbox'><li class='av-share-link av-social-link-facebook' ><a target=\"_blank\" aria-label=\"Compartir en Facebook\" href='https:\/\/www.facebook.com\/sharer.php?u=https:\/\/radiorevelacionfm.cl\/?p=4350&#038;t=Consejo%20Regional%20evalu%C3%B3%20implementaci%C3%B3n%20del%20Centro%20de%20Formaci%C3%B3n%20T%C3%A9cnica%20Estatal' aria-hidden='false' data-av_icon='\ue8f3' data-av_iconfont='entypo-fontello' title='' data-avia-related-tooltip='Compartir en Facebook' rel=\"noopener\"><span class='avia_hidden_link_text'>Compartir en Facebook<\/span><\/a><\/li><li class='av-share-link av-social-link-twitter' ><a target=\"_blank\" aria-label=\"Compartir en Twitter\" href='https:\/\/twitter.com\/share?text=Consejo%20Regional%20evalu%C3%B3%20implementaci%C3%B3n%20del%20Centro%20de%20Formaci%C3%B3n%20T%C3%A9cnica%20Estatal&#038;url=https:\/\/radiorevelacionfm.cl\/?p=4350' aria-hidden='false' data-av_icon='\ue8f1' data-av_iconfont='entypo-fontello' title='' data-avia-related-tooltip='Compartir en Twitter' rel=\"noopener\"><span class='avia_hidden_link_text'>Compartir en Twitter<\/span><\/a><\/li><li class='av-share-link av-social-link-whatsapp' ><a target=\"_blank\" aria-label=\"Compartir en Whatsapp\" href='https:\/\/api.whatsapp.com\/send?text=https:\/\/radiorevelacionfm.cl\/?p=4350' aria-hidden='false' data-av_icon='\uf232' data-av_iconfont='entypo-fontello' title='' data-avia-related-tooltip='Compartir en Whatsapp' rel=\"noopener\"><span class='avia_hidden_link_text'>Compartir en Whatsapp<\/span><\/a><\/li><li class='av-share-link av-social-link-linkedin' ><a target=\"_blank\" aria-label=\"Compartir en LinkedIn\" href='https:\/\/linkedin.com\/shareArticle?mini=true&#038;title=Consejo%20Regional%20evalu%C3%B3%20implementaci%C3%B3n%20del%20Centro%20de%20Formaci%C3%B3n%20T%C3%A9cnica%20Estatal&#038;url=https:\/\/radiorevelacionfm.cl\/?p=4350' aria-hidden='false' data-av_icon='\ue8fc' data-av_iconfont='entypo-fontello' title='' data-avia-related-tooltip='Compartir en LinkedIn' rel=\"noopener\"><span class='avia_hidden_link_text'>Compartir en LinkedIn<\/span><\/a><\/li><li class='av-share-link av-social-link-mail' ><a  aria-label=\"Compartir por correo\" href='mailto:?subject=Consejo%20Regional%20evalu%C3%B3%20implementaci%C3%B3n%20del%20Centro%20de%20Formaci%C3%B3n%20T%C3%A9cnica%20Estatal&#038;body=https:\/\/radiorevelacionfm.cl\/?p=4350' aria-hidden='false' data-av_icon='\ue805' data-av_iconfont='entypo-fontello' title='' data-avia-related-tooltip='Compartir por correo'><span class='avia_hidden_link_text'>Compartir por correo<\/span><\/a><\/li><\/ul><\/div><\/div>\n<div  style='height:50px' class='hr hr-invisible   avia-builder-el-8  el_after_av_social_share  el_before_av_comments_list '><span class='hr-inner ' ><span class='hr-inner-style'><\/span><\/span><\/div>\n<div  class='av-buildercomment  av-blog-meta-html-info-disabled av-blog-meta-tag-disabled  '><\/div>\n","protected":false},"excerpt":{"rendered":"","protected":false},"author":1,"featured_media":0,"comment_status":"open","ping_status":"open","sticky":false,"template":"","format":"standard","meta":{"footnotes":""},"categories":[38],"tags":[],"class_list":["post-4350","post","type-post","status-publish","format-standard","hentry","category-regional"],"jetpack_featured_media_url":"","_links":{"self":[{"href":"https:\/\/radiorevelacionfm.cl\/index.php?rest_route=\/wp\/v2\/posts\/4350","targetHints":{"allow":["GET"]}}],"collection":[{"href":"https:\/\/radiorevelacionfm.cl\/index.php?rest_route=\/wp\/v2\/posts"}],"about":[{"href":"https:\/\/radiorevelacionfm.cl\/index.php?rest_route=\/wp\/v2\/types\/post"}],"author":[{"embeddable":true,"href":"https:\/\/radiorevelacionfm.cl\/index.php?rest_route=\/wp\/v2\/users\/1"}],"replies":[{"embeddable":true,"href":"https:\/\/radiorevelacionfm.cl\/index.php?rest_route=%2Fwp%2Fv2%2Fcomments&post=4350"}],"version-history":[{"count":4,"href":"https:\/\/radiorevelacionfm.cl\/index.php?rest_route=\/wp\/v2\/posts\/4350\/revisions"}],"predecessor-version":[{"id":4360,"href":"https:\/\/radiorevelacionfm.cl\/index.php?rest_route=\/wp\/v2\/posts\/4350\/revisions\/4360"}],"wp:attachment":[{"href":"https:\/\/radiorevelacionfm.cl\/index.php?rest_route=%2Fwp%2Fv2%2Fmedia&parent=4350"}],"wp:term":[{"taxonomy":"category","embeddable":true,"href":"https:\/\/radiorevelacionfm.cl\/index.php?rest_route=%2Fwp%2Fv2%2Fcategories&post=4350"},{"taxonomy":"post_tag","embeddable":true,"href":"https:\/\/radiorevelacionfm.cl\/index.php?rest_route=%2Fwp%2Fv2%2Ftags&post=4350"}],"curies":[{"name":"wp","href":"https:\/\/api.w.org\/{rel}","templated":true}]}}