{"id":43499,"date":"2024-06-25T17:57:02","date_gmt":"2024-06-25T20:57:02","guid":{"rendered":"https:\/\/radiorevelacionfm.cl\/?p=43499"},"modified":"2024-06-25T17:57:02","modified_gmt":"2024-06-25T20:57:02","slug":"fiscalia-formaliza-investigacion-por-homicidio-ocurrido-el-domingo-en-coyhaique","status":"publish","type":"post","link":"https:\/\/radiorevelacionfm.cl\/?p=43499","title":{"rendered":"Fiscal\u00eda formaliza investigaci\u00f3n por homicidio ocurrido el domingo en Coyhaique"},"content":{"rendered":"<p>&nbsp;<\/p>\n<div class=\"flex_column av_one_full  flex_column_div av-zero-column-padding first  avia-builder-el-0  el_before_av_one_full  avia-builder-el-first  \" style='border-radius:0px; '><section class=\"av_textblock_section \"  itemscope=\"itemscope\" itemtype=\"https:\/\/schema.org\/BlogPosting\" itemprop=\"blogPost\" ><div class='avia_textblock  '   itemprop=\"text\" ><p style=\"text-align: center;\"><span style=\"font-size: 18pt;\"><b>Fiscal\u00eda formaliza investigaci\u00f3n por homicidio ocurrido el domingo en Coyhaique<\/b><\/span><\/p>\n<div id=\"gtx-trans\" style=\"position: absolute; left: -50px; top: 4.31534px;\">\n<div class=\"gtx-trans-icon\"><\/div>\n<\/div>\n<\/div><\/section><\/div><div class=\"flex_column av_one_full  flex_column_div av-zero-column-padding first  \" style='border-radius:0px; '><section class=\"av_textblock_section \"  itemscope=\"itemscope\" itemtype=\"https:\/\/schema.org\/BlogPosting\" itemprop=\"blogPost\" ><div class='avia_textblock  '   itemprop=\"text\" ><p style=\"text-align: justify;\"><em>Imputada de 33 a\u00f1os fue detenida por Carabineros de la Primera Comisar\u00eda: d<\/em><em>iligencias investigativas fueron efectuadas por la Brigada de Homicidios de la PDI, sumado a peritajes del Servicio M\u00e9dico Legal.<\/em><\/p>\n<p style=\"font-weight: 400; text-align: justify;\">La Fiscal\u00eda Local de Coyhaique formaliz\u00f3 hoy una investigaci\u00f3n por el delito de homicidio consumado cometido por una imputada de 33 a\u00f1os, hecho que se registr\u00f3 en horas de la ma\u00f1ana del domingo reci\u00e9n pasado en una poblaci\u00f3n del sector alto de Coyhaique.<\/p>\n<p style=\"font-weight: 400; text-align: justify;\">Seg\u00fan explic\u00f3 en la audiencia de formalizaci\u00f3n el fiscal Jaime Rojas Gatica, la imputada -quien fue detenida por personal de Carabineros de la Primera Comisar\u00eda-, utiliz\u00f3 un arma blanca para cometer el delito con una pu\u00f1alada en el t\u00f3rax de la v\u00edctima, de acuerdo al peritaje efectuado por el Servicio M\u00e9dico Legal. Las diligencias investigativas de este caso fueron solicitadas por el Ministerio P\u00fablico a la Brigada de Homicidios de la PDI.<\/p>\n<p style=\"font-weight: 400; text-align: justify;\">En la audiencia de formalizaci\u00f3n efectuada este mediod\u00eda, el fiscal Jaime Rojas -quien present\u00f3 una serie de pruebas testimoniales, gr\u00e1ficas y audiovisuales- solicit\u00f3 la prisi\u00f3n preventiva de la imputada, por considerar su libertad un peligro para la seguridad de la sociedad, medida cautelar que fue acogida por el juez Mario Devaud Ojeda. Para el t\u00e9rmino de la investigaci\u00f3n, el Juzgado de Garant\u00eda de Coyhaique fij\u00f3 un plazo de investigaci\u00f3n de 100 d\u00edas.<\/p>\n<p style=\"font-weight: 400; text-align: justify;\">DILIGENCIAS<\/p>\n<p style=\"font-weight: 400; text-align: justify;\">Desde la Polic\u00eda de Investigaciones de Chile, el jefe subrogante de la Brigada de Homicidios Coyhaique, el subcomisario Maximiliano Crot Moreau, indic\u00f3 que \u201ca solicitud de la Fiscal\u00eda Local de Coyhaique, oficiales de la Brigada de Homicidios Coyhaique desarrollaron diligencias por el delito de homicidio con arma cortante de una v\u00edctima de sexo masculino de 55 a\u00f1os de edad\u201d.<\/p>\n<p style=\"font-weight: 400; text-align: justify;\">Una vez realizado el trabajo cient\u00edfico t\u00e9cnico en el sitio de suceso, se pudo establecer que \u201cla v\u00edctima habr\u00eda estado compartiendo con un grupo de amigos, oportunidad en la que, tras ocurrida una discusi\u00f3n, fue agredida por uno de \u00e9stos en la regi\u00f3n del t\u00f3rax con un cuchillo\u201d, agreg\u00f3 el subcomisario Crot.<\/p>\n<p style=\"font-weight: 400; text-align: justify;\">\u201cLos oficiales de esta brigada trabajaron con la finalidad de obtener relatos de testigos que permitan acreditar la din\u00e1mica del hecho\u201d y la participaci\u00f3n de la imputada, cuyos antecedentes fueron informados al Ministerio P\u00fablico para la formalizaci\u00f3n.<\/p>\n<\/div><\/section><\/div><div  style='height:50px' class='hr hr-invisible  '><span class='hr-inner ' ><span class='hr-inner-style'><\/span><\/span><\/div><\/p>\n<div  class='av-social-sharing-box  '><div class='av-share-box'><h5 class='av-share-link-description av-no-toc '>Compartir esta noticia<\/h5><ul class='av-share-box-list noLightbox'><li class='av-share-link av-social-link-facebook' ><a target=\"_blank\" aria-label=\"Compartir en Facebook\" href='https:\/\/www.facebook.com\/sharer.php?u=https:\/\/radiorevelacionfm.cl\/?p=43499&#038;t=Fiscal%C3%ADa%20formaliza%20investigaci%C3%B3n%20por%20homicidio%20ocurrido%20el%20domingo%20en%20Coyhaique' aria-hidden='false' data-av_icon='\ue8f3' data-av_iconfont='entypo-fontello' title='' data-avia-related-tooltip='Compartir en Facebook' rel=\"noopener\"><span class='avia_hidden_link_text'>Compartir en Facebook<\/span><\/a><\/li><li class='av-share-link av-social-link-twitter' ><a target=\"_blank\" aria-label=\"Compartir en Twitter\" href='https:\/\/twitter.com\/share?text=Fiscal%C3%ADa%20formaliza%20investigaci%C3%B3n%20por%20homicidio%20ocurrido%20el%20domingo%20en%20Coyhaique&#038;url=https:\/\/radiorevelacionfm.cl\/?p=43499' aria-hidden='false' data-av_icon='\ue8f1' data-av_iconfont='entypo-fontello' title='' data-avia-related-tooltip='Compartir en Twitter' rel=\"noopener\"><span class='avia_hidden_link_text'>Compartir en Twitter<\/span><\/a><\/li><li class='av-share-link av-social-link-whatsapp' ><a target=\"_blank\" aria-label=\"Compartir en Whatsapp\" href='https:\/\/api.whatsapp.com\/send?text=https:\/\/radiorevelacionfm.cl\/?p=43499' aria-hidden='false' data-av_icon='\uf232' data-av_iconfont='entypo-fontello' title='' data-avia-related-tooltip='Compartir en Whatsapp' rel=\"noopener\"><span class='avia_hidden_link_text'>Compartir en Whatsapp<\/span><\/a><\/li><li class='av-share-link av-social-link-linkedin' ><a target=\"_blank\" aria-label=\"Compartir en LinkedIn\" href='https:\/\/linkedin.com\/shareArticle?mini=true&#038;title=Fiscal%C3%ADa%20formaliza%20investigaci%C3%B3n%20por%20homicidio%20ocurrido%20el%20domingo%20en%20Coyhaique&#038;url=https:\/\/radiorevelacionfm.cl\/?p=43499' aria-hidden='false' data-av_icon='\ue8fc' data-av_iconfont='entypo-fontello' title='' data-avia-related-tooltip='Compartir en LinkedIn' rel=\"noopener\"><span class='avia_hidden_link_text'>Compartir en LinkedIn<\/span><\/a><\/li><li class='av-share-link av-social-link-mail' ><a  aria-label=\"Compartir por correo\" href='mailto:?subject=Fiscal%C3%ADa%20formaliza%20investigaci%C3%B3n%20por%20homicidio%20ocurrido%20el%20domingo%20en%20Coyhaique&#038;body=https:\/\/radiorevelacionfm.cl\/?p=43499' aria-hidden='false' data-av_icon='\ue805' data-av_iconfont='entypo-fontello' title='' data-avia-related-tooltip='Compartir por correo'><span class='avia_hidden_link_text'>Compartir por correo<\/span><\/a><\/li><\/ul><\/div><\/div>\n<div  style='height:50px' class='hr hr-invisible  '><span class='hr-inner ' ><span class='hr-inner-style'><\/span><\/span><\/div>\n<div  class='av-buildercomment  av-blog-meta-html-info-disabled av-blog-meta-tag-disabled  '><\/div>\n","protected":false},"excerpt":{"rendered":"<p>&nbsp;<\/p>\n","protected":false},"author":1,"featured_media":43500,"comment_status":"open","ping_status":"open","sticky":false,"template":"","format":"standard","meta":{"footnotes":""},"categories":[38],"tags":[],"class_list":["post-43499","post","type-post","status-publish","format-standard","has-post-thumbnail","hentry","category-regional"],"jetpack_featured_media_url":"https:\/\/radiorevelacionfm.cl\/wp-content\/uploads\/2024\/06\/Fiscal_Jaime_Rojas_junio_2024-1-1.jpg","_links":{"self":[{"href":"https:\/\/radiorevelacionfm.cl\/index.php?rest_route=\/wp\/v2\/posts\/43499","targetHints":{"allow":["GET"]}}],"collection":[{"href":"https:\/\/radiorevelacionfm.cl\/index.php?rest_route=\/wp\/v2\/posts"}],"about":[{"href":"https:\/\/radiorevelacionfm.cl\/index.php?rest_route=\/wp\/v2\/types\/post"}],"author":[{"embeddable":true,"href":"https:\/\/radiorevelacionfm.cl\/index.php?rest_route=\/wp\/v2\/users\/1"}],"replies":[{"embeddable":true,"href":"https:\/\/radiorevelacionfm.cl\/index.php?rest_route=%2Fwp%2Fv2%2Fcomments&post=43499"}],"version-history":[{"count":2,"href":"https:\/\/radiorevelacionfm.cl\/index.php?rest_route=\/wp\/v2\/posts\/43499\/revisions"}],"predecessor-version":[{"id":43502,"href":"https:\/\/radiorevelacionfm.cl\/index.php?rest_route=\/wp\/v2\/posts\/43499\/revisions\/43502"}],"wp:featuredmedia":[{"embeddable":true,"href":"https:\/\/radiorevelacionfm.cl\/index.php?rest_route=\/wp\/v2\/media\/43500"}],"wp:attachment":[{"href":"https:\/\/radiorevelacionfm.cl\/index.php?rest_route=%2Fwp%2Fv2%2Fmedia&parent=43499"}],"wp:term":[{"taxonomy":"category","embeddable":true,"href":"https:\/\/radiorevelacionfm.cl\/index.php?rest_route=%2Fwp%2Fv2%2Fcategories&post=43499"},{"taxonomy":"post_tag","embeddable":true,"href":"https:\/\/radiorevelacionfm.cl\/index.php?rest_route=%2Fwp%2Fv2%2Ftags&post=43499"}],"curies":[{"name":"wp","href":"https:\/\/api.w.org\/{rel}","templated":true}]}}