{"id":43489,"date":"2024-06-25T16:11:01","date_gmt":"2024-06-25T19:11:01","guid":{"rendered":"https:\/\/radiorevelacionfm.cl\/?p=43489"},"modified":"2024-06-25T16:11:01","modified_gmt":"2024-06-25T19:11:01","slug":"ine-habilita-stand-de-censo-en-las-diez-comunas-de-aysen","status":"publish","type":"post","link":"https:\/\/radiorevelacionfm.cl\/?p=43489","title":{"rendered":"INE habilita stand de censo en las diez comunas de Ays\u00e9n"},"content":{"rendered":"<div class=\"flex_column av_one_full  flex_column_div av-zero-column-padding first  avia-builder-el-0  el_before_av_one_full  avia-builder-el-first  \" style='border-radius:0px; '><div  class='avia-image-container  av-styling-    avia-builder-el-1  avia-builder-el-no-sibling  avia-align-center '  itemprop=\"image\" itemscope=\"itemscope\" itemtype=\"https:\/\/schema.org\/ImageObject\"  ><div class='avia-image-container-inner'><div class='avia-image-overlay-wrap'><img decoding=\"async\" class='wp-image-43492 avia-img-lazy-loading-not-43492 avia_image' src=\"https:\/\/radiorevelacionfm.cl\/wp-content\/uploads\/2024\/06\/Stand-tienda-Corona-Coyhaique-region-de-Aysen-scaled.jpg\" alt='' title='Stand tienda Corona, Coyhaique, regi\u00f3n de Ays\u00e9n' height=\"2560\" width=\"2438\"  itemprop=\"thumbnailUrl\" srcset=\"https:\/\/radiorevelacionfm.cl\/wp-content\/uploads\/2024\/06\/Stand-tienda-Corona-Coyhaique-region-de-Aysen-scaled.jpg 2438w, https:\/\/radiorevelacionfm.cl\/wp-content\/uploads\/2024\/06\/Stand-tienda-Corona-Coyhaique-region-de-Aysen-286x300.jpg 286w, https:\/\/radiorevelacionfm.cl\/wp-content\/uploads\/2024\/06\/Stand-tienda-Corona-Coyhaique-region-de-Aysen-981x1030.jpg 981w, https:\/\/radiorevelacionfm.cl\/wp-content\/uploads\/2024\/06\/Stand-tienda-Corona-Coyhaique-region-de-Aysen-768x807.jpg 768w, https:\/\/radiorevelacionfm.cl\/wp-content\/uploads\/2024\/06\/Stand-tienda-Corona-Coyhaique-region-de-Aysen-1463x1536.jpg 1463w, https:\/\/radiorevelacionfm.cl\/wp-content\/uploads\/2024\/06\/Stand-tienda-Corona-Coyhaique-region-de-Aysen-1950x2048.jpg 1950w, https:\/\/radiorevelacionfm.cl\/wp-content\/uploads\/2024\/06\/Stand-tienda-Corona-Coyhaique-region-de-Aysen-1428x1500.jpg 1428w, https:\/\/radiorevelacionfm.cl\/wp-content\/uploads\/2024\/06\/Stand-tienda-Corona-Coyhaique-region-de-Aysen-671x705.jpg 671w, https:\/\/radiorevelacionfm.cl\/wp-content\/uploads\/2024\/06\/Stand-tienda-Corona-Coyhaique-region-de-Aysen-450x473.jpg 450w, https:\/\/radiorevelacionfm.cl\/wp-content\/uploads\/2024\/06\/Stand-tienda-Corona-Coyhaique-region-de-Aysen-600x630.jpg 600w\" sizes=\"(max-width: 2438px) 100vw, 2438px\" \/><\/div><\/div><\/div><\/div><div class=\"flex_column av_one_full  flex_column_div av-zero-column-padding first  avia-builder-el-2  el_after_av_one_full  el_before_av_one_full  column-top-margin\" style='border-radius:0px; '><section class=\"av_textblock_section \"  itemscope=\"itemscope\" itemtype=\"https:\/\/schema.org\/BlogPosting\" itemprop=\"blogPost\" ><div class='avia_textblock  '   itemprop=\"text\" ><p style=\"text-align: center;\"><span style=\"font-size: 18pt;\"><strong>INE habilita stand de censo en las diez comunas de Ays\u00e9n <\/strong><\/span><\/p>\n<div id=\"gtx-trans\" style=\"position: absolute; left: -50px; top: 4.31534px;\">\n<div class=\"gtx-trans-icon\"><\/div>\n<\/div>\n<\/div><\/section><\/div><div class=\"flex_column av_one_full  flex_column_div av-zero-column-padding first  avia-builder-el-4  el_after_av_one_full  el_before_av_hr  column-top-margin\" style='border-radius:0px; '><section class=\"av_textblock_section \"  itemscope=\"itemscope\" itemtype=\"https:\/\/schema.org\/BlogPosting\" itemprop=\"blogPost\" ><div class='avia_textblock  '   itemprop=\"text\" ><p style=\"text-align: justify;\"><em>En Coyhaique y Ays\u00e9n estar\u00e1n habilitados los stands en el supermercado Unimarc, hasta el fin de semana.<\/em><\/p>\n<p style=\"text-align: justify;\">El objetivo central de estos stands es que todas las comunas tengan un lugar habilitado para que los residentes habituales del territorio sean censados y de esta forma facilitar el acceso al operativo estad\u00edstico a todos aquellos que por alguna raz\u00f3n no han sido censados.<\/p>\n<p style=\"text-align: justify;\">El director de INE Ays\u00e9n, Danilo Pavez, invita a la comunidad que no se ha censado a responder el cuestionario a trav\u00e9s del Censo en L\u00ednea o acudir a los puntos establecidos para recibir ayuda en la acci\u00f3n: \u201cEstamos en la etapa final del proceso, hemos avanzado de acuerdo a lo planificado, pero a\u00fan hay personas que todav\u00eda no han sido censadas y a todas ellas, les invito a llamar al Fono Censo 1525 o acercarse a los distintos puntos que tenemos habilitados para responder el cuestionario\u201d.<\/p>\n<p style=\"text-align: justify;\"><strong>Ubicaci\u00f3n de los Stand <\/strong><\/p>\n<p style=\"text-align: justify;\">En Coyhaique y Ays\u00e9n se habilit\u00f3 stand de Censo en el Supermercado Unimarc desde el pasado fin de semana y hasta este domingo 30 de junio desde las 17:00 a 20:30 horas.<\/p>\n<p style=\"text-align: justify;\">Tambi\u00e9n pueden recurrir a la oficina del INE ubicada en Baquedano 496, Coyhaique y a los locales censales ubicados en calle 21 de mayo 449 y local 2 ubicado en Las Lengas 952.<\/p>\n<p style=\"text-align: justify;\">En la comuna de Ays\u00e9n tambi\u00e9n se habilit\u00f3 un stand en el Hospital de Ays\u00e9n, el horario de funcionamiento es de lunes a viernes desde las 09:00 a13:00 horas.<\/p>\n<p style=\"text-align: justify;\">En tanto en las comunas de \u00a0Lago Verde, el stand est\u00e1 ubicado en la Sede Comunitaria (Los pioneros s\/n )con horario de atenci\u00f3n \u00a0desde las 08:30- 17:30 horas de lunes a viernes, en R\u00edo Ib\u00e1\u00f1ez est\u00e1 disponible el Local Censal ubicado en calle General Carrera, s\/n (Frente al supermercado Kostem); en Tortel, el stand se ubica en la Ilustre Municipalidad de Tortel, con \u00a0horario de atenci\u00f3n desde las \u00a009:00- 17:00 horas de lunes a viernes, \u00a0en Villa O\u2019Higgins, puedes acudir a la Biblioteca Comunal (al frente de la plaza) con horario de atenci\u00f3n de lunes a viernes desde las 09:00- 17:30 horas; en Cochrane est\u00e1 habilitado el Local Censal ubicado en Esmeralda 171 (frente a la plaza) con horario de atenci\u00f3n dese las 09: 13:00 ; en Chile Chico est\u00e1 disponible el stand en la Delegaci\u00f3n Presidencial Provincial los d\u00edas lunes, martes y viernes desde las 09:00 \u2013 17:00 horas. \u00a0Los mi\u00e9rcoles y s\u00e1bado se encuentra disponible el stand de supermercado Sur de la comuna ubicado en O\u2019Higgins 394, \u00a0en la comuna de Cisnes el stand est\u00e1 habilitado en la Biblioteca Comunal ubicada en Avenida Gabriela Mistral s\/n con horario de atenci\u00f3n desde las 09:00 \u2013 12:00 horas; y en Guaitecas, el stand Censo est\u00e1 habilitado en la Ilustre Municipalidad de Guaitecas ubicada en Aeropuerto S\/n con horario de atenci\u00f3n desde las 09:00 \u2013 17:00 horas.<\/p>\n<\/div><\/section><\/div><div  style='height:50px' class='hr hr-invisible   avia-builder-el-6  el_after_av_one_full  el_before_av_social_share '><span class='hr-inner ' ><span class='hr-inner-style'><\/span><\/span><\/div><\/p>\n<div  class='av-social-sharing-box  avia-builder-el-7  el_after_av_hr  el_before_av_hr  '><div class='av-share-box'><h5 class='av-share-link-description av-no-toc '>Compartir esta noticia<\/h5><ul class='av-share-box-list noLightbox'><li class='av-share-link av-social-link-facebook' ><a target=\"_blank\" aria-label=\"Compartir en Facebook\" href='https:\/\/www.facebook.com\/sharer.php?u=https:\/\/radiorevelacionfm.cl\/?p=43489&#038;t=INE%20habilita%20stand%20de%20censo%20en%20las%20diez%20comunas%20de%20Ays%C3%A9n' aria-hidden='false' data-av_icon='\ue8f3' data-av_iconfont='entypo-fontello' title='' data-avia-related-tooltip='Compartir en Facebook' rel=\"noopener\"><span class='avia_hidden_link_text'>Compartir en Facebook<\/span><\/a><\/li><li class='av-share-link av-social-link-twitter' ><a target=\"_blank\" aria-label=\"Compartir en Twitter\" href='https:\/\/twitter.com\/share?text=INE%20habilita%20stand%20de%20censo%20en%20las%20diez%20comunas%20de%20Ays%C3%A9n&#038;url=https:\/\/radiorevelacionfm.cl\/?p=43489' aria-hidden='false' data-av_icon='\ue8f1' data-av_iconfont='entypo-fontello' title='' data-avia-related-tooltip='Compartir en Twitter' rel=\"noopener\"><span class='avia_hidden_link_text'>Compartir en Twitter<\/span><\/a><\/li><li class='av-share-link av-social-link-whatsapp' ><a target=\"_blank\" aria-label=\"Compartir en Whatsapp\" href='https:\/\/api.whatsapp.com\/send?text=https:\/\/radiorevelacionfm.cl\/?p=43489' aria-hidden='false' data-av_icon='\uf232' data-av_iconfont='entypo-fontello' title='' data-avia-related-tooltip='Compartir en Whatsapp' rel=\"noopener\"><span class='avia_hidden_link_text'>Compartir en Whatsapp<\/span><\/a><\/li><li class='av-share-link av-social-link-linkedin' ><a target=\"_blank\" aria-label=\"Compartir en LinkedIn\" href='https:\/\/linkedin.com\/shareArticle?mini=true&#038;title=INE%20habilita%20stand%20de%20censo%20en%20las%20diez%20comunas%20de%20Ays%C3%A9n&#038;url=https:\/\/radiorevelacionfm.cl\/?p=43489' aria-hidden='false' data-av_icon='\ue8fc' data-av_iconfont='entypo-fontello' title='' data-avia-related-tooltip='Compartir en LinkedIn' rel=\"noopener\"><span class='avia_hidden_link_text'>Compartir en LinkedIn<\/span><\/a><\/li><li class='av-share-link av-social-link-mail' ><a  aria-label=\"Compartir por correo\" href='mailto:?subject=INE%20habilita%20stand%20de%20censo%20en%20las%20diez%20comunas%20de%20Ays%C3%A9n&#038;body=https:\/\/radiorevelacionfm.cl\/?p=43489' aria-hidden='false' data-av_icon='\ue805' data-av_iconfont='entypo-fontello' title='' data-avia-related-tooltip='Compartir por correo'><span class='avia_hidden_link_text'>Compartir por correo<\/span><\/a><\/li><\/ul><\/div><\/div>\n<div  style='height:50px' class='hr hr-invisible   avia-builder-el-8  el_after_av_social_share  el_before_av_comments_list '><span class='hr-inner ' ><span class='hr-inner-style'><\/span><\/span><\/div>\n<div  class='av-buildercomment  av-blog-meta-html-info-disabled av-blog-meta-tag-disabled  '><\/div>\n","protected":false},"excerpt":{"rendered":"","protected":false},"author":1,"featured_media":43490,"comment_status":"open","ping_status":"open","sticky":false,"template":"","format":"standard","meta":{"footnotes":""},"categories":[38],"tags":[],"class_list":["post-43489","post","type-post","status-publish","format-standard","has-post-thumbnail","hentry","category-regional"],"jetpack_featured_media_url":"https:\/\/radiorevelacionfm.cl\/wp-content\/uploads\/2024\/06\/Stand-tienda-Corona-Coyhaique-region-de-Aysen-1-1.jpg","_links":{"self":[{"href":"https:\/\/radiorevelacionfm.cl\/index.php?rest_route=\/wp\/v2\/posts\/43489","targetHints":{"allow":["GET"]}}],"collection":[{"href":"https:\/\/radiorevelacionfm.cl\/index.php?rest_route=\/wp\/v2\/posts"}],"about":[{"href":"https:\/\/radiorevelacionfm.cl\/index.php?rest_route=\/wp\/v2\/types\/post"}],"author":[{"embeddable":true,"href":"https:\/\/radiorevelacionfm.cl\/index.php?rest_route=\/wp\/v2\/users\/1"}],"replies":[{"embeddable":true,"href":"https:\/\/radiorevelacionfm.cl\/index.php?rest_route=%2Fwp%2Fv2%2Fcomments&post=43489"}],"version-history":[{"count":1,"href":"https:\/\/radiorevelacionfm.cl\/index.php?rest_route=\/wp\/v2\/posts\/43489\/revisions"}],"predecessor-version":[{"id":43493,"href":"https:\/\/radiorevelacionfm.cl\/index.php?rest_route=\/wp\/v2\/posts\/43489\/revisions\/43493"}],"wp:featuredmedia":[{"embeddable":true,"href":"https:\/\/radiorevelacionfm.cl\/index.php?rest_route=\/wp\/v2\/media\/43490"}],"wp:attachment":[{"href":"https:\/\/radiorevelacionfm.cl\/index.php?rest_route=%2Fwp%2Fv2%2Fmedia&parent=43489"}],"wp:term":[{"taxonomy":"category","embeddable":true,"href":"https:\/\/radiorevelacionfm.cl\/index.php?rest_route=%2Fwp%2Fv2%2Fcategories&post=43489"},{"taxonomy":"post_tag","embeddable":true,"href":"https:\/\/radiorevelacionfm.cl\/index.php?rest_route=%2Fwp%2Fv2%2Ftags&post=43489"}],"curies":[{"name":"wp","href":"https:\/\/api.w.org\/{rel}","templated":true}]}}