{"id":43482,"date":"2024-06-25T15:28:17","date_gmt":"2024-06-25T18:28:17","guid":{"rendered":"https:\/\/radiorevelacionfm.cl\/?p=43482"},"modified":"2024-06-25T15:28:17","modified_gmt":"2024-06-25T18:28:17","slug":"solo-va-a-perjudicar-a-las-familias-sobre-todo-en-regiones-como-aysen-senadora-ordenes-mostro-preocupacion-ante-la-reduccion-del-techo-del-consumo-en-subsidio-de-agua-potable-y-alc","status":"publish","type":"post","link":"https:\/\/radiorevelacionfm.cl\/?p=43482","title":{"rendered":"\u201cSolo va a perjudicar a las familias, sobre todo en regiones como Ays\u00e9n\u201d: Senadora \u00d3rdenes mostr\u00f3 preocupaci\u00f3n ante la reducci\u00f3n del techo del consumo en subsidio de agua potable y alcantarillado."},"content":{"rendered":"<div class=\"flex_column av_one_full  flex_column_div av-zero-column-padding first  avia-builder-el-0  el_before_av_one_full  avia-builder-el-first  \" style='border-radius:0px; '><div  class='avia-image-container  av-styling-    avia-builder-el-1  avia-builder-el-no-sibling  avia-align-center '  itemprop=\"image\" itemscope=\"itemscope\" itemtype=\"https:\/\/schema.org\/ImageObject\"  ><div class='avia-image-container-inner'><div class='avia-image-overlay-wrap'><img decoding=\"async\" class='wp-image-43471 avia-img-lazy-loading-not-43471 avia_image' src=\"https:\/\/radiorevelacionfm.cl\/wp-content\/uploads\/2024\/06\/FOTO-2-2-1-1.jpeg\" alt='' title='FOTO #2 (2) (1) (1)' height=\"600\" width=\"900\"  itemprop=\"thumbnailUrl\" srcset=\"https:\/\/radiorevelacionfm.cl\/wp-content\/uploads\/2024\/06\/FOTO-2-2-1-1.jpeg 900w, https:\/\/radiorevelacionfm.cl\/wp-content\/uploads\/2024\/06\/FOTO-2-2-1-1-300x200.jpeg 300w, https:\/\/radiorevelacionfm.cl\/wp-content\/uploads\/2024\/06\/FOTO-2-2-1-1-768x512.jpeg 768w, https:\/\/radiorevelacionfm.cl\/wp-content\/uploads\/2024\/06\/FOTO-2-2-1-1-705x470.jpeg 705w, https:\/\/radiorevelacionfm.cl\/wp-content\/uploads\/2024\/06\/FOTO-2-2-1-1-450x300.jpeg 450w, https:\/\/radiorevelacionfm.cl\/wp-content\/uploads\/2024\/06\/FOTO-2-2-1-1-600x400.jpeg 600w\" sizes=\"(max-width: 900px) 100vw, 900px\" \/><\/div><\/div><\/div><\/div><div class=\"flex_column av_one_full  flex_column_div av-zero-column-padding first  avia-builder-el-2  el_after_av_one_full  el_before_av_one_full  column-top-margin\" style='border-radius:0px; '><section class=\"av_textblock_section \"  itemscope=\"itemscope\" itemtype=\"https:\/\/schema.org\/BlogPosting\" itemprop=\"blogPost\" ><div class='avia_textblock  '   itemprop=\"text\" ><p style=\"text-align: center;\"><span style=\"font-size: 18pt;\"><strong>\u201cSolo va a perjudicar a las familias, sobre todo en regiones como Ays\u00e9n\u201d: Senadora \u00d3rdenes mostr\u00f3 preocupaci\u00f3n ante la reducci\u00f3n del techo del consumo en subsidio de agua potable y alcantarillado.<\/strong><\/span><\/p>\n<div id=\"gtx-trans\" style=\"position: absolute; left: -50px; top: 4.31534px;\">\n<div class=\"gtx-trans-icon\"><\/div>\n<\/div>\n<\/div><\/section><\/div><div class=\"flex_column av_one_full  flex_column_div av-zero-column-padding first  avia-builder-el-4  el_after_av_one_full  el_before_av_hr  column-top-margin\" style='border-radius:0px; '><section class=\"av_textblock_section \"  itemscope=\"itemscope\" itemtype=\"https:\/\/schema.org\/BlogPosting\" itemprop=\"blogPost\" ><div class='avia_textblock  '   itemprop=\"text\" ><p style=\"text-align: justify;\">La senadora Ximena \u00d3rdenes Neira manifest\u00f3 su preocupaci\u00f3n por las familias de la regi\u00f3n de Ays\u00e9n producto del decreto N\u00b0121, del 15 de marzo, que reduce el techo del consumo de agua potable y alcantarillado, bajando a 13m<sup>3<\/sup> los habituales 15m<sup>3<\/sup>, el nivel del consumo m\u00e1ximo a subsidiar mensualmente por vivienda, tanto en el sector rural, como el urbano, en todas las regiones del pa\u00eds<\/p>\n<p style=\"text-align: justify;\">Seg\u00fan la Asociaci\u00f3n Nacional de Empresas de Servicios Sanitarios (Andess), el cambio har\u00e1 que m\u00e1s de 350 mil familias vulnerables vean disminuido el apoyo del Estado en un contexto de estrechez econ\u00f3mica. Desde el sector sanitario afirmaron que esta es la primera vez que se reduce el l\u00edmite de consumo ligado a este subsidio, establecido en la Ley N\u00b018.778, de 1989.<\/p>\n<p style=\"text-align: justify;\">La senadora \u00d3rdenes dio cuenta de su preocupaci\u00f3n ante la decisi\u00f3n del Ejecutivo, se\u00f1alando que \u201cno se entiende que se reduzca el techo en este minuto que es complicado econ\u00f3micamente para muchas familias en Chile\u201d.<\/p>\n<p style=\"text-align: justify;\">\u201cEstamos hablando de una pol\u00edtica p\u00fablica de m\u00e1s de 30 a\u00f1os, que ha funcionado, que ha ido en apoyo de las familias m\u00e1s vulnerables de nuestro pa\u00eds y el hecho de bajar el techo en el consumo, en funci\u00f3n de un subsidio, solo va a perjudicar a estas familias, sobre todo en regiones como Ays\u00e9n\u201d, concluy\u00f3, recalcando que las familias m\u00e1s perjudicadas est\u00e1n en las regiones.<\/p>\n<p style=\"text-align: justify;\">El subsidio demandar\u00e1 este a\u00f1o recursos del Estado por $101.272 millones, cerca de US$110 millones y si bien, la medida no afectar\u00eda a las familias calificadas en la extrema pobreza -las que pueden acceder al subsidio del 100% de la cuenta de agua-, para aquellos usuarios que gasten 15m3 o m\u00e1s, el incremento rondar\u00e1 entre el 10 y el 13%, lo que se traduce en la mayor alza tarifaria experimentada por alguno de los procesos de alza tarifaria en los \u00faltimos a\u00f1os.<\/p>\n<p style=\"text-align: justify;\">Cabe recordar que pueden postular a este subsidio aquellos hogares que destinen el 5% y m\u00e1s de los ingresos mensuales de su grupo familiar para el pago del servicio de agua potable y alcantarillado. Entre los requisitos para solicitar la ayuda est\u00e1n: ser residente permanente de un domicilio que corresponda con la municipalidad que conceda este beneficio, estar al d\u00eda en los pagos de la cuenta, ser jefe de hogar de la familia para la postulaci\u00f3n, cumplir con el requisito de incapacidad de pago o de carencia, entre otros.<\/p>\n<\/div><\/section><\/div><div  style='height:50px' class='hr hr-invisible   avia-builder-el-6  el_after_av_one_full  el_before_av_social_share '><span class='hr-inner ' ><span class='hr-inner-style'><\/span><\/span><\/div><\/p>\n<div  class='av-social-sharing-box  avia-builder-el-7  el_after_av_hr  el_before_av_hr  '><div class='av-share-box'><h5 class='av-share-link-description av-no-toc '>Compartir esta noticia<\/h5><ul class='av-share-box-list noLightbox'><li class='av-share-link av-social-link-facebook' ><a target=\"_blank\" aria-label=\"Compartir en Facebook\" href='https:\/\/www.facebook.com\/sharer.php?u=https:\/\/radiorevelacionfm.cl\/?p=43482&#038;t=%E2%80%9CSolo%20va%20a%20perjudicar%20a%20las%20familias%2C%20sobre%20todo%20en%20regiones%20como%20Ays%C3%A9n%E2%80%9D%3A%20Senadora%20%C3%93rdenes%20mostr%C3%B3%20preocupaci%C3%B3n%20ante%20la%20reducci%C3%B3n%20del%20techo%20del%20consumo%20en%20subsidio%20de%20agua%20potable%20y%20alcantarillado.' aria-hidden='false' data-av_icon='\ue8f3' data-av_iconfont='entypo-fontello' title='' data-avia-related-tooltip='Compartir en Facebook' rel=\"noopener\"><span class='avia_hidden_link_text'>Compartir en Facebook<\/span><\/a><\/li><li class='av-share-link av-social-link-twitter' ><a target=\"_blank\" aria-label=\"Compartir en Twitter\" href='https:\/\/twitter.com\/share?text=%E2%80%9CSolo%20va%20a%20perjudicar%20a%20las%20familias%2C%20sobre%20todo%20en%20regiones%20como%20Ays%C3%A9n%E2%80%9D%3A%20Senadora%20%C3%93rdenes%20mostr%C3%B3%20preocupaci%C3%B3n%20ante%20la%20reducci%C3%B3n%20del%20techo%20del%20consumo%20en%20subsidio%20de%20agua%20potable%20y%20alcantarillado.&#038;url=https:\/\/radiorevelacionfm.cl\/?p=43482' aria-hidden='false' data-av_icon='\ue8f1' data-av_iconfont='entypo-fontello' title='' data-avia-related-tooltip='Compartir en Twitter' rel=\"noopener\"><span class='avia_hidden_link_text'>Compartir en Twitter<\/span><\/a><\/li><li class='av-share-link av-social-link-whatsapp' ><a target=\"_blank\" aria-label=\"Compartir en Whatsapp\" href='https:\/\/api.whatsapp.com\/send?text=https:\/\/radiorevelacionfm.cl\/?p=43482' aria-hidden='false' data-av_icon='\uf232' data-av_iconfont='entypo-fontello' title='' data-avia-related-tooltip='Compartir en Whatsapp' rel=\"noopener\"><span class='avia_hidden_link_text'>Compartir en Whatsapp<\/span><\/a><\/li><li class='av-share-link av-social-link-linkedin' ><a target=\"_blank\" aria-label=\"Compartir en LinkedIn\" href='https:\/\/linkedin.com\/shareArticle?mini=true&#038;title=%E2%80%9CSolo%20va%20a%20perjudicar%20a%20las%20familias%2C%20sobre%20todo%20en%20regiones%20como%20Ays%C3%A9n%E2%80%9D%3A%20Senadora%20%C3%93rdenes%20mostr%C3%B3%20preocupaci%C3%B3n%20ante%20la%20reducci%C3%B3n%20del%20techo%20del%20consumo%20en%20subsidio%20de%20agua%20potable%20y%20alcantarillado.&#038;url=https:\/\/radiorevelacionfm.cl\/?p=43482' aria-hidden='false' data-av_icon='\ue8fc' data-av_iconfont='entypo-fontello' title='' data-avia-related-tooltip='Compartir en LinkedIn' rel=\"noopener\"><span class='avia_hidden_link_text'>Compartir en LinkedIn<\/span><\/a><\/li><li class='av-share-link av-social-link-mail' ><a  aria-label=\"Compartir por correo\" href='mailto:?subject=%E2%80%9CSolo%20va%20a%20perjudicar%20a%20las%20familias%2C%20sobre%20todo%20en%20regiones%20como%20Ays%C3%A9n%E2%80%9D%3A%20Senadora%20%C3%93rdenes%20mostr%C3%B3%20preocupaci%C3%B3n%20ante%20la%20reducci%C3%B3n%20del%20techo%20del%20consumo%20en%20subsidio%20de%20agua%20potable%20y%20alcantarillado.&#038;body=https:\/\/radiorevelacionfm.cl\/?p=43482' aria-hidden='false' data-av_icon='\ue805' data-av_iconfont='entypo-fontello' title='' data-avia-related-tooltip='Compartir por correo'><span class='avia_hidden_link_text'>Compartir por correo<\/span><\/a><\/li><\/ul><\/div><\/div>\n<div  style='height:50px' class='hr hr-invisible   avia-builder-el-8  el_after_av_social_share  el_before_av_comments_list '><span class='hr-inner ' ><span class='hr-inner-style'><\/span><\/span><\/div>\n<div  class='av-buildercomment  av-blog-meta-html-info-disabled av-blog-meta-tag-disabled  '><\/div>\n","protected":false},"excerpt":{"rendered":"","protected":false},"author":1,"featured_media":43471,"comment_status":"open","ping_status":"open","sticky":false,"template":"","format":"standard","meta":{"footnotes":""},"categories":[38],"tags":[],"class_list":["post-43482","post","type-post","status-publish","format-standard","has-post-thumbnail","hentry","category-regional"],"jetpack_featured_media_url":"https:\/\/radiorevelacionfm.cl\/wp-content\/uploads\/2024\/06\/FOTO-2-2-1-1.jpeg","_links":{"self":[{"href":"https:\/\/radiorevelacionfm.cl\/index.php?rest_route=\/wp\/v2\/posts\/43482","targetHints":{"allow":["GET"]}}],"collection":[{"href":"https:\/\/radiorevelacionfm.cl\/index.php?rest_route=\/wp\/v2\/posts"}],"about":[{"href":"https:\/\/radiorevelacionfm.cl\/index.php?rest_route=\/wp\/v2\/types\/post"}],"author":[{"embeddable":true,"href":"https:\/\/radiorevelacionfm.cl\/index.php?rest_route=\/wp\/v2\/users\/1"}],"replies":[{"embeddable":true,"href":"https:\/\/radiorevelacionfm.cl\/index.php?rest_route=%2Fwp%2Fv2%2Fcomments&post=43482"}],"version-history":[{"count":1,"href":"https:\/\/radiorevelacionfm.cl\/index.php?rest_route=\/wp\/v2\/posts\/43482\/revisions"}],"predecessor-version":[{"id":43483,"href":"https:\/\/radiorevelacionfm.cl\/index.php?rest_route=\/wp\/v2\/posts\/43482\/revisions\/43483"}],"wp:featuredmedia":[{"embeddable":true,"href":"https:\/\/radiorevelacionfm.cl\/index.php?rest_route=\/wp\/v2\/media\/43471"}],"wp:attachment":[{"href":"https:\/\/radiorevelacionfm.cl\/index.php?rest_route=%2Fwp%2Fv2%2Fmedia&parent=43482"}],"wp:term":[{"taxonomy":"category","embeddable":true,"href":"https:\/\/radiorevelacionfm.cl\/index.php?rest_route=%2Fwp%2Fv2%2Fcategories&post=43482"},{"taxonomy":"post_tag","embeddable":true,"href":"https:\/\/radiorevelacionfm.cl\/index.php?rest_route=%2Fwp%2Fv2%2Ftags&post=43482"}],"curies":[{"name":"wp","href":"https:\/\/api.w.org\/{rel}","templated":true}]}}