{"id":43479,"date":"2024-06-25T15:10:14","date_gmt":"2024-06-25T18:10:14","guid":{"rendered":"https:\/\/radiorevelacionfm.cl\/?p=43479"},"modified":"2024-06-25T15:10:14","modified_gmt":"2024-06-25T18:10:14","slug":"carabineros-de-la-siat-aysen-investiga-accidente-de-transito-que-dejo-dos-fallecidos-en-by-pass-de-coyhaique","status":"publish","type":"post","link":"https:\/\/radiorevelacionfm.cl\/?p=43479","title":{"rendered":"Carabineros de la SIAT Ays\u00e9n investiga accidente de tr\u00e1nsito que dej\u00f3 dos fallecidos en by pass de Coyhaique"},"content":{"rendered":"<div class=\"flex_column av_one_full  flex_column_div av-zero-column-padding first  avia-builder-el-0  el_before_av_one_full  avia-builder-el-first  \" style='border-radius:0px; '><div  class='avia-image-container  av-styling-    avia-builder-el-1  avia-builder-el-no-sibling  avia-align-center '  itemprop=\"image\" itemscope=\"itemscope\" itemtype=\"https:\/\/schema.org\/ImageObject\"  ><div class='avia-image-container-inner'><div class='avia-image-overlay-wrap'><img decoding=\"async\" class='wp-image-43480 avia-img-lazy-loading-not-43480 avia_image' src=\"https:\/\/radiorevelacionfm.cl\/wp-content\/uploads\/2024\/06\/7ca9486b-fc5e-4b58-a178-fbbb4c0b9661-1-1.jpg\" alt='' title='7ca9486b-fc5e-4b58-a178-fbbb4c0b9661 (1) (1)' height=\"600\" width=\"800\"  itemprop=\"thumbnailUrl\" srcset=\"https:\/\/radiorevelacionfm.cl\/wp-content\/uploads\/2024\/06\/7ca9486b-fc5e-4b58-a178-fbbb4c0b9661-1-1.jpg 800w, https:\/\/radiorevelacionfm.cl\/wp-content\/uploads\/2024\/06\/7ca9486b-fc5e-4b58-a178-fbbb4c0b9661-1-1-300x225.jpg 300w, https:\/\/radiorevelacionfm.cl\/wp-content\/uploads\/2024\/06\/7ca9486b-fc5e-4b58-a178-fbbb4c0b9661-1-1-768x576.jpg 768w, https:\/\/radiorevelacionfm.cl\/wp-content\/uploads\/2024\/06\/7ca9486b-fc5e-4b58-a178-fbbb4c0b9661-1-1-705x529.jpg 705w, https:\/\/radiorevelacionfm.cl\/wp-content\/uploads\/2024\/06\/7ca9486b-fc5e-4b58-a178-fbbb4c0b9661-1-1-450x338.jpg 450w, https:\/\/radiorevelacionfm.cl\/wp-content\/uploads\/2024\/06\/7ca9486b-fc5e-4b58-a178-fbbb4c0b9661-1-1-600x450.jpg 600w\" sizes=\"(max-width: 800px) 100vw, 800px\" \/><\/div><\/div><\/div><\/div><div class=\"flex_column av_one_full  flex_column_div av-zero-column-padding first  avia-builder-el-2  el_after_av_one_full  el_before_av_one_full  column-top-margin\" style='border-radius:0px; '><section class=\"av_textblock_section \"  itemscope=\"itemscope\" itemtype=\"https:\/\/schema.org\/BlogPosting\" itemprop=\"blogPost\" ><div class='avia_textblock  '   itemprop=\"text\" ><p style=\"text-align: center;\"><span style=\"font-size: 18pt;\"><b>Carabineros de la SIAT Ays\u00e9n investiga accidente de tr\u00e1nsito que dej\u00f3 dos fallecidos en by pass de Coyhaique<\/b><\/span><\/p>\n<div id=\"gtx-trans\" style=\"position: absolute; left: -50px; top: 4.31534px;\">\n<div class=\"gtx-trans-icon\"><\/div>\n<\/div>\n<\/div><\/section><\/div><div class=\"flex_column av_one_full  flex_column_div av-zero-column-padding first  avia-builder-el-4  el_after_av_one_full  el_before_av_hr  column-top-margin\" style='border-radius:0px; '><section class=\"av_textblock_section \"  itemscope=\"itemscope\" itemtype=\"https:\/\/schema.org\/BlogPosting\" itemprop=\"blogPost\" ><div class='avia_textblock  '   itemprop=\"text\" ><div>\n<p style=\"text-align: justify;\"><em>Colisi\u00f3n de alta energ\u00eda involucr\u00f3 a tracto cami\u00f3n y camioneta doble cabina, perdiendo la vida los ocupantes del veh\u00edculo menor.<\/em><\/p>\n<p style=\"text-align: justify;\"><em>Carabineros reiter\u00f3 el llamado a conducir con prudencia y adoptar los resguardos necesarios antes condiciones de nieve o escarcha sobre la calzada.<\/em><\/p>\n<p style=\"text-align: justify;\">Dos personas fallecidas dej\u00f3 como resultado un accidente de tr\u00e1nsito del tipo colisi\u00f3n entre un tracto cami\u00f3n y una camioneta doble cabina, hecho registrado en horas de esta ma\u00f1ana del martes la Ruta 7 sur sector by pass, en el acceso a la ciudad de Coyhaique.<\/p>\n<p style=\"text-align: justify;\">En el lugar -por causas que son materia de investigaci\u00f3n- ambos m\u00f3viles impactaron a alta energ\u00eda, tras lo cual ambas personas de sexo masculino adultos que viajaban a bordo del veh\u00edculo menor, perdieron la vida en el lugar.<\/p>\n<p style=\"text-align: justify;\">Hasta el sector se traslad\u00f3 Carabineros de Coyhaique junto al ABC de la emergencia, informando del hecho a la Fiscal\u00eda local de esta ciudad, siendo dispuesta la concurrencia de un equipo de la Secci\u00f3n Investigadora de Accidentes de Tr\u00e1nsito (SIAT) para el trabajo del sitio del suceso.<\/p>\n<p style=\"text-align: justify;\">El Prefecto de Carabineros Ays\u00e9n, Fuad Chaban Vilches se\u00f1al\u00f3 en el lugar del hecho que el conductor del veh\u00edculo de carga \u201cse encuentra choqueado por el accidente, tiene toda su documentaci\u00f3n al d\u00eda. \u00c9l iba conduciendo su cami\u00f3n hacia el norte a trav\u00e9s del by pass. Como primera versi\u00f3n, \u00e9l nos se\u00f1ala que la camioneta ven\u00eda zigzagueando (&#8230;)\u201d, expres\u00f3 en virtud de los primeros antecedentes recabados.<\/p>\n<p style=\"text-align: justify;\">Por su parte el Oficial de Carabineros de la SIAT Ays\u00e9n, Teniente Manuel C\u00e1ceres, expres\u00f3 que la Instituci\u00f3n despleg\u00f3 un equipo pericial en el lugar con la finalidad de desarrollar diligencias propias de la especialidad.<\/p>\n<p style=\"text-align: justify;\">\u201cA ra\u00edz de este hecho estamos realizando todas las diligencias tendientes a esclarecer la causa basal y la din\u00e1mica del accidente, desarrollando todas la diligencias t\u00e9cnicas para poder establecerla\u201d, expres\u00f3 el Oficial de Carabineros.<\/p>\n<p style=\"text-align: justify;\">Bajo condiciones clim\u00e1ticas adversas, se deben adoptar los resguardos necesarios para prevenir este tipo de siniestros como son la utilizaci\u00f3n de neum\u00e1ticos de invierno o cadenas, sumado a una conducci\u00f3n razonable y prudente que permitan evitar una p\u00e9rdida de control del m\u00f3vil y detenerse a tiempo de manera controlada ante alguna emergencia.<\/p>\n<p style=\"text-align: justify;\">\u201cDesde enero a la fecha llevamos 21 accidentes de tr\u00e1nsito con lesionados graves y siete fallecidos en siniestros viales, por lo tanto, debemos aumentar las medidas de seguridad al momento de desplazarnos por las rutas\u201d, expres\u00f3 el Oficial SIAT.<\/p>\n<p style=\"text-align: justify;\">Luego del levantamiento de evidencias y una vez finalizado el procedimiento, por orden de la Fiscal\u00eda, los cuerpos son entregados al Servicio M\u00e9dico Legal.<\/p>\n<p style=\"text-align: justify;\">Hasta el cierre de esta edici\u00f3n el tr\u00e1nsito se encuentra temporalmente suspendido en el by pass a la altura del cruce hacia el sector El Claro, por el desarrollo de peritajes y el posterior retiro de los m\u00f3viles del lugar.<\/p>\n<\/div>\n<div class=\"yj6qo\"><\/div>\n<div class=\"adL\"><\/div>\n<\/div><\/section><\/div><div  style='height:50px' class='hr hr-invisible   avia-builder-el-6  el_after_av_one_full  el_before_av_social_share '><span class='hr-inner ' ><span class='hr-inner-style'><\/span><\/span><\/div><\/p>\n<div  class='av-social-sharing-box  avia-builder-el-7  el_after_av_hr  el_before_av_hr  '><div class='av-share-box'><h5 class='av-share-link-description av-no-toc '>Compartir esta noticia<\/h5><ul class='av-share-box-list noLightbox'><li class='av-share-link av-social-link-facebook' ><a target=\"_blank\" aria-label=\"Compartir en Facebook\" href='https:\/\/www.facebook.com\/sharer.php?u=https:\/\/radiorevelacionfm.cl\/?p=43479&#038;t=Carabineros%20de%20la%20SIAT%20Ays%C3%A9n%20investiga%20accidente%20de%20tr%C3%A1nsito%20que%20dej%C3%B3%20dos%20fallecidos%20en%20by%20pass%20de%20Coyhaique' aria-hidden='false' data-av_icon='\ue8f3' data-av_iconfont='entypo-fontello' title='' data-avia-related-tooltip='Compartir en Facebook' rel=\"noopener\"><span class='avia_hidden_link_text'>Compartir en Facebook<\/span><\/a><\/li><li class='av-share-link av-social-link-twitter' ><a target=\"_blank\" aria-label=\"Compartir en Twitter\" href='https:\/\/twitter.com\/share?text=Carabineros%20de%20la%20SIAT%20Ays%C3%A9n%20investiga%20accidente%20de%20tr%C3%A1nsito%20que%20dej%C3%B3%20dos%20fallecidos%20en%20by%20pass%20de%20Coyhaique&#038;url=https:\/\/radiorevelacionfm.cl\/?p=43479' aria-hidden='false' data-av_icon='\ue8f1' data-av_iconfont='entypo-fontello' title='' data-avia-related-tooltip='Compartir en Twitter' rel=\"noopener\"><span class='avia_hidden_link_text'>Compartir en Twitter<\/span><\/a><\/li><li class='av-share-link av-social-link-whatsapp' ><a target=\"_blank\" aria-label=\"Compartir en Whatsapp\" href='https:\/\/api.whatsapp.com\/send?text=https:\/\/radiorevelacionfm.cl\/?p=43479' aria-hidden='false' data-av_icon='\uf232' data-av_iconfont='entypo-fontello' title='' data-avia-related-tooltip='Compartir en Whatsapp' rel=\"noopener\"><span class='avia_hidden_link_text'>Compartir en Whatsapp<\/span><\/a><\/li><li class='av-share-link av-social-link-linkedin' ><a target=\"_blank\" aria-label=\"Compartir en LinkedIn\" href='https:\/\/linkedin.com\/shareArticle?mini=true&#038;title=Carabineros%20de%20la%20SIAT%20Ays%C3%A9n%20investiga%20accidente%20de%20tr%C3%A1nsito%20que%20dej%C3%B3%20dos%20fallecidos%20en%20by%20pass%20de%20Coyhaique&#038;url=https:\/\/radiorevelacionfm.cl\/?p=43479' aria-hidden='false' data-av_icon='\ue8fc' data-av_iconfont='entypo-fontello' title='' data-avia-related-tooltip='Compartir en LinkedIn' rel=\"noopener\"><span class='avia_hidden_link_text'>Compartir en LinkedIn<\/span><\/a><\/li><li class='av-share-link av-social-link-mail' ><a  aria-label=\"Compartir por correo\" href='mailto:?subject=Carabineros%20de%20la%20SIAT%20Ays%C3%A9n%20investiga%20accidente%20de%20tr%C3%A1nsito%20que%20dej%C3%B3%20dos%20fallecidos%20en%20by%20pass%20de%20Coyhaique&#038;body=https:\/\/radiorevelacionfm.cl\/?p=43479' aria-hidden='false' data-av_icon='\ue805' data-av_iconfont='entypo-fontello' title='' data-avia-related-tooltip='Compartir por correo'><span class='avia_hidden_link_text'>Compartir por correo<\/span><\/a><\/li><\/ul><\/div><\/div>\n<div  style='height:50px' class='hr hr-invisible   avia-builder-el-8  el_after_av_social_share  el_before_av_comments_list '><span class='hr-inner ' ><span class='hr-inner-style'><\/span><\/span><\/div>\n<div  class='av-buildercomment  av-blog-meta-html-info-disabled av-blog-meta-tag-disabled  '><\/div>\n","protected":false},"excerpt":{"rendered":"","protected":false},"author":1,"featured_media":43480,"comment_status":"open","ping_status":"open","sticky":false,"template":"","format":"standard","meta":{"footnotes":""},"categories":[38],"tags":[],"class_list":["post-43479","post","type-post","status-publish","format-standard","has-post-thumbnail","hentry","category-regional"],"jetpack_featured_media_url":"https:\/\/radiorevelacionfm.cl\/wp-content\/uploads\/2024\/06\/7ca9486b-fc5e-4b58-a178-fbbb4c0b9661-1-1.jpg","_links":{"self":[{"href":"https:\/\/radiorevelacionfm.cl\/index.php?rest_route=\/wp\/v2\/posts\/43479","targetHints":{"allow":["GET"]}}],"collection":[{"href":"https:\/\/radiorevelacionfm.cl\/index.php?rest_route=\/wp\/v2\/posts"}],"about":[{"href":"https:\/\/radiorevelacionfm.cl\/index.php?rest_route=\/wp\/v2\/types\/post"}],"author":[{"embeddable":true,"href":"https:\/\/radiorevelacionfm.cl\/index.php?rest_route=\/wp\/v2\/users\/1"}],"replies":[{"embeddable":true,"href":"https:\/\/radiorevelacionfm.cl\/index.php?rest_route=%2Fwp%2Fv2%2Fcomments&post=43479"}],"version-history":[{"count":1,"href":"https:\/\/radiorevelacionfm.cl\/index.php?rest_route=\/wp\/v2\/posts\/43479\/revisions"}],"predecessor-version":[{"id":43481,"href":"https:\/\/radiorevelacionfm.cl\/index.php?rest_route=\/wp\/v2\/posts\/43479\/revisions\/43481"}],"wp:featuredmedia":[{"embeddable":true,"href":"https:\/\/radiorevelacionfm.cl\/index.php?rest_route=\/wp\/v2\/media\/43480"}],"wp:attachment":[{"href":"https:\/\/radiorevelacionfm.cl\/index.php?rest_route=%2Fwp%2Fv2%2Fmedia&parent=43479"}],"wp:term":[{"taxonomy":"category","embeddable":true,"href":"https:\/\/radiorevelacionfm.cl\/index.php?rest_route=%2Fwp%2Fv2%2Fcategories&post=43479"},{"taxonomy":"post_tag","embeddable":true,"href":"https:\/\/radiorevelacionfm.cl\/index.php?rest_route=%2Fwp%2Fv2%2Ftags&post=43479"}],"curies":[{"name":"wp","href":"https:\/\/api.w.org\/{rel}","templated":true}]}}