{"id":4347,"date":"2021-05-20T14:17:37","date_gmt":"2021-05-20T17:17:37","guid":{"rendered":"https:\/\/radiorevelacionfm.cl\/?p=4347"},"modified":"2021-05-20T14:17:37","modified_gmt":"2021-05-20T17:17:37","slug":"fundacion-integra-jardin-sobre-ruedas-una-alternativa-de-educacion-en-primera-infancia","status":"publish","type":"post","link":"https:\/\/radiorevelacionfm.cl\/?p=4347","title":{"rendered":"Fundaci\u00f3n Integra: Jard\u00edn Sobre Ruedas una alternativa de educaci\u00f3n en primera infancia"},"content":{"rendered":"<div class=\"flex_column av_one_full  flex_column_div av-zero-column-padding first  avia-builder-el-0  el_before_av_one_full  avia-builder-el-first  \" style='border-radius:0px; '><div  class='avia-image-container  av-styling-    avia-builder-el-1  avia-builder-el-no-sibling  avia-align-center '  itemprop=\"image\" itemscope=\"itemscope\" itemtype=\"https:\/\/schema.org\/ImageObject\"  ><div class='avia-image-container-inner'><div class='avia-image-overlay-wrap'><img decoding=\"async\" class='wp-image-0 avia-img-lazy-loading-not-0 avia_image' src=\"https:\/\/radiorevelacionfm.cl\/wp-content\/uploads\/2021\/05\/1-33-2-1.jpg\" alt='' title=''   itemprop=\"thumbnailUrl\"  \/><\/div><\/div><\/div><\/div><div class=\"flex_column av_one_full  flex_column_div av-zero-column-padding first  avia-builder-el-2  el_after_av_one_full  el_before_av_one_full  column-top-margin\" style='border-radius:0px; '><section class=\"av_textblock_section \"  itemscope=\"itemscope\" itemtype=\"https:\/\/schema.org\/BlogPosting\" itemprop=\"blogPost\" ><div class='avia_textblock  '   itemprop=\"text\" ><p style=\"text-align: center;\"><strong><span style=\"font-size: 18pt;\">Fundaci\u00f3n Integra: Jard\u00edn Sobre Ruedas una alternativa de educaci\u00f3n en primera infancia<\/span><\/strong><\/p>\n<div id=\"gtx-trans\" style=\"position: absolute; left: -50px; top: 4.31534px;\">\n<div class=\"gtx-trans-icon\"><\/div>\n<\/div>\n<\/div><\/section><\/div><div class=\"flex_column av_one_full  flex_column_div av-zero-column-padding first  avia-builder-el-4  el_after_av_one_full  el_before_av_hr  column-top-margin\" style='border-radius:0px; '><section class=\"av_textblock_section \"  itemscope=\"itemscope\" itemtype=\"https:\/\/schema.org\/BlogPosting\" itemprop=\"blogPost\" ><div class='avia_textblock  '   itemprop=\"text\" ><p style=\"text-align: justify;\">Todas las semanas, y desde hace m\u00e1s de 9 a\u00f1os, una camioneta equipada con materiales pedag\u00f3gicos se prepara para salir a recorrer 4 localidades de la regi\u00f3n de Ays\u00e9n para entregar educaci\u00f3n en Primera Infancia a ni\u00f1as y ni\u00f1os de zonas rurales y urbanas de dif\u00edcil acceso que por la baja densidad poblacional, dispersi\u00f3n geogr\u00e1fica u otro factor no cuentan con un jard\u00edn infantil establecido.<\/p>\n<p style=\"text-align: justify;\">Su nombre es Jard\u00edn Sobre Ruedas (JSR) y es una Modalidad No Convencional (MNC) que pertenece a Fundaci\u00f3n Integra en la que se busca -al igual que en un jard\u00edn convencional- lograr el desarrollo pleno y aprendizajes significativos de ni\u00f1os y ni\u00f1as a trav\u00e9s de un proyecto educativo de calidad con la participaci\u00f3n activa de los equipos de trabajo, familias y comunidad.<\/p>\n<p style=\"text-align: justify;\">Para poder lograrlo, una educadora junto a un animador-conductor, una vez por semana se re\u00fanen para elaborar y planificar el plan educativo a desarrollar -durante ese periodo- con quienes asisten esta modalidad y que ellos pueden tener las mismas oportunidades y accesos en materia de educaci\u00f3n que alguien que vive en una ciudad.<\/p>\n<p style=\"text-align: justify;\">Joselyn Orellana, educadora de esta modalidad explica que su principal labor es en lo pedag\u00f3gico \u201ctenemos un plan educativo y que busca poder apoyar a todos los ni\u00f1os, en sus distintas etapas del desarrollo, adem\u00e1s de un acompa\u00f1amiento constante y trabajo directo con las familias, empoderando a ellos en su rol como primer educador\u201d.<\/p>\n<p style=\"text-align: justify;\">Es en este contexto que el equipo una vez por semana se dirigen a cada una de las localidades en las que prestan el servicio (\u00d1irehuao, Ma\u00f1ihuales, Arroyo El Gato y Coyhaique), espec\u00edficamente a un sala cedida por una escuela o sede comunitaria y por un m\u00ednimo de 4 horas, en la que recibir\u00e1n al grupo de ni\u00f1os y ni\u00f1as, junto a sus familias, para participar de este proceso educativo.<\/p>\n<p style=\"text-align: justify;\">Nicole Joo, asesora t\u00e9cnica de esta modalidad recalca que \u201cel jard\u00edn (sobre ruedas) propicia un espacio que es seguro, confiable, educativo y que est\u00e1 acompa\u00f1ado de mucha dedicaci\u00f3n y preparaci\u00f3n de las experiencias educativas que se realizan. Todo esto guiado por un Proyecto Educativo Institucional que propicia y pone al centro a las familias, lo que nos ha permitido gracias al boca a boca que m\u00e1s familias se sumen a esta modalidad\u201d.<\/p>\n<p style=\"text-align: justify;\"><strong><u>Plan Educativo a Distancia<\/u><\/strong><\/p>\n<p style=\"text-align: justify;\">Ejemplo de esto son las familias de \u00d1irehuao quienes desde hace menos de un a\u00f1o cuenta con esta modalidad de atenci\u00f3n y en la que participan 9 ni\u00f1as y ni\u00f1os entre los 2 a 6 a\u00f1os de edad, y en la que su rol es fundamental ya que para fortalecer el v\u00ednculo y el sello propio de esta modalidad se necesita de la f\u00e9rrea alianza con las familias como primeros educadores de sus hijos e hijas.<\/p>\n<p style=\"text-align: justify;\">Javiera Barria, apoderada del JSR en \u00d1irehuao destaca que \u201cson varios los beneficios que trae el Jard\u00edn. Es bonito ver a los ni\u00f1os compartiendo entre ellos y es lindo ver a mi hija compartiendo con otros ni\u00f1os. Ella antes era muy t\u00edmida y ahora tiene m\u00e1s amigas lo que me pone muy contenta\u201d, explica.<\/p>\n<p style=\"text-align: justify;\">En este periodo de pandemia por COVID-19, el equipo se ha visto obligado a aumentar las medidas de protecci\u00f3n para evitar contagios entre quienes forman parte de esta modalidad con el objetivo de dar continuidad en la atenci\u00f3n en las localidades.<\/p>\n<p style=\"text-align: justify;\">El jard\u00edn m\u00f3vil se encuentra desarrollando el Plan Educativo a Distancia que considera diversas estrategias en el contexto de aislamiento sanitario, destacando el contacto telef\u00f3nico con las familias, comunicaci\u00f3n a trav\u00e9s de mensajer\u00eda, visitas domiciliarias y la creaci\u00f3n de c\u00e1psulas educativas, entre otras iniciativas.<\/p>\n<p style=\"text-align: justify;\">Del mismo modo esta MNC ha entregado material did\u00e1ctico, fungible y educativo, as\u00ed como orientaciones y consejos de contenci\u00f3n, aprendizaje para potenciar el desarrollo de los p\u00e1rvulos, todo esto en el marco del Plan Educativo a Distancia de la instituci\u00f3n.<\/p>\n<p style=\"text-align: justify;\">\u201cAhora en Pandemia, nuestro rol ha sido mucho m\u00e1s espec\u00edfico y m\u00e1s ligado al acompa\u00f1amiento, de compartir con las familias, escucha atenta e incluso de contenci\u00f3n emocional. Este es un trabajo integral y siempre enfocado en poder apoyar a los ni\u00f1os, ni\u00f1as y sus familias\u201d, explica Joselyn Orellana.<\/p>\n<p style=\"text-align: justify;\">Cabe destacar que durante este 2021 el Jard\u00edn Sobre Ruedas est\u00e1 atendiendo a 36 ni\u00f1as y ni\u00f1os y funcionando de manera presencial\u00a0 en Arroyo El Gato y \u00d1irehuao, mientras que en Coyhaique y Ma\u00f1ihuales se est\u00e1 trabajando con la modalidad a distancia dando continuidad en la atenci\u00f3n a quienes forman parte de esta modalidad.<\/p>\n<p style=\"text-align: justify;\">Integra pertenece a la Red de Fundaciones de la Presidencia de la Rep\u00fablica. Con 30 a\u00f1os de experiencia, es la red m\u00e1s grande de salas cuna y jardines infantiles del pa\u00eds con m\u00e1s de 1.200 establecimientos gratuitos, a los que asisten m\u00e1s de 92 mil ni\u00f1os y ni\u00f1as en todo Chile.<\/p>\n<\/div><\/section><\/div><div  style='height:50px' class='hr hr-invisible   avia-builder-el-6  el_after_av_one_full  el_before_av_social_share '><span class='hr-inner ' ><span class='hr-inner-style'><\/span><\/span><\/div><\/p>\n<div  class='av-social-sharing-box  avia-builder-el-7  el_after_av_hr  el_before_av_hr  '><div class='av-share-box'><h5 class='av-share-link-description av-no-toc '>Compartir esta noticia<\/h5><ul class='av-share-box-list noLightbox'><li class='av-share-link av-social-link-facebook' ><a target=\"_blank\" aria-label=\"Compartir en Facebook\" href='https:\/\/www.facebook.com\/sharer.php?u=https:\/\/radiorevelacionfm.cl\/?p=4347&#038;t=Fundaci%C3%B3n%20Integra%3A%20Jard%C3%ADn%20Sobre%20Ruedas%20una%20alternativa%20de%20educaci%C3%B3n%20en%20primera%20infancia' aria-hidden='false' data-av_icon='\ue8f3' data-av_iconfont='entypo-fontello' title='' data-avia-related-tooltip='Compartir en Facebook' rel=\"noopener\"><span class='avia_hidden_link_text'>Compartir en Facebook<\/span><\/a><\/li><li class='av-share-link av-social-link-twitter' ><a target=\"_blank\" aria-label=\"Compartir en Twitter\" href='https:\/\/twitter.com\/share?text=Fundaci%C3%B3n%20Integra%3A%20Jard%C3%ADn%20Sobre%20Ruedas%20una%20alternativa%20de%20educaci%C3%B3n%20en%20primera%20infancia&#038;url=https:\/\/radiorevelacionfm.cl\/?p=4347' aria-hidden='false' data-av_icon='\ue8f1' data-av_iconfont='entypo-fontello' title='' data-avia-related-tooltip='Compartir en Twitter' rel=\"noopener\"><span class='avia_hidden_link_text'>Compartir en Twitter<\/span><\/a><\/li><li class='av-share-link av-social-link-whatsapp' ><a target=\"_blank\" aria-label=\"Compartir en Whatsapp\" href='https:\/\/api.whatsapp.com\/send?text=https:\/\/radiorevelacionfm.cl\/?p=4347' aria-hidden='false' data-av_icon='\uf232' data-av_iconfont='entypo-fontello' title='' data-avia-related-tooltip='Compartir en Whatsapp' rel=\"noopener\"><span class='avia_hidden_link_text'>Compartir en Whatsapp<\/span><\/a><\/li><li class='av-share-link av-social-link-linkedin' ><a target=\"_blank\" aria-label=\"Compartir en LinkedIn\" href='https:\/\/linkedin.com\/shareArticle?mini=true&#038;title=Fundaci%C3%B3n%20Integra%3A%20Jard%C3%ADn%20Sobre%20Ruedas%20una%20alternativa%20de%20educaci%C3%B3n%20en%20primera%20infancia&#038;url=https:\/\/radiorevelacionfm.cl\/?p=4347' aria-hidden='false' data-av_icon='\ue8fc' data-av_iconfont='entypo-fontello' title='' data-avia-related-tooltip='Compartir en LinkedIn' rel=\"noopener\"><span class='avia_hidden_link_text'>Compartir en LinkedIn<\/span><\/a><\/li><li class='av-share-link av-social-link-mail' ><a  aria-label=\"Compartir por correo\" href='mailto:?subject=Fundaci%C3%B3n%20Integra%3A%20Jard%C3%ADn%20Sobre%20Ruedas%20una%20alternativa%20de%20educaci%C3%B3n%20en%20primera%20infancia&#038;body=https:\/\/radiorevelacionfm.cl\/?p=4347' aria-hidden='false' data-av_icon='\ue805' data-av_iconfont='entypo-fontello' title='' data-avia-related-tooltip='Compartir por correo'><span class='avia_hidden_link_text'>Compartir por correo<\/span><\/a><\/li><\/ul><\/div><\/div>\n<div  style='height:50px' class='hr hr-invisible   avia-builder-el-8  el_after_av_social_share  el_before_av_comments_list '><span class='hr-inner ' ><span class='hr-inner-style'><\/span><\/span><\/div>\n<div  class='av-buildercomment  av-blog-meta-html-info-disabled av-blog-meta-tag-disabled  '><\/div>\n","protected":false},"excerpt":{"rendered":"","protected":false},"author":1,"featured_media":0,"comment_status":"open","ping_status":"open","sticky":false,"template":"","format":"standard","meta":{"footnotes":""},"categories":[49],"tags":[],"class_list":["post-4347","post","type-post","status-publish","format-standard","hentry","category-educacion"],"jetpack_featured_media_url":"","_links":{"self":[{"href":"https:\/\/radiorevelacionfm.cl\/index.php?rest_route=\/wp\/v2\/posts\/4347","targetHints":{"allow":["GET"]}}],"collection":[{"href":"https:\/\/radiorevelacionfm.cl\/index.php?rest_route=\/wp\/v2\/posts"}],"about":[{"href":"https:\/\/radiorevelacionfm.cl\/index.php?rest_route=\/wp\/v2\/types\/post"}],"author":[{"embeddable":true,"href":"https:\/\/radiorevelacionfm.cl\/index.php?rest_route=\/wp\/v2\/users\/1"}],"replies":[{"embeddable":true,"href":"https:\/\/radiorevelacionfm.cl\/index.php?rest_route=%2Fwp%2Fv2%2Fcomments&post=4347"}],"version-history":[{"count":1,"href":"https:\/\/radiorevelacionfm.cl\/index.php?rest_route=\/wp\/v2\/posts\/4347\/revisions"}],"predecessor-version":[{"id":4349,"href":"https:\/\/radiorevelacionfm.cl\/index.php?rest_route=\/wp\/v2\/posts\/4347\/revisions\/4349"}],"wp:attachment":[{"href":"https:\/\/radiorevelacionfm.cl\/index.php?rest_route=%2Fwp%2Fv2%2Fmedia&parent=4347"}],"wp:term":[{"taxonomy":"category","embeddable":true,"href":"https:\/\/radiorevelacionfm.cl\/index.php?rest_route=%2Fwp%2Fv2%2Fcategories&post=4347"},{"taxonomy":"post_tag","embeddable":true,"href":"https:\/\/radiorevelacionfm.cl\/index.php?rest_route=%2Fwp%2Fv2%2Ftags&post=4347"}],"curies":[{"name":"wp","href":"https:\/\/api.w.org\/{rel}","templated":true}]}}