{"id":43468,"date":"2024-06-25T11:11:13","date_gmt":"2024-06-25T14:11:13","guid":{"rendered":"https:\/\/radiorevelacionfm.cl\/?p=43468"},"modified":"2024-06-25T11:11:31","modified_gmt":"2024-06-25T14:11:31","slug":"calisto-por-pib-negativo-la-region-de-aysen-esta-en-un-estado-de-abandono-por-parte-del-estado","status":"publish","type":"post","link":"https:\/\/radiorevelacionfm.cl\/?p=43468","title":{"rendered":"Calisto por PIB negativo: \u201cLa regi\u00f3n de Ays\u00e9n est\u00e1 en un estado de abandono por parte del Estado\u201d"},"content":{"rendered":"<div class=\"flex_column av_one_full  flex_column_div av-zero-column-padding first  avia-builder-el-0  el_before_av_one_full  avia-builder-el-first  \" style='border-radius:0px; '><div  class='avia-image-container  av-styling-    avia-builder-el-1  avia-builder-el-no-sibling  avia-align-center '  itemprop=\"image\" itemscope=\"itemscope\" itemtype=\"https:\/\/schema.org\/ImageObject\"  ><div class='avia-image-container-inner'><div class='avia-image-overlay-wrap'><img decoding=\"async\" class='wp-image-42246 avia-img-lazy-loading-not-42246 avia_image' src=\"https:\/\/radiorevelacionfm.cl\/wp-content\/uploads\/2024\/05\/CALISTO-CONGRESO-COMISION-1-1.jpeg\" alt='' title='CALISTO CONGRESO COMISI\u00d3N (1) (1)' height=\"600\" width=\"900\"  itemprop=\"thumbnailUrl\" srcset=\"https:\/\/radiorevelacionfm.cl\/wp-content\/uploads\/2024\/05\/CALISTO-CONGRESO-COMISION-1-1.jpeg 900w, https:\/\/radiorevelacionfm.cl\/wp-content\/uploads\/2024\/05\/CALISTO-CONGRESO-COMISION-1-1-300x200.jpeg 300w, https:\/\/radiorevelacionfm.cl\/wp-content\/uploads\/2024\/05\/CALISTO-CONGRESO-COMISION-1-1-768x512.jpeg 768w, https:\/\/radiorevelacionfm.cl\/wp-content\/uploads\/2024\/05\/CALISTO-CONGRESO-COMISION-1-1-705x470.jpeg 705w, https:\/\/radiorevelacionfm.cl\/wp-content\/uploads\/2024\/05\/CALISTO-CONGRESO-COMISION-1-1-450x300.jpeg 450w, https:\/\/radiorevelacionfm.cl\/wp-content\/uploads\/2024\/05\/CALISTO-CONGRESO-COMISION-1-1-600x400.jpeg 600w\" sizes=\"(max-width: 900px) 100vw, 900px\" \/><\/div><\/div><\/div><\/div><div class=\"flex_column av_one_full  flex_column_div av-zero-column-padding first  avia-builder-el-2  el_after_av_one_full  el_before_av_one_full  column-top-margin\" style='border-radius:0px; '><section class=\"av_textblock_section \"  itemscope=\"itemscope\" itemtype=\"https:\/\/schema.org\/BlogPosting\" itemprop=\"blogPost\" ><div class='avia_textblock  '   itemprop=\"text\" ><p style=\"text-align: center;\"><span style=\"font-size: 18pt;\"><b><span lang=\"ES\">Diputado Calisto por PIB negativo: \u201cLa regi\u00f3n de Ays\u00e9n est\u00e1 en un estado de abandono por parte del Estado\u201d<\/span><\/b><\/span><\/p>\n<div id=\"gtx-trans\" style=\"position: absolute; left: -50px; top: 4.31534px;\">\n<div class=\"gtx-trans-icon\"><\/div>\n<\/div>\n<\/div><\/section><\/div><div class=\"flex_column av_one_full  flex_column_div av-zero-column-padding first  avia-builder-el-4  el_after_av_one_full  el_before_av_hr  column-top-margin\" style='border-radius:0px; '><section class=\"av_textblock_section \"  itemscope=\"itemscope\" itemtype=\"https:\/\/schema.org\/BlogPosting\" itemprop=\"blogPost\" ><div class='avia_textblock  '   itemprop=\"text\" ><p style=\"text-align: justify;\">El diputado Miguel \u00c1ngel Calisto manifest\u00f3 su preocupaci\u00f3n luego que el Banco Central asegurara en su informe del PIB regional del primer semestre que Ays\u00e9n se ubica en el \u00faltimo lugar, con una cifra negativa que llega casi al 10%.<\/p>\n<p style=\"text-align: justify;\">Ante esto, el legislador inst\u00f3 al Gobierno a impulsar medidas para revertir esta situaci\u00f3n, acusando que \u201cla regi\u00f3n de Ays\u00e9n est\u00e1 en un estado de abandono por parte del Estado\u201d.<\/p>\n<p style=\"text-align: justify;\">Seg\u00fan el diputado Miguel \u00c1ngel Calisto, \u201cla verdad, no nos sorprende la informaci\u00f3n entregada por el Banco Central sobre el desplome del PIB de Ays\u00e9n. Nuestra regi\u00f3n tiene una realidad muy distinta al resto de Chile, y eso desde Santiago parece que no lo entienden. Ac\u00e1 la principal actividad econ\u00f3mica viene desde el litoral y constantemente se le ponen trabas al desarrollo de esta industria, lo que genera incertidumbre y afecta la inversi\u00f3n\u201d.<\/p>\n<p style=\"text-align: justify;\">\u201cPrimero fue la discusi\u00f3n de indicaciones impulsadas por el propio ejecutivo en la tramitaci\u00f3n del SBAP, donde se limitaba la presencia de la salmonicultura en \u00e1reas protegidas. Despu\u00e9s tenemos las desproporcionadas solicitudes de Ecmpo, que s\u00f3lo generaron incertidumbre. Si a esto le sumamos la muy baja ejecuci\u00f3n presupuestaria y la eliminaci\u00f3n del Pedze (Plan Especial de Zonas Extremas), nos encontramos con una regi\u00f3n que carece de inversi\u00f3n p\u00fablica y adem\u00e1s le pone dificultades a la concreci\u00f3n de inversi\u00f3n privada\u201d, sentenci\u00f3 Calisto.<\/p>\n<p style=\"text-align: justify;\">Finalmente, el legislador agreg\u00f3 que \u201cno es casualidad que seamos la \u00fanica regi\u00f3n de Chile con PIB negativo. El llamado es al Gobierno para que tomen cartas en el asunto y podamos revertir esta situaci\u00f3n\u201d.<\/p>\n<\/div><\/section><\/div><div  style='height:50px' class='hr hr-invisible   avia-builder-el-6  el_after_av_one_full  el_before_av_social_share '><span class='hr-inner ' ><span class='hr-inner-style'><\/span><\/span><\/div><\/p>\n<div  class='av-social-sharing-box  avia-builder-el-7  el_after_av_hr  el_before_av_hr  '><div class='av-share-box'><h5 class='av-share-link-description av-no-toc '>Compartir esta noticia<\/h5><ul class='av-share-box-list noLightbox'><li class='av-share-link av-social-link-facebook' ><a target=\"_blank\" aria-label=\"Compartir en Facebook\" href='https:\/\/www.facebook.com\/sharer.php?u=https:\/\/radiorevelacionfm.cl\/?p=43468&#038;t=Calisto%20por%20PIB%20negativo%3A%20%E2%80%9CLa%20regi%C3%B3n%20de%20Ays%C3%A9n%20est%C3%A1%20en%20un%20estado%20de%20abandono%20por%20parte%20del%20Estado%E2%80%9D' aria-hidden='false' data-av_icon='\ue8f3' data-av_iconfont='entypo-fontello' title='' data-avia-related-tooltip='Compartir en Facebook' rel=\"noopener\"><span class='avia_hidden_link_text'>Compartir en Facebook<\/span><\/a><\/li><li class='av-share-link av-social-link-twitter' ><a target=\"_blank\" aria-label=\"Compartir en Twitter\" href='https:\/\/twitter.com\/share?text=Calisto%20por%20PIB%20negativo%3A%20%E2%80%9CLa%20regi%C3%B3n%20de%20Ays%C3%A9n%20est%C3%A1%20en%20un%20estado%20de%20abandono%20por%20parte%20del%20Estado%E2%80%9D&#038;url=https:\/\/radiorevelacionfm.cl\/?p=43468' aria-hidden='false' data-av_icon='\ue8f1' data-av_iconfont='entypo-fontello' title='' data-avia-related-tooltip='Compartir en Twitter' rel=\"noopener\"><span class='avia_hidden_link_text'>Compartir en Twitter<\/span><\/a><\/li><li class='av-share-link av-social-link-whatsapp' ><a target=\"_blank\" aria-label=\"Compartir en Whatsapp\" href='https:\/\/api.whatsapp.com\/send?text=https:\/\/radiorevelacionfm.cl\/?p=43468' aria-hidden='false' data-av_icon='\uf232' data-av_iconfont='entypo-fontello' title='' data-avia-related-tooltip='Compartir en Whatsapp' rel=\"noopener\"><span class='avia_hidden_link_text'>Compartir en Whatsapp<\/span><\/a><\/li><li class='av-share-link av-social-link-linkedin' ><a target=\"_blank\" aria-label=\"Compartir en LinkedIn\" href='https:\/\/linkedin.com\/shareArticle?mini=true&#038;title=Calisto%20por%20PIB%20negativo%3A%20%E2%80%9CLa%20regi%C3%B3n%20de%20Ays%C3%A9n%20est%C3%A1%20en%20un%20estado%20de%20abandono%20por%20parte%20del%20Estado%E2%80%9D&#038;url=https:\/\/radiorevelacionfm.cl\/?p=43468' aria-hidden='false' data-av_icon='\ue8fc' data-av_iconfont='entypo-fontello' title='' data-avia-related-tooltip='Compartir en LinkedIn' rel=\"noopener\"><span class='avia_hidden_link_text'>Compartir en LinkedIn<\/span><\/a><\/li><li class='av-share-link av-social-link-mail' ><a  aria-label=\"Compartir por correo\" href='mailto:?subject=Calisto%20por%20PIB%20negativo%3A%20%E2%80%9CLa%20regi%C3%B3n%20de%20Ays%C3%A9n%20est%C3%A1%20en%20un%20estado%20de%20abandono%20por%20parte%20del%20Estado%E2%80%9D&#038;body=https:\/\/radiorevelacionfm.cl\/?p=43468' aria-hidden='false' data-av_icon='\ue805' data-av_iconfont='entypo-fontello' title='' data-avia-related-tooltip='Compartir por correo'><span class='avia_hidden_link_text'>Compartir por correo<\/span><\/a><\/li><\/ul><\/div><\/div>\n<div  style='height:50px' class='hr hr-invisible   avia-builder-el-8  el_after_av_social_share  el_before_av_comments_list '><span class='hr-inner ' ><span class='hr-inner-style'><\/span><\/span><\/div>\n<div  class='av-buildercomment  av-blog-meta-html-info-disabled av-blog-meta-tag-disabled  '><\/div>\n","protected":false},"excerpt":{"rendered":"","protected":false},"author":1,"featured_media":42246,"comment_status":"open","ping_status":"open","sticky":false,"template":"","format":"standard","meta":{"footnotes":""},"categories":[35],"tags":[],"class_list":["post-43468","post","type-post","status-publish","format-standard","has-post-thumbnail","hentry","category-politica"],"jetpack_featured_media_url":"https:\/\/radiorevelacionfm.cl\/wp-content\/uploads\/2024\/05\/CALISTO-CONGRESO-COMISION-1-1.jpeg","_links":{"self":[{"href":"https:\/\/radiorevelacionfm.cl\/index.php?rest_route=\/wp\/v2\/posts\/43468","targetHints":{"allow":["GET"]}}],"collection":[{"href":"https:\/\/radiorevelacionfm.cl\/index.php?rest_route=\/wp\/v2\/posts"}],"about":[{"href":"https:\/\/radiorevelacionfm.cl\/index.php?rest_route=\/wp\/v2\/types\/post"}],"author":[{"embeddable":true,"href":"https:\/\/radiorevelacionfm.cl\/index.php?rest_route=\/wp\/v2\/users\/1"}],"replies":[{"embeddable":true,"href":"https:\/\/radiorevelacionfm.cl\/index.php?rest_route=%2Fwp%2Fv2%2Fcomments&post=43468"}],"version-history":[{"count":1,"href":"https:\/\/radiorevelacionfm.cl\/index.php?rest_route=\/wp\/v2\/posts\/43468\/revisions"}],"predecessor-version":[{"id":43469,"href":"https:\/\/radiorevelacionfm.cl\/index.php?rest_route=\/wp\/v2\/posts\/43468\/revisions\/43469"}],"wp:featuredmedia":[{"embeddable":true,"href":"https:\/\/radiorevelacionfm.cl\/index.php?rest_route=\/wp\/v2\/media\/42246"}],"wp:attachment":[{"href":"https:\/\/radiorevelacionfm.cl\/index.php?rest_route=%2Fwp%2Fv2%2Fmedia&parent=43468"}],"wp:term":[{"taxonomy":"category","embeddable":true,"href":"https:\/\/radiorevelacionfm.cl\/index.php?rest_route=%2Fwp%2Fv2%2Fcategories&post=43468"},{"taxonomy":"post_tag","embeddable":true,"href":"https:\/\/radiorevelacionfm.cl\/index.php?rest_route=%2Fwp%2Fv2%2Ftags&post=43468"}],"curies":[{"name":"wp","href":"https:\/\/api.w.org\/{rel}","templated":true}]}}