{"id":43465,"date":"2024-06-24T22:51:58","date_gmt":"2024-06-25T01:51:58","guid":{"rendered":"https:\/\/radiorevelacionfm.cl\/?p=43465"},"modified":"2024-06-24T22:51:58","modified_gmt":"2024-06-25T01:51:58","slug":"alcalde-gatica-solicita-al-servicio-local-de-educacion-la-suspension-de-clases-en-coyhaique","status":"publish","type":"post","link":"https:\/\/radiorevelacionfm.cl\/?p=43465","title":{"rendered":"Alcalde Gatica solicita al Servicio Local de Educaci\u00f3n la suspensi\u00f3n de clases en Coyhaique"},"content":{"rendered":"<div class=\"flex_column av_one_full  flex_column_div av-zero-column-padding first  avia-builder-el-0  el_before_av_one_full  avia-builder-el-first  \" style='border-radius:0px; '><div  class='avia-image-container  av-styling-    avia-builder-el-1  avia-builder-el-no-sibling  avia-align-center '  itemprop=\"image\" itemscope=\"itemscope\" itemtype=\"https:\/\/schema.org\/ImageObject\"  ><div class='avia-image-container-inner'><div class='avia-image-overlay-wrap'><img decoding=\"async\" class='wp-image-43466 avia-img-lazy-loading-not-43466 avia_image' src=\"https:\/\/radiorevelacionfm.cl\/wp-content\/uploads\/2024\/06\/0e152de7ee47270a96dbc3a668684f7f-2-2_optimized-2.jpg\" alt='' title='0e152de7ee47270a96dbc3a668684f7f-2-2_optimized-2' height=\"600\" width=\"800\"  itemprop=\"thumbnailUrl\" srcset=\"https:\/\/radiorevelacionfm.cl\/wp-content\/uploads\/2024\/06\/0e152de7ee47270a96dbc3a668684f7f-2-2_optimized-2.jpg 800w, https:\/\/radiorevelacionfm.cl\/wp-content\/uploads\/2024\/06\/0e152de7ee47270a96dbc3a668684f7f-2-2_optimized-2-300x225.jpg 300w, https:\/\/radiorevelacionfm.cl\/wp-content\/uploads\/2024\/06\/0e152de7ee47270a96dbc3a668684f7f-2-2_optimized-2-768x576.jpg 768w, https:\/\/radiorevelacionfm.cl\/wp-content\/uploads\/2024\/06\/0e152de7ee47270a96dbc3a668684f7f-2-2_optimized-2-705x529.jpg 705w, https:\/\/radiorevelacionfm.cl\/wp-content\/uploads\/2024\/06\/0e152de7ee47270a96dbc3a668684f7f-2-2_optimized-2-450x338.jpg 450w, https:\/\/radiorevelacionfm.cl\/wp-content\/uploads\/2024\/06\/0e152de7ee47270a96dbc3a668684f7f-2-2_optimized-2-600x450.jpg 600w\" sizes=\"(max-width: 800px) 100vw, 800px\" \/><\/div><\/div><\/div><\/div><div class=\"flex_column av_one_full  flex_column_div av-zero-column-padding first  avia-builder-el-2  el_after_av_one_full  el_before_av_one_full  column-top-margin\" style='border-radius:0px; '><section class=\"av_textblock_section \"  itemscope=\"itemscope\" itemtype=\"https:\/\/schema.org\/BlogPosting\" itemprop=\"blogPost\" ><div class='avia_textblock  '   itemprop=\"text\" ><p style=\"text-align: center;\"><strong><span style=\"font-size: 18pt;\">Alcalde Gatica solicita al Servicio Local de Educaci\u00f3n la suspensi\u00f3n de clases en Coyhaique <\/span><\/strong><\/p>\n<div id=\"gtx-trans\" style=\"position: absolute; left: -50px; top: 4.31534px;\">\n<div class=\"gtx-trans-icon\"><\/div>\n<\/div>\n<\/div><\/section><\/div><div class=\"flex_column av_one_full  flex_column_div av-zero-column-padding first  avia-builder-el-4  el_after_av_one_full  el_before_av_hr  column-top-margin\" style='border-radius:0px; '><section class=\"av_textblock_section \"  itemscope=\"itemscope\" itemtype=\"https:\/\/schema.org\/BlogPosting\" itemprop=\"blogPost\" ><div class='avia_textblock  '   itemprop=\"text\" ><p style=\"text-align: justify;\">El Municipio de Coyhaique se encuentra desplegado con toda su capacidad de maquinaria y equipos humanos en el sector urbano y rural de la comuna, por lo que el alcalde Gatica realiz\u00f3 con preocupaci\u00f3n el llamado ante la nueva baja de temperaturas.<\/p>\n<p style=\"text-align: justify;\">Ante el escenario de bajas temperaturas que se avecinan las pr\u00f3ximas horas y la complejidad que esto implica en el tr\u00e1nsito de la comunidad a primera hora, el alcalde de Coyhaique, Carlos Gatica, solicit\u00f3 al Servicio Local de Educaci\u00f3n y las autoridades regionales la suspensi\u00f3n total de clases como medida preventiva, toda vez, que ratific\u00f3 que se encuentran trabajando como Municipio en toda su capacidad frente esta emergencia clim\u00e1tica.<\/p>\n<p style=\"text-align: justify;\">Al respecto, el alcalde, Carlos Gatica Villegas manifest\u00f3 que \u201catendiendo a las condiciones clim\u00e1ticas y bajas temperaturas, nos preocupa el desplazamiento a temprana hora de escolares y sus familias. Toda vez que parte importante de los establecimientos ya se encuentran con sus cierres de semestre\u201d.<\/p>\n<p style=\"text-align: justify;\">\u201cRealizamos un llamado al Servicio Local de Educaci\u00f3n (SLEP) y la autoridad regional correspondiente es a que re eval\u00fae la suspensi\u00f3n totales de clases de los establecimientos, ya que hemos recibido reportes de diversos sectores que est\u00e1n con dificultad de transito, adem\u00e1s de algunas complicaciones que se han dado en algunos establecimientos educacionales\u201d, agreg\u00f3 la autoridad comunal.<\/p>\n<p style=\"text-align: justify;\">\u201cNosotros nos encontramos como Municipio con toda nuestra capacidad atendiendo las solicitudes tanto en los despejes de calles como en la aplicaci\u00f3n de sal y tambi\u00e9n haciendo entrega de apoyos sociales a nuestros vecinos y vecinas\u201d, concluy\u00f3 el alcalde Carlos Gatica.<\/p>\n<\/div><\/section><\/div><div  style='height:50px' class='hr hr-invisible   avia-builder-el-6  el_after_av_one_full  el_before_av_social_share '><span class='hr-inner ' ><span class='hr-inner-style'><\/span><\/span><\/div><\/p>\n<div  class='av-social-sharing-box  avia-builder-el-7  el_after_av_hr  el_before_av_hr  '><div class='av-share-box'><h5 class='av-share-link-description av-no-toc '>Compartir esta noticia<\/h5><ul class='av-share-box-list noLightbox'><li class='av-share-link av-social-link-facebook' ><a target=\"_blank\" aria-label=\"Compartir en Facebook\" href='https:\/\/www.facebook.com\/sharer.php?u=https:\/\/radiorevelacionfm.cl\/?p=43465&#038;t=Alcalde%20Gatica%20solicita%20al%20Servicio%20Local%20de%20Educaci%C3%B3n%20la%20suspensi%C3%B3n%20de%20clases%20en%20Coyhaique' aria-hidden='false' data-av_icon='\ue8f3' data-av_iconfont='entypo-fontello' title='' data-avia-related-tooltip='Compartir en Facebook' rel=\"noopener\"><span class='avia_hidden_link_text'>Compartir en Facebook<\/span><\/a><\/li><li class='av-share-link av-social-link-twitter' ><a target=\"_blank\" aria-label=\"Compartir en Twitter\" href='https:\/\/twitter.com\/share?text=Alcalde%20Gatica%20solicita%20al%20Servicio%20Local%20de%20Educaci%C3%B3n%20la%20suspensi%C3%B3n%20de%20clases%20en%20Coyhaique&#038;url=https:\/\/radiorevelacionfm.cl\/?p=43465' aria-hidden='false' data-av_icon='\ue8f1' data-av_iconfont='entypo-fontello' title='' data-avia-related-tooltip='Compartir en Twitter' rel=\"noopener\"><span class='avia_hidden_link_text'>Compartir en Twitter<\/span><\/a><\/li><li class='av-share-link av-social-link-whatsapp' ><a target=\"_blank\" aria-label=\"Compartir en Whatsapp\" href='https:\/\/api.whatsapp.com\/send?text=https:\/\/radiorevelacionfm.cl\/?p=43465' aria-hidden='false' data-av_icon='\uf232' data-av_iconfont='entypo-fontello' title='' data-avia-related-tooltip='Compartir en Whatsapp' rel=\"noopener\"><span class='avia_hidden_link_text'>Compartir en Whatsapp<\/span><\/a><\/li><li class='av-share-link av-social-link-linkedin' ><a target=\"_blank\" aria-label=\"Compartir en LinkedIn\" href='https:\/\/linkedin.com\/shareArticle?mini=true&#038;title=Alcalde%20Gatica%20solicita%20al%20Servicio%20Local%20de%20Educaci%C3%B3n%20la%20suspensi%C3%B3n%20de%20clases%20en%20Coyhaique&#038;url=https:\/\/radiorevelacionfm.cl\/?p=43465' aria-hidden='false' data-av_icon='\ue8fc' data-av_iconfont='entypo-fontello' title='' data-avia-related-tooltip='Compartir en LinkedIn' rel=\"noopener\"><span class='avia_hidden_link_text'>Compartir en LinkedIn<\/span><\/a><\/li><li class='av-share-link av-social-link-mail' ><a  aria-label=\"Compartir por correo\" href='mailto:?subject=Alcalde%20Gatica%20solicita%20al%20Servicio%20Local%20de%20Educaci%C3%B3n%20la%20suspensi%C3%B3n%20de%20clases%20en%20Coyhaique&#038;body=https:\/\/radiorevelacionfm.cl\/?p=43465' aria-hidden='false' data-av_icon='\ue805' data-av_iconfont='entypo-fontello' title='' data-avia-related-tooltip='Compartir por correo'><span class='avia_hidden_link_text'>Compartir por correo<\/span><\/a><\/li><\/ul><\/div><\/div>\n<div  style='height:50px' class='hr hr-invisible   avia-builder-el-8  el_after_av_social_share  el_before_av_comments_list '><span class='hr-inner ' ><span class='hr-inner-style'><\/span><\/span><\/div>\n<div  class='av-buildercomment  av-blog-meta-html-info-disabled av-blog-meta-tag-disabled  '><\/div>\n","protected":false},"excerpt":{"rendered":"","protected":false},"author":1,"featured_media":43466,"comment_status":"open","ping_status":"open","sticky":false,"template":"","format":"standard","meta":{"footnotes":""},"categories":[38],"tags":[],"class_list":["post-43465","post","type-post","status-publish","format-standard","has-post-thumbnail","hentry","category-regional"],"jetpack_featured_media_url":"https:\/\/radiorevelacionfm.cl\/wp-content\/uploads\/2024\/06\/0e152de7ee47270a96dbc3a668684f7f-2-2_optimized-2.jpg","_links":{"self":[{"href":"https:\/\/radiorevelacionfm.cl\/index.php?rest_route=\/wp\/v2\/posts\/43465","targetHints":{"allow":["GET"]}}],"collection":[{"href":"https:\/\/radiorevelacionfm.cl\/index.php?rest_route=\/wp\/v2\/posts"}],"about":[{"href":"https:\/\/radiorevelacionfm.cl\/index.php?rest_route=\/wp\/v2\/types\/post"}],"author":[{"embeddable":true,"href":"https:\/\/radiorevelacionfm.cl\/index.php?rest_route=\/wp\/v2\/users\/1"}],"replies":[{"embeddable":true,"href":"https:\/\/radiorevelacionfm.cl\/index.php?rest_route=%2Fwp%2Fv2%2Fcomments&post=43465"}],"version-history":[{"count":1,"href":"https:\/\/radiorevelacionfm.cl\/index.php?rest_route=\/wp\/v2\/posts\/43465\/revisions"}],"predecessor-version":[{"id":43467,"href":"https:\/\/radiorevelacionfm.cl\/index.php?rest_route=\/wp\/v2\/posts\/43465\/revisions\/43467"}],"wp:featuredmedia":[{"embeddable":true,"href":"https:\/\/radiorevelacionfm.cl\/index.php?rest_route=\/wp\/v2\/media\/43466"}],"wp:attachment":[{"href":"https:\/\/radiorevelacionfm.cl\/index.php?rest_route=%2Fwp%2Fv2%2Fmedia&parent=43465"}],"wp:term":[{"taxonomy":"category","embeddable":true,"href":"https:\/\/radiorevelacionfm.cl\/index.php?rest_route=%2Fwp%2Fv2%2Fcategories&post=43465"},{"taxonomy":"post_tag","embeddable":true,"href":"https:\/\/radiorevelacionfm.cl\/index.php?rest_route=%2Fwp%2Fv2%2Ftags&post=43465"}],"curies":[{"name":"wp","href":"https:\/\/api.w.org\/{rel}","templated":true}]}}