{"id":43459,"date":"2024-06-24T21:47:32","date_gmt":"2024-06-25T00:47:32","guid":{"rendered":"https:\/\/radiorevelacionfm.cl\/?p=43459"},"modified":"2024-06-24T21:47:32","modified_gmt":"2024-06-25T00:47:32","slug":"feria-campesina-y-expo-indigena-en-aysen-apoya-a-emprendedores-as-de-la-comuna","status":"publish","type":"post","link":"https:\/\/radiorevelacionfm.cl\/?p=43459","title":{"rendered":"\u201cFeria Campesina y Expo Ind\u00edgena\u201d en Ays\u00e9n apoya a emprendedores\/as de la comuna"},"content":{"rendered":"<div class=\"flex_column av_one_full  flex_column_div av-zero-column-padding first  avia-builder-el-0  el_before_av_one_full  avia-builder-el-first  \" style='border-radius:0px; '><div  class='avia-image-container  av-styling-    avia-builder-el-1  avia-builder-el-no-sibling  avia-align-center '  itemprop=\"image\" itemscope=\"itemscope\" itemtype=\"https:\/\/schema.org\/ImageObject\"  ><div class='avia-image-container-inner'><div class='avia-image-overlay-wrap'><img decoding=\"async\" class='wp-image-43460 avia-img-lazy-loading-not-43460 avia_image' src=\"https:\/\/radiorevelacionfm.cl\/wp-content\/uploads\/2024\/06\/feria-campesina-y-expo-indigena-6-2_optimized-2.jpg\" alt='' title='feria-campesina-y-expo-indigena-6-2_optimized-2' height=\"600\" width=\"1331\"  itemprop=\"thumbnailUrl\" srcset=\"https:\/\/radiorevelacionfm.cl\/wp-content\/uploads\/2024\/06\/feria-campesina-y-expo-indigena-6-2_optimized-2.jpg 1331w, https:\/\/radiorevelacionfm.cl\/wp-content\/uploads\/2024\/06\/feria-campesina-y-expo-indigena-6-2_optimized-2-300x135.jpg 300w, https:\/\/radiorevelacionfm.cl\/wp-content\/uploads\/2024\/06\/feria-campesina-y-expo-indigena-6-2_optimized-2-1030x464.jpg 1030w, https:\/\/radiorevelacionfm.cl\/wp-content\/uploads\/2024\/06\/feria-campesina-y-expo-indigena-6-2_optimized-2-768x346.jpg 768w, https:\/\/radiorevelacionfm.cl\/wp-content\/uploads\/2024\/06\/feria-campesina-y-expo-indigena-6-2_optimized-2-705x318.jpg 705w, https:\/\/radiorevelacionfm.cl\/wp-content\/uploads\/2024\/06\/feria-campesina-y-expo-indigena-6-2_optimized-2-450x203.jpg 450w, https:\/\/radiorevelacionfm.cl\/wp-content\/uploads\/2024\/06\/feria-campesina-y-expo-indigena-6-2_optimized-2-600x270.jpg 600w\" sizes=\"(max-width: 1331px) 100vw, 1331px\" \/><\/div><\/div><\/div><\/div><div class=\"flex_column av_one_full  flex_column_div av-zero-column-padding first  avia-builder-el-2  el_after_av_one_full  el_before_av_one_full  column-top-margin\" style='border-radius:0px; '><section class=\"av_textblock_section \"  itemscope=\"itemscope\" itemtype=\"https:\/\/schema.org\/BlogPosting\" itemprop=\"blogPost\" ><div class='avia_textblock  '   itemprop=\"text\" ><p style=\"text-align: center;\"><strong><span style=\"font-size: 18pt;\">\u201cFeria Campesina y Expo Ind\u00edgena\u201d de Ays\u00e9n apoya a emprendedores\/as de la comuna<\/span><\/strong><\/p>\n<div id=\"gtx-trans\" style=\"position: absolute; left: -50px; top: 4.31534px;\">\n<div class=\"gtx-trans-icon\"><\/div>\n<\/div>\n<\/div><\/section><\/div><div class=\"flex_column av_one_full  flex_column_div av-zero-column-padding first  avia-builder-el-4  el_after_av_one_full  el_before_av_hr  column-top-margin\" style='border-radius:0px; '><section class=\"av_textblock_section \"  itemscope=\"itemscope\" itemtype=\"https:\/\/schema.org\/BlogPosting\" itemprop=\"blogPost\" ><div class='avia_textblock  '   itemprop=\"text\" ><p style=\"text-align: justify;\"><em>Esto es parte de una serie de actividades de similares caracter\u00edsticas financiadas por el Gobierno Regional de Ays\u00e9n y que permiten poner en valor la creaci\u00f3n de nuestros emprendedores y emprendedoras locales.<\/em><\/p>\n<p style=\"text-align: justify;\">En el gimnasio IND de Puerto Ays\u00e9n, se congreg\u00f3 una gran cantidad de emprendedores y emprendedoras de la comuna, en el desarrollo de \u201cFeria Campesina y Expo Ind\u00edgena\u201d, la que, durante dos d\u00edas, permiti\u00f3 conocer las m\u00e1s diversas artesan\u00edas, manualidades, art\u00edculos producidos con lana, comidas t\u00edpicas, art\u00edculos y medina natural, que tuvo tambi\u00e9n muestras folcl\u00f3ricas y m\u00fasica en vivo.<\/p>\n<p style=\"text-align: justify;\">El alcalde, Julio Uribe, relev\u00f3 el financiamiento de esta y otras ferias que son parte de un proyecto de la Municipalidad de Ays\u00e9n, que se ejecuta con recursos del Gobierno Regional y donde se destaca el trabajo que realiza la Direcci\u00f3n de Desarrollo Comunitario.<\/p>\n<p style=\"text-align: justify;\">\u201cFelicitar el gran trabajo que est\u00e1 desarrollando nuestra Direcci\u00f3n de Desarrollo Comunitario, donde estamos con este programa de ferias que est\u00e1 financiado por el Gobierno Regional, son m\u00e1s de 622 millones de pesos, que se han distribuido durante todo el a\u00f1o. De esta forma, hemos realizado el Carnaval del Agua, donde tuvimos m\u00e1s de 200 expositores, luego la Feria de Productos Forestales no Madereros, tambi\u00e9n tuvimos la feria del d\u00eda de la Madre, ahora, esta feria campesina, con motivo del d\u00eda de los Pueblos Originarios\u201d.<\/p>\n<p style=\"text-align: justify;\">Quienes participaron de esta nueva alternativa para mostrar sus productos e interactuar con otros emprendedores, pusieron en valor el espacio, dando cuenta que esperan que se repita. \u201cMaravilloso, es una gran oportunidad para que los emprendedores podamos vender nuestros productos, sobre todo en \u00e9poca de invierno que cuesta m\u00e1s. Lo ideal es que, este tipo de actividades se sigan realizando porque es beneficioso para todos, para Puerto Ays\u00e9n, para los emprendedores y para salir un poco de la rutina\u201d, manifest\u00f3 \u00c1ngela Fern\u00e1ndez.<\/p>\n<p style=\"text-align: justify;\">En tanto, Claudia Ovando, mencion\u00f3 que, \u201cencuentro que es s\u00faper buena la iniciativa que tuvo la Municipalidad con esto, yo estoy s\u00faper agradecida de la oportunidad que se da, porque as\u00ed uno puede conocer m\u00e1s gente, se crean nuevos lazos, te das a conocer y despu\u00e9s lo bueno que hay una retroalimentaci\u00f3n y la gente igual te va buscando en distintas ferias. Entonces, igual eso es lo bonito que queda de esto\u201d.<\/p>\n<p style=\"text-align: justify;\">La pr\u00f3xima Feria Campesina de la Municipalidad de Ays\u00e9n, se llevar\u00e1 a cabo durante el mes de agosto y pretende congregar a un gran n\u00famero de emprendedores y emprendedoras, con el fin de que sea una instancia que convoque a la comunidad para adquirir y relevar los productos locales.<\/p>\n<\/div><\/section><\/div><div  style='height:50px' class='hr hr-invisible   avia-builder-el-6  el_after_av_one_full  el_before_av_social_share '><span class='hr-inner ' ><span class='hr-inner-style'><\/span><\/span><\/div><\/p>\n<div  class='av-social-sharing-box  avia-builder-el-7  el_after_av_hr  el_before_av_hr  '><div class='av-share-box'><h5 class='av-share-link-description av-no-toc '>Compartir esta noticia<\/h5><ul class='av-share-box-list noLightbox'><li class='av-share-link av-social-link-facebook' ><a target=\"_blank\" aria-label=\"Compartir en Facebook\" href='https:\/\/www.facebook.com\/sharer.php?u=https:\/\/radiorevelacionfm.cl\/?p=43459&#038;t=%E2%80%9CFeria%20Campesina%20y%20Expo%20Ind%C3%ADgena%E2%80%9D%20en%20Ays%C3%A9n%20apoya%20a%20emprendedores%2Fas%20de%20la%20comuna' aria-hidden='false' data-av_icon='\ue8f3' data-av_iconfont='entypo-fontello' title='' data-avia-related-tooltip='Compartir en Facebook' rel=\"noopener\"><span class='avia_hidden_link_text'>Compartir en Facebook<\/span><\/a><\/li><li class='av-share-link av-social-link-twitter' ><a target=\"_blank\" aria-label=\"Compartir en Twitter\" href='https:\/\/twitter.com\/share?text=%E2%80%9CFeria%20Campesina%20y%20Expo%20Ind%C3%ADgena%E2%80%9D%20en%20Ays%C3%A9n%20apoya%20a%20emprendedores%2Fas%20de%20la%20comuna&#038;url=https:\/\/radiorevelacionfm.cl\/?p=43459' aria-hidden='false' data-av_icon='\ue8f1' data-av_iconfont='entypo-fontello' title='' data-avia-related-tooltip='Compartir en Twitter' rel=\"noopener\"><span class='avia_hidden_link_text'>Compartir en Twitter<\/span><\/a><\/li><li class='av-share-link av-social-link-whatsapp' ><a target=\"_blank\" aria-label=\"Compartir en Whatsapp\" href='https:\/\/api.whatsapp.com\/send?text=https:\/\/radiorevelacionfm.cl\/?p=43459' aria-hidden='false' data-av_icon='\uf232' data-av_iconfont='entypo-fontello' title='' data-avia-related-tooltip='Compartir en Whatsapp' rel=\"noopener\"><span class='avia_hidden_link_text'>Compartir en Whatsapp<\/span><\/a><\/li><li class='av-share-link av-social-link-linkedin' ><a target=\"_blank\" aria-label=\"Compartir en LinkedIn\" href='https:\/\/linkedin.com\/shareArticle?mini=true&#038;title=%E2%80%9CFeria%20Campesina%20y%20Expo%20Ind%C3%ADgena%E2%80%9D%20en%20Ays%C3%A9n%20apoya%20a%20emprendedores%2Fas%20de%20la%20comuna&#038;url=https:\/\/radiorevelacionfm.cl\/?p=43459' aria-hidden='false' data-av_icon='\ue8fc' data-av_iconfont='entypo-fontello' title='' data-avia-related-tooltip='Compartir en LinkedIn' rel=\"noopener\"><span class='avia_hidden_link_text'>Compartir en LinkedIn<\/span><\/a><\/li><li class='av-share-link av-social-link-mail' ><a  aria-label=\"Compartir por correo\" href='mailto:?subject=%E2%80%9CFeria%20Campesina%20y%20Expo%20Ind%C3%ADgena%E2%80%9D%20en%20Ays%C3%A9n%20apoya%20a%20emprendedores%2Fas%20de%20la%20comuna&#038;body=https:\/\/radiorevelacionfm.cl\/?p=43459' aria-hidden='false' data-av_icon='\ue805' data-av_iconfont='entypo-fontello' title='' data-avia-related-tooltip='Compartir por correo'><span class='avia_hidden_link_text'>Compartir por correo<\/span><\/a><\/li><\/ul><\/div><\/div>\n<div  style='height:50px' class='hr hr-invisible   avia-builder-el-8  el_after_av_social_share  el_before_av_comments_list '><span class='hr-inner ' ><span class='hr-inner-style'><\/span><\/span><\/div>\n<div  class='av-buildercomment  av-blog-meta-html-info-disabled av-blog-meta-tag-disabled  '><\/div>\n","protected":false},"excerpt":{"rendered":"","protected":false},"author":1,"featured_media":43460,"comment_status":"open","ping_status":"open","sticky":false,"template":"","format":"standard","meta":{"footnotes":""},"categories":[38],"tags":[],"class_list":["post-43459","post","type-post","status-publish","format-standard","has-post-thumbnail","hentry","category-regional"],"jetpack_featured_media_url":"https:\/\/radiorevelacionfm.cl\/wp-content\/uploads\/2024\/06\/feria-campesina-y-expo-indigena-6-2_optimized-2.jpg","_links":{"self":[{"href":"https:\/\/radiorevelacionfm.cl\/index.php?rest_route=\/wp\/v2\/posts\/43459","targetHints":{"allow":["GET"]}}],"collection":[{"href":"https:\/\/radiorevelacionfm.cl\/index.php?rest_route=\/wp\/v2\/posts"}],"about":[{"href":"https:\/\/radiorevelacionfm.cl\/index.php?rest_route=\/wp\/v2\/types\/post"}],"author":[{"embeddable":true,"href":"https:\/\/radiorevelacionfm.cl\/index.php?rest_route=\/wp\/v2\/users\/1"}],"replies":[{"embeddable":true,"href":"https:\/\/radiorevelacionfm.cl\/index.php?rest_route=%2Fwp%2Fv2%2Fcomments&post=43459"}],"version-history":[{"count":1,"href":"https:\/\/radiorevelacionfm.cl\/index.php?rest_route=\/wp\/v2\/posts\/43459\/revisions"}],"predecessor-version":[{"id":43461,"href":"https:\/\/radiorevelacionfm.cl\/index.php?rest_route=\/wp\/v2\/posts\/43459\/revisions\/43461"}],"wp:featuredmedia":[{"embeddable":true,"href":"https:\/\/radiorevelacionfm.cl\/index.php?rest_route=\/wp\/v2\/media\/43460"}],"wp:attachment":[{"href":"https:\/\/radiorevelacionfm.cl\/index.php?rest_route=%2Fwp%2Fv2%2Fmedia&parent=43459"}],"wp:term":[{"taxonomy":"category","embeddable":true,"href":"https:\/\/radiorevelacionfm.cl\/index.php?rest_route=%2Fwp%2Fv2%2Fcategories&post=43459"},{"taxonomy":"post_tag","embeddable":true,"href":"https:\/\/radiorevelacionfm.cl\/index.php?rest_route=%2Fwp%2Fv2%2Ftags&post=43459"}],"curies":[{"name":"wp","href":"https:\/\/api.w.org\/{rel}","templated":true}]}}