{"id":43456,"date":"2024-06-24T20:59:46","date_gmt":"2024-06-24T23:59:46","guid":{"rendered":"https:\/\/radiorevelacionfm.cl\/?p=43456"},"modified":"2024-06-24T20:59:46","modified_gmt":"2024-06-24T23:59:46","slug":"comunas-del-norte-de-aysen-celebran-encuentro-territorial-con-identidad","status":"publish","type":"post","link":"https:\/\/radiorevelacionfm.cl\/?p=43456","title":{"rendered":"Comunas del norte de Ays\u00e9n celebran Encuentro Territorial con Identidad"},"content":{"rendered":"<div class=\"flex_column av_one_full  flex_column_div av-zero-column-padding first  avia-builder-el-0  el_before_av_one_full  avia-builder-el-first  \" style='border-radius:0px; '><div  class='avia-image-container  av-styling-    avia-builder-el-1  avia-builder-el-no-sibling  avia-align-center '  itemprop=\"image\" itemscope=\"itemscope\" itemtype=\"https:\/\/schema.org\/ImageObject\"  ><div class='avia-image-container-inner'><div class='avia-image-overlay-wrap'><img decoding=\"async\" class='wp-image-43457 avia-img-lazy-loading-not-43457 avia_image' src=\"https:\/\/radiorevelacionfm.cl\/wp-content\/uploads\/2024\/06\/encuentro-norte-4-2_optimized.jpg\" alt='' title='encuentro-norte-4-2_optimized' height=\"600\" width=\"800\"  itemprop=\"thumbnailUrl\" srcset=\"https:\/\/radiorevelacionfm.cl\/wp-content\/uploads\/2024\/06\/encuentro-norte-4-2_optimized.jpg 800w, https:\/\/radiorevelacionfm.cl\/wp-content\/uploads\/2024\/06\/encuentro-norte-4-2_optimized-300x225.jpg 300w, https:\/\/radiorevelacionfm.cl\/wp-content\/uploads\/2024\/06\/encuentro-norte-4-2_optimized-768x576.jpg 768w, https:\/\/radiorevelacionfm.cl\/wp-content\/uploads\/2024\/06\/encuentro-norte-4-2_optimized-705x529.jpg 705w, https:\/\/radiorevelacionfm.cl\/wp-content\/uploads\/2024\/06\/encuentro-norte-4-2_optimized-450x338.jpg 450w, https:\/\/radiorevelacionfm.cl\/wp-content\/uploads\/2024\/06\/encuentro-norte-4-2_optimized-600x450.jpg 600w\" sizes=\"(max-width: 800px) 100vw, 800px\" \/><\/div><\/div><\/div><\/div><div class=\"flex_column av_one_full  flex_column_div av-zero-column-padding first  avia-builder-el-2  el_after_av_one_full  el_before_av_one_full  column-top-margin\" style='border-radius:0px; '><section class=\"av_textblock_section \"  itemscope=\"itemscope\" itemtype=\"https:\/\/schema.org\/BlogPosting\" itemprop=\"blogPost\" ><div class='avia_textblock  '   itemprop=\"text\" ><h2 class=\"title\" style=\"text-align: center;\"><b>Comunas del norte de Ays\u00e9n celebran Encuentro Territorial con Identidad<\/b><\/h2>\n<div id=\"gtx-trans\" style=\"position: absolute; left: -50px; top: 4.31534px;\">\n<div class=\"gtx-trans-icon\"><\/div>\n<\/div>\n<\/div><\/section><\/div><div class=\"flex_column av_one_full  flex_column_div av-zero-column-padding first  avia-builder-el-4  el_after_av_one_full  el_before_av_hr  column-top-margin\" style='border-radius:0px; '><section class=\"av_textblock_section \"  itemscope=\"itemscope\" itemtype=\"https:\/\/schema.org\/BlogPosting\" itemprop=\"blogPost\" ><div class='avia_textblock  '   itemprop=\"text\" ><p style=\"text-align: justify;\">M\u00e1s de 20 agentes culturales que realizan su labor desde la puerta norte de la Regi\u00f3n de Aysen en La Junta hasta Coyhaique, se reunieron en Puerto Raul Mar\u00edn Balmaceda para darle vida al Encuentro Territorial con Identidad Norte que desarrolla el Departamento de Ciudadan\u00eda de la Seremi de Culturas Ays\u00e9n, mediante los programas Red Cultura y de Fortalecimiento de la Identidad Cultural Regional.<\/p>\n<p style=\"text-align: justify;\">Las delegaciones, provenientes de las comunas de Coyhaique, Ays\u00e9n, Cisnes y el archipi\u00e9lago de Las Guaitecas, cruzaron el r\u00edo Palena para trabajar junto a las mesas de agentes culturales que desarrollan sus proyectos art\u00edsticos, culturales y patrimoniales en el norte del territorio.<\/p>\n<p style=\"text-align: justify;\">El seremi Culturas Ays\u00e9n, Felipe Quiroz, explic\u00f3 las motivaciones y el trabajo que hay detr\u00e1s de los encuentros con identidad: \u00abEs fundamental asimilar lo que significa que agentes culturales de todas las comunas de la Regi\u00f3n de Aysen puedan reunirse, primero en los encuentros sur y norte, y en octubre en el Encuentro Regional con Identidad en Villa O&#8217;Higgins. De este modo, estamos cumpliendo como Gobierno con el fortalecimiento de las redes que permiten el funcionamiento del tejido cultural. Estos encuentros no solo identifican falencias y eventuales espacios de desarrollo, sino dejan instaladas capacidades en los territorios para que los equipos puedan trabajar cada vez con herramientas m\u00e1s potentes y actualizadas\u00bb.<\/p>\n<p style=\"text-align: justify;\">La gestora cultural de Puerto Cisnes, Mar\u00eda Antonieta Inostroza, cont\u00f3 que \u00abnos reunimos desde varias localidades de la comuna y una de las cosas m\u00e1s enriquecedoras que me qued\u00f3 a m\u00ed fue la coherencia que tiene Red Cultura con los planes culturales que se van proponiendo en el territorio, basados en las necesidades de la comunidad, en las necesidades recreativas, art\u00edsticas, y de la importancia que tiene relevar el patrimonio de nuestra localidad, a partir de esta generaci\u00f3n de redes y este conocimiento, de manera de poner en valor a trav\u00e9s de lo humano, de la escucha, de saber en qu\u00e9 estamos y para d\u00f3nde queremos ir\u00bb.<\/p>\n<p style=\"text-align: justify;\">Jimena Mu\u00f1oz, representante de la Agrupaci\u00f3n de Cultoras del Folklore Espa\u00f1ol en Puerto Aysen, dijo que \u00ablos encuentros culturales son superimportantes. Mi experiencia, cada vez que he participado de alg\u00fan encuentro cultural, llego bastante nutrida con el trabajo de mis compa\u00f1eras, conocer c\u00f3mo ellas se desarrollan y se desenvuelven en sus territorios. Superimportante, porque conocer como hacen el trabajo y compartir las experiencias enriquece un mont\u00f3n. El trabajo que vamos haciendo nosotros mismos como agentes en las localidades. Entender que en un lugar tan extremo como Ra\u00fal Mar\u00edn Balmaceda tambi\u00e9n hay un desarrollo cultural importante. Y generar lazos con otros compa\u00f1eros\u00bb.<\/p>\n<p style=\"text-align: justify;\">Samir Barrientos, encargado de Cultura de la Municipalidad de Guaitecas, expres\u00f3 que \u00abdesde mi punto de vista la importancia de estos encuentros guarda relaci\u00f3n con la capacidad de planificar en conjunto desde las distintas localidades una serie de iniciativas que permitan abrir paso a generar m\u00e1s iniciativas a favor de un desarrollo cultural sustantivo para la regi\u00f3n\u00bb.<\/p>\n<p style=\"text-align: justify;\">Las y los representantes que han participado en los encuentros sur y norte de Ays\u00e9n trabajar\u00e1n en octubre en la comuna de O&#8217;Higgins en el Encuentro Regional con Identidad.<\/p>\n<\/div><\/section><\/div><div  style='height:50px' class='hr hr-invisible   avia-builder-el-6  el_after_av_one_full  el_before_av_social_share '><span class='hr-inner ' ><span class='hr-inner-style'><\/span><\/span><\/div><\/p>\n<div  class='av-social-sharing-box  avia-builder-el-7  el_after_av_hr  el_before_av_hr  '><div class='av-share-box'><h5 class='av-share-link-description av-no-toc '>Compartir esta noticia<\/h5><ul class='av-share-box-list noLightbox'><li class='av-share-link av-social-link-facebook' ><a target=\"_blank\" aria-label=\"Compartir en Facebook\" href='https:\/\/www.facebook.com\/sharer.php?u=https:\/\/radiorevelacionfm.cl\/?p=43456&#038;t=Comunas%20del%20norte%20de%20Ays%C3%A9n%20celebran%20Encuentro%20Territorial%20con%20Identidad' aria-hidden='false' data-av_icon='\ue8f3' data-av_iconfont='entypo-fontello' title='' data-avia-related-tooltip='Compartir en Facebook' rel=\"noopener\"><span class='avia_hidden_link_text'>Compartir en Facebook<\/span><\/a><\/li><li class='av-share-link av-social-link-twitter' ><a target=\"_blank\" aria-label=\"Compartir en Twitter\" href='https:\/\/twitter.com\/share?text=Comunas%20del%20norte%20de%20Ays%C3%A9n%20celebran%20Encuentro%20Territorial%20con%20Identidad&#038;url=https:\/\/radiorevelacionfm.cl\/?p=43456' aria-hidden='false' data-av_icon='\ue8f1' data-av_iconfont='entypo-fontello' title='' data-avia-related-tooltip='Compartir en Twitter' rel=\"noopener\"><span class='avia_hidden_link_text'>Compartir en Twitter<\/span><\/a><\/li><li class='av-share-link av-social-link-whatsapp' ><a target=\"_blank\" aria-label=\"Compartir en Whatsapp\" href='https:\/\/api.whatsapp.com\/send?text=https:\/\/radiorevelacionfm.cl\/?p=43456' aria-hidden='false' data-av_icon='\uf232' data-av_iconfont='entypo-fontello' title='' data-avia-related-tooltip='Compartir en Whatsapp' rel=\"noopener\"><span class='avia_hidden_link_text'>Compartir en Whatsapp<\/span><\/a><\/li><li class='av-share-link av-social-link-linkedin' ><a target=\"_blank\" aria-label=\"Compartir en LinkedIn\" href='https:\/\/linkedin.com\/shareArticle?mini=true&#038;title=Comunas%20del%20norte%20de%20Ays%C3%A9n%20celebran%20Encuentro%20Territorial%20con%20Identidad&#038;url=https:\/\/radiorevelacionfm.cl\/?p=43456' aria-hidden='false' data-av_icon='\ue8fc' data-av_iconfont='entypo-fontello' title='' data-avia-related-tooltip='Compartir en LinkedIn' rel=\"noopener\"><span class='avia_hidden_link_text'>Compartir en LinkedIn<\/span><\/a><\/li><li class='av-share-link av-social-link-mail' ><a  aria-label=\"Compartir por correo\" href='mailto:?subject=Comunas%20del%20norte%20de%20Ays%C3%A9n%20celebran%20Encuentro%20Territorial%20con%20Identidad&#038;body=https:\/\/radiorevelacionfm.cl\/?p=43456' aria-hidden='false' data-av_icon='\ue805' data-av_iconfont='entypo-fontello' title='' data-avia-related-tooltip='Compartir por correo'><span class='avia_hidden_link_text'>Compartir por correo<\/span><\/a><\/li><\/ul><\/div><\/div>\n<div  style='height:50px' class='hr hr-invisible   avia-builder-el-8  el_after_av_social_share  el_before_av_comments_list '><span class='hr-inner ' ><span class='hr-inner-style'><\/span><\/span><\/div>\n<div  class='av-buildercomment  av-blog-meta-html-info-disabled av-blog-meta-tag-disabled  '><\/div>\n","protected":false},"excerpt":{"rendered":"","protected":false},"author":1,"featured_media":43457,"comment_status":"open","ping_status":"open","sticky":false,"template":"","format":"standard","meta":{"footnotes":""},"categories":[52],"tags":[],"class_list":["post-43456","post","type-post","status-publish","format-standard","has-post-thumbnail","hentry","category-cultura"],"jetpack_featured_media_url":"https:\/\/radiorevelacionfm.cl\/wp-content\/uploads\/2024\/06\/encuentro-norte-4-2_optimized.jpg","_links":{"self":[{"href":"https:\/\/radiorevelacionfm.cl\/index.php?rest_route=\/wp\/v2\/posts\/43456","targetHints":{"allow":["GET"]}}],"collection":[{"href":"https:\/\/radiorevelacionfm.cl\/index.php?rest_route=\/wp\/v2\/posts"}],"about":[{"href":"https:\/\/radiorevelacionfm.cl\/index.php?rest_route=\/wp\/v2\/types\/post"}],"author":[{"embeddable":true,"href":"https:\/\/radiorevelacionfm.cl\/index.php?rest_route=\/wp\/v2\/users\/1"}],"replies":[{"embeddable":true,"href":"https:\/\/radiorevelacionfm.cl\/index.php?rest_route=%2Fwp%2Fv2%2Fcomments&post=43456"}],"version-history":[{"count":1,"href":"https:\/\/radiorevelacionfm.cl\/index.php?rest_route=\/wp\/v2\/posts\/43456\/revisions"}],"predecessor-version":[{"id":43458,"href":"https:\/\/radiorevelacionfm.cl\/index.php?rest_route=\/wp\/v2\/posts\/43456\/revisions\/43458"}],"wp:featuredmedia":[{"embeddable":true,"href":"https:\/\/radiorevelacionfm.cl\/index.php?rest_route=\/wp\/v2\/media\/43457"}],"wp:attachment":[{"href":"https:\/\/radiorevelacionfm.cl\/index.php?rest_route=%2Fwp%2Fv2%2Fmedia&parent=43456"}],"wp:term":[{"taxonomy":"category","embeddable":true,"href":"https:\/\/radiorevelacionfm.cl\/index.php?rest_route=%2Fwp%2Fv2%2Fcategories&post=43456"},{"taxonomy":"post_tag","embeddable":true,"href":"https:\/\/radiorevelacionfm.cl\/index.php?rest_route=%2Fwp%2Fv2%2Ftags&post=43456"}],"curies":[{"name":"wp","href":"https:\/\/api.w.org\/{rel}","templated":true}]}}