{"id":43453,"date":"2024-06-24T20:16:43","date_gmt":"2024-06-24T23:16:43","guid":{"rendered":"https:\/\/radiorevelacionfm.cl\/?p=43453"},"modified":"2024-06-24T20:16:43","modified_gmt":"2024-06-24T23:16:43","slug":"campus-patagonia-uach-lidera-ciclo-de-actividades-para-fortalecer-el-cooperativismo-regional","status":"publish","type":"post","link":"https:\/\/radiorevelacionfm.cl\/?p=43453","title":{"rendered":"Campus Patagonia UACh lidera ciclo de actividades para fortalecer el cooperativismo regional"},"content":{"rendered":"<div class=\"flex_column av_one_full  flex_column_div av-zero-column-padding first  avia-builder-el-0  el_before_av_one_full  avia-builder-el-first  \" style='border-radius:0px; '><div  class='avia-image-container  av-styling-    avia-builder-el-1  avia-builder-el-no-sibling  avia-align-center '  itemprop=\"image\" itemscope=\"itemscope\" itemtype=\"https:\/\/schema.org\/ImageObject\"  ><div class='avia-image-container-inner'><div class='avia-image-overlay-wrap'><img decoding=\"async\" class='wp-image-43454 avia-img-lazy-loading-not-43454 avia_image' src=\"https:\/\/radiorevelacionfm.cl\/wp-content\/uploads\/2024\/06\/cooperativas2-2_optimized.jpeg\" alt='' title='cooperativas2-2_optimized' height=\"645\" width=\"803\"  itemprop=\"thumbnailUrl\" srcset=\"https:\/\/radiorevelacionfm.cl\/wp-content\/uploads\/2024\/06\/cooperativas2-2_optimized.jpeg 803w, https:\/\/radiorevelacionfm.cl\/wp-content\/uploads\/2024\/06\/cooperativas2-2_optimized-300x241.jpeg 300w, https:\/\/radiorevelacionfm.cl\/wp-content\/uploads\/2024\/06\/cooperativas2-2_optimized-768x617.jpeg 768w, https:\/\/radiorevelacionfm.cl\/wp-content\/uploads\/2024\/06\/cooperativas2-2_optimized-705x566.jpeg 705w, https:\/\/radiorevelacionfm.cl\/wp-content\/uploads\/2024\/06\/cooperativas2-2_optimized-450x361.jpeg 450w, https:\/\/radiorevelacionfm.cl\/wp-content\/uploads\/2024\/06\/cooperativas2-2_optimized-600x482.jpeg 600w\" sizes=\"(max-width: 803px) 100vw, 803px\" \/><\/div><\/div><\/div><\/div><div class=\"flex_column av_one_full  flex_column_div av-zero-column-padding first  avia-builder-el-2  el_after_av_one_full  el_before_av_one_full  column-top-margin\" style='border-radius:0px; '><section class=\"av_textblock_section \"  itemscope=\"itemscope\" itemtype=\"https:\/\/schema.org\/BlogPosting\" itemprop=\"blogPost\" ><div class='avia_textblock  '   itemprop=\"text\" ><p style=\"text-align: center;\"><span style=\"font-size: 18pt;\"><strong>Campus Patagonia UACh lidera ciclo de actividades para fortalecer el cooperativismo regional<\/strong><\/span><\/p>\n<div id=\"gtx-trans\" style=\"position: absolute; left: -50px; top: 4.31534px;\">\n<div class=\"gtx-trans-icon\"><\/div>\n<\/div>\n<\/div><\/section><\/div><div class=\"flex_column av_one_full  flex_column_div av-zero-column-padding first  avia-builder-el-4  el_after_av_one_full  el_before_av_hr  column-top-margin\" style='border-radius:0px; '><section class=\"av_textblock_section \"  itemscope=\"itemscope\" itemtype=\"https:\/\/schema.org\/BlogPosting\" itemprop=\"blogPost\" ><div class='avia_textblock  '   itemprop=\"text\" ><p style=\"text-align: justify;\"><em>En un esfuerzo por potenciar el ecosistema de emprendimiento en la regi\u00f3n de Ays\u00e9n, el Campus Patagonia de la UACh, ha desarrollado un ciclo de actividades centradas en la asociatividad y el cooperativismo como estrategias de negocio. Este ciclo, compuesto por varias jornadas de capacitaci\u00f3n y di\u00e1logo, ha reunido a profesionales, emprendedores y autoridades para abordar las necesidades y desaf\u00edos espec\u00edficos de la regi\u00f3n.<\/em><\/p>\n<p style=\"text-align: justify;\">Con el prop\u00f3sito de potenciar el emprendimiento en la regi\u00f3n de Ays\u00e9n, el Campus Patagonia de la Universidad Austral de Chile organiz\u00f3 un ciclo de charlas y capacitaciones orientadas a distintas entidades p\u00fablicas y privadas, adem\u00e1s de emprendedores y agrupaciones que trabajan el tema del cooperativismo .<\/p>\n<p style=\"text-align: justify;\">El ciclo comenz\u00f3 en las dependencias de Corfo Ays\u00e9n, donde se present\u00f3 un diagn\u00f3stico exhaustivo realizado en el marco del proyecto FIC 2022 del Gobierno Regional de Ays\u00e9n, \u201cFortalecimientos al Apoyo y Capacidades de Cooperativas en la regi\u00f3n de Ays\u00e9n\u201d, donde el Dr. Francisco de Borja Garc\u00eda, especialista en cooperativas de UACh, lider\u00f3 un conversatorio en el que se discutieron las brechas identificadas entre los lineamientos de los servicios p\u00fablicos y las acciones necesarias para fortalecer el cooperativismo. Esta actividad proporcion\u00f3 una plataforma para que las jefaturas de servicios p\u00fablicos compartieran sus perspectivas y se exploraran alternativas para maximizar el impacto del cooperativismo en la regi\u00f3n.<\/p>\n<p style=\"text-align: justify;\">Posteriormente, se organizaron jornadas enfocadas en la capacitaci\u00f3n de profesionales y emprendedores. La primera se centr\u00f3 en proporcionar conocimientos t\u00e9cnicos sobre modelos de negocios asociativos y en revisar los resultados obtenidos del diagn\u00f3stico realizado a las cooperativas de la regi\u00f3n. Esta capacitaci\u00f3n, que forma parte de un ciclo de 5 talleres, permitir\u00e1 a los profesionales perfeccionarse en asociatividad y cooperativismo.<\/p>\n<p style=\"text-align: justify;\">Para emprendedores y cooperativas, se organiz\u00f3 una capacitaci\u00f3n en diversos modelos de negocios asociativos. Esta formaci\u00f3n les permiti\u00f3 comprender de mejor maneta, las diferencias entre los modelos y fortalecer la toma de decisiones que favorezcan el crecimiento y la sostenibilidad de sus empresas.<\/p>\n<p style=\"text-align: justify;\">Quienes participaron en las actividades, realizaron una evaluaci\u00f3n positiva. Los emprendedores valoraron la capacitaci\u00f3n, destacando su utilidad para tomar decisiones estrat\u00e9gicas informadas, mientras que los profesionales que apoyan a los emprendedores, apreciaron la adquisici\u00f3n de conocimientos que les permiten guiarlos de manera m\u00e1s efectiva. Asimismo, los directores de servicios p\u00fablicos, agradecieron la oportunidad de generar lineamientos m\u00e1s acordes con la realidad regional.<\/p>\n<p style=\"text-align: justify;\">Gonzalo Marf\u00e1n, director del proyecto, indic\u00f3 que \u201cen la UACh Campus Patagonia, estamos felices de contribuir al desarrollo del ecosistema de emprendimiento regional, especialmente en este trabajo enfocado en fortalecer la asociatividad y el cooperativismo como estrategias de negocio. Es importante entender que, aunque las cooperativas tienen el potencial de ser un gran aporte al desarrollo regional, debido a las caracter\u00edsticas de nuestra regi\u00f3n, que implican desaf\u00edos log\u00edsticos significativos y un alto grado de ruralidad, toda estrategia debe ser evaluada seg\u00fan las necesidades de cada emprendimiento. Por ello, capacitarnos y dejar capacidad instalada que permanezca en el tiempo, as\u00ed como contribuir a los lineamientos de las pol\u00edticas p\u00fablicas al respecto, es fundamental para que nuestro aporte sea realmente significativo y responsable en las estrategias empresariales.\u201d<\/p>\n<p style=\"text-align: justify;\">Con estas iniciativas, el Campus Patagonia reafirma su compromiso con el desarrollo sostenible y el fortalecimiento del cooperativismo en la regi\u00f3n de Ays\u00e9n, aportando con capacidades y conocimientos a los distintos actores que componen la comunidad regional.<\/p>\n<\/div><\/section><\/div><div  style='height:50px' class='hr hr-invisible   avia-builder-el-6  el_after_av_one_full  el_before_av_social_share '><span class='hr-inner ' ><span class='hr-inner-style'><\/span><\/span><\/div><\/p>\n<div  class='av-social-sharing-box  avia-builder-el-7  el_after_av_hr  el_before_av_hr  '><div class='av-share-box'><h5 class='av-share-link-description av-no-toc '>Compartir esta noticia<\/h5><ul class='av-share-box-list noLightbox'><li class='av-share-link av-social-link-facebook' ><a target=\"_blank\" aria-label=\"Compartir en Facebook\" href='https:\/\/www.facebook.com\/sharer.php?u=https:\/\/radiorevelacionfm.cl\/?p=43453&#038;t=Campus%20Patagonia%20UACh%20lidera%20ciclo%20de%20actividades%20para%20fortalecer%20el%20cooperativismo%20regional' aria-hidden='false' data-av_icon='\ue8f3' data-av_iconfont='entypo-fontello' title='' data-avia-related-tooltip='Compartir en Facebook' rel=\"noopener\"><span class='avia_hidden_link_text'>Compartir en Facebook<\/span><\/a><\/li><li class='av-share-link av-social-link-twitter' ><a target=\"_blank\" aria-label=\"Compartir en Twitter\" href='https:\/\/twitter.com\/share?text=Campus%20Patagonia%20UACh%20lidera%20ciclo%20de%20actividades%20para%20fortalecer%20el%20cooperativismo%20regional&#038;url=https:\/\/radiorevelacionfm.cl\/?p=43453' aria-hidden='false' data-av_icon='\ue8f1' data-av_iconfont='entypo-fontello' title='' data-avia-related-tooltip='Compartir en Twitter' rel=\"noopener\"><span class='avia_hidden_link_text'>Compartir en Twitter<\/span><\/a><\/li><li class='av-share-link av-social-link-whatsapp' ><a target=\"_blank\" aria-label=\"Compartir en Whatsapp\" href='https:\/\/api.whatsapp.com\/send?text=https:\/\/radiorevelacionfm.cl\/?p=43453' aria-hidden='false' data-av_icon='\uf232' data-av_iconfont='entypo-fontello' title='' data-avia-related-tooltip='Compartir en Whatsapp' rel=\"noopener\"><span class='avia_hidden_link_text'>Compartir en Whatsapp<\/span><\/a><\/li><li class='av-share-link av-social-link-linkedin' ><a target=\"_blank\" aria-label=\"Compartir en LinkedIn\" href='https:\/\/linkedin.com\/shareArticle?mini=true&#038;title=Campus%20Patagonia%20UACh%20lidera%20ciclo%20de%20actividades%20para%20fortalecer%20el%20cooperativismo%20regional&#038;url=https:\/\/radiorevelacionfm.cl\/?p=43453' aria-hidden='false' data-av_icon='\ue8fc' data-av_iconfont='entypo-fontello' title='' data-avia-related-tooltip='Compartir en LinkedIn' rel=\"noopener\"><span class='avia_hidden_link_text'>Compartir en LinkedIn<\/span><\/a><\/li><li class='av-share-link av-social-link-mail' ><a  aria-label=\"Compartir por correo\" href='mailto:?subject=Campus%20Patagonia%20UACh%20lidera%20ciclo%20de%20actividades%20para%20fortalecer%20el%20cooperativismo%20regional&#038;body=https:\/\/radiorevelacionfm.cl\/?p=43453' aria-hidden='false' data-av_icon='\ue805' data-av_iconfont='entypo-fontello' title='' data-avia-related-tooltip='Compartir por correo'><span class='avia_hidden_link_text'>Compartir por correo<\/span><\/a><\/li><\/ul><\/div><\/div>\n<div  style='height:50px' class='hr hr-invisible   avia-builder-el-8  el_after_av_social_share  el_before_av_comments_list '><span class='hr-inner ' ><span class='hr-inner-style'><\/span><\/span><\/div>\n<div  class='av-buildercomment  av-blog-meta-html-info-disabled av-blog-meta-tag-disabled  '><\/div>\n","protected":false},"excerpt":{"rendered":"","protected":false},"author":1,"featured_media":43454,"comment_status":"open","ping_status":"open","sticky":false,"template":"","format":"standard","meta":{"footnotes":""},"categories":[49],"tags":[],"class_list":["post-43453","post","type-post","status-publish","format-standard","has-post-thumbnail","hentry","category-educacion"],"jetpack_featured_media_url":"https:\/\/radiorevelacionfm.cl\/wp-content\/uploads\/2024\/06\/cooperativas2-2_optimized.jpeg","_links":{"self":[{"href":"https:\/\/radiorevelacionfm.cl\/index.php?rest_route=\/wp\/v2\/posts\/43453","targetHints":{"allow":["GET"]}}],"collection":[{"href":"https:\/\/radiorevelacionfm.cl\/index.php?rest_route=\/wp\/v2\/posts"}],"about":[{"href":"https:\/\/radiorevelacionfm.cl\/index.php?rest_route=\/wp\/v2\/types\/post"}],"author":[{"embeddable":true,"href":"https:\/\/radiorevelacionfm.cl\/index.php?rest_route=\/wp\/v2\/users\/1"}],"replies":[{"embeddable":true,"href":"https:\/\/radiorevelacionfm.cl\/index.php?rest_route=%2Fwp%2Fv2%2Fcomments&post=43453"}],"version-history":[{"count":1,"href":"https:\/\/radiorevelacionfm.cl\/index.php?rest_route=\/wp\/v2\/posts\/43453\/revisions"}],"predecessor-version":[{"id":43455,"href":"https:\/\/radiorevelacionfm.cl\/index.php?rest_route=\/wp\/v2\/posts\/43453\/revisions\/43455"}],"wp:featuredmedia":[{"embeddable":true,"href":"https:\/\/radiorevelacionfm.cl\/index.php?rest_route=\/wp\/v2\/media\/43454"}],"wp:attachment":[{"href":"https:\/\/radiorevelacionfm.cl\/index.php?rest_route=%2Fwp%2Fv2%2Fmedia&parent=43453"}],"wp:term":[{"taxonomy":"category","embeddable":true,"href":"https:\/\/radiorevelacionfm.cl\/index.php?rest_route=%2Fwp%2Fv2%2Fcategories&post=43453"},{"taxonomy":"post_tag","embeddable":true,"href":"https:\/\/radiorevelacionfm.cl\/index.php?rest_route=%2Fwp%2Fv2%2Ftags&post=43453"}],"curies":[{"name":"wp","href":"https:\/\/api.w.org\/{rel}","templated":true}]}}