{"id":43446,"date":"2024-06-24T23:04:31","date_gmt":"2024-06-25T02:04:31","guid":{"rendered":"https:\/\/radiorevelacionfm.cl\/?p=43446"},"modified":"2024-06-24T23:04:31","modified_gmt":"2024-06-25T02:04:31","slug":"coyhaique-en-internacion-provisoria-quedo-adolescente-imputado-por-homicidio-frustrado-con-arma-cortante","status":"publish","type":"post","link":"https:\/\/radiorevelacionfm.cl\/?p=43446","title":{"rendered":"Coyhaique: En internaci\u00f3n provisoria qued\u00f3 adolescente imputado por homicidio frustrado con arma cortante"},"content":{"rendered":"<div class=\"flex_column av_one_full  flex_column_div av-zero-column-padding first  avia-builder-el-0  el_before_av_one_full  avia-builder-el-first  \" style='border-radius:0px; '><div  class='avia-image-container  av-styling-    avia-builder-el-1  avia-builder-el-no-sibling  avia-align-center '  itemprop=\"image\" itemscope=\"itemscope\" itemtype=\"https:\/\/schema.org\/ImageObject\"  ><div class='avia-image-container-inner'><div class='avia-image-overlay-wrap'><img decoding=\"async\" class='wp-image-16354 avia-img-lazy-loading-not-16354 avia_image' src=\"https:\/\/radiorevelacionfm.cl\/wp-content\/uploads\/2022\/04\/PDI-Imagen-referencial-1-1.jpg\" alt='' title='PDI Imagen referencial (1) (1)' height=\"600\" width=\"900\"  itemprop=\"thumbnailUrl\" srcset=\"https:\/\/radiorevelacionfm.cl\/wp-content\/uploads\/2022\/04\/PDI-Imagen-referencial-1-1.jpg 900w, https:\/\/radiorevelacionfm.cl\/wp-content\/uploads\/2022\/04\/PDI-Imagen-referencial-1-1-300x200.jpg 300w, https:\/\/radiorevelacionfm.cl\/wp-content\/uploads\/2022\/04\/PDI-Imagen-referencial-1-1-768x512.jpg 768w, https:\/\/radiorevelacionfm.cl\/wp-content\/uploads\/2022\/04\/PDI-Imagen-referencial-1-1-705x470.jpg 705w, https:\/\/radiorevelacionfm.cl\/wp-content\/uploads\/2022\/04\/PDI-Imagen-referencial-1-1-600x400.jpg 600w\" sizes=\"(max-width: 900px) 100vw, 900px\" \/><\/div><\/div><\/div><\/div><div class=\"flex_column av_one_full  flex_column_div av-zero-column-padding first  avia-builder-el-2  el_after_av_one_full  el_before_av_one_full  column-top-margin\" style='border-radius:0px; '><section class=\"av_textblock_section \"  itemscope=\"itemscope\" itemtype=\"https:\/\/schema.org\/BlogPosting\" itemprop=\"blogPost\" ><div class='avia_textblock  '   itemprop=\"text\" ><p style=\"text-align: center;\"><span style=\"font-size: 18pt;\"><strong>Coyhaique: En internaci\u00f3n provisoria qued\u00f3 adolescente imputado por homicidio frustrado con arma cortante<\/strong><\/span><\/p>\n<div id=\"gtx-trans\" style=\"position: absolute; left: -50px; top: 4.31534px;\">\n<div class=\"gtx-trans-icon\"><\/div>\n<\/div>\n<\/div><\/section><\/div><div class=\"flex_column av_one_full  flex_column_div av-zero-column-padding first  avia-builder-el-4  el_after_av_one_full  el_before_av_hr  column-top-margin\" style='border-radius:0px; '><section class=\"av_textblock_section \"  itemscope=\"itemscope\" itemtype=\"https:\/\/schema.org\/BlogPosting\" itemprop=\"blogPost\" ><div class='avia_textblock  '   itemprop=\"text\" ><p style=\"text-align: justify;\">Durante este fin de semana, detectives de la Brigada de Homicidios Coyhaique, por instrucci\u00f3n del Ministerio P\u00fablico, adoptaron un procedimiento policial por el delito de homicidio frustrado con arma cortante, cuya v\u00edctima de 46 a\u00f1os de edad permanece en estado de gravedad en el Hospital Regional de Coyhaique.<\/p>\n<p style=\"text-align: justify;\">Al respecto, el subcomisario Maximiliano Crot Moreau, jefe subrogante de la unidad especializada, se\u00f1al\u00f3 que, \u201coficiales policiales de la Brigada de Homicidios Coyhaique lograron la detenci\u00f3n de un imputado, adolescente de 16 a\u00f1os de edad, por su autor\u00eda en el delito de homicidio frustrado con arma cortante, cuya v\u00edctima corresponde a un sujeto de sexo masculino de 46 a\u00f1os de edad\u201d.<\/p>\n<p style=\"text-align: justify;\">Fue as\u00ed que, \u201clas diligencias desarrolladas por esta brigada especializada, permitieron obtener todos los antecedentes que acreditan la participaci\u00f3n del imputado en el hecho y la din\u00e1mica acontecida\u201d, agreg\u00f3 el subcomisario Crot.<\/p>\n<p style=\"text-align: justify;\">Sobre la criminodin\u00e1mica del delito, el jefe subrogante de la Brigada de Homicidios Coyhaique indic\u00f3 que \u201cla v\u00edctima, mientras se encontraba en su domicilio, recrimin\u00f3 al imputado por problemas familiares y \u00e9ste, premunido con un arma cortante, lo agredi\u00f3 en diversas ocasiones. A ra\u00edz de esto, la v\u00edctima sali\u00f3 del inmueble y fue auxiliada por un tercero que lo traslad\u00f3 al Hospital de Coyhaique, donde fue intervenido quir\u00fargicamente, y se encuentra en riesgo vital\u201d.<\/p>\n<p style=\"text-align: justify;\">El detenido fue puesto a disposici\u00f3n del Juzgado de Garant\u00eda de Coyhaique para su audiencia de control de detenci\u00f3n y formalizaci\u00f3n, instancia donde el Tribunal decret\u00f3 legal su detenci\u00f3n, la internaci\u00f3n provisoria del imputado y un plazo de investigaci\u00f3n de 80 d\u00edas para continuar con las diligencias.<\/p>\n<\/div><\/section><\/div><div  style='height:50px' class='hr hr-invisible   avia-builder-el-6  el_after_av_one_full  el_before_av_social_share '><span class='hr-inner ' ><span class='hr-inner-style'><\/span><\/span><\/div><\/p>\n<div  class='av-social-sharing-box  avia-builder-el-7  el_after_av_hr  el_before_av_hr  '><div class='av-share-box'><h5 class='av-share-link-description av-no-toc '>Compartir esta noticia<\/h5><ul class='av-share-box-list noLightbox'><li class='av-share-link av-social-link-facebook' ><a target=\"_blank\" aria-label=\"Compartir en Facebook\" href='https:\/\/www.facebook.com\/sharer.php?u=https:\/\/radiorevelacionfm.cl\/?p=43446&#038;t=Coyhaique%3A%20En%20internaci%C3%B3n%20provisoria%20qued%C3%B3%20adolescente%20imputado%20por%20homicidio%20frustrado%20con%20arma%20cortante' aria-hidden='false' data-av_icon='\ue8f3' data-av_iconfont='entypo-fontello' title='' data-avia-related-tooltip='Compartir en Facebook' rel=\"noopener\"><span class='avia_hidden_link_text'>Compartir en Facebook<\/span><\/a><\/li><li class='av-share-link av-social-link-twitter' ><a target=\"_blank\" aria-label=\"Compartir en Twitter\" href='https:\/\/twitter.com\/share?text=Coyhaique%3A%20En%20internaci%C3%B3n%20provisoria%20qued%C3%B3%20adolescente%20imputado%20por%20homicidio%20frustrado%20con%20arma%20cortante&#038;url=https:\/\/radiorevelacionfm.cl\/?p=43446' aria-hidden='false' data-av_icon='\ue8f1' data-av_iconfont='entypo-fontello' title='' data-avia-related-tooltip='Compartir en Twitter' rel=\"noopener\"><span class='avia_hidden_link_text'>Compartir en Twitter<\/span><\/a><\/li><li class='av-share-link av-social-link-whatsapp' ><a target=\"_blank\" aria-label=\"Compartir en Whatsapp\" href='https:\/\/api.whatsapp.com\/send?text=https:\/\/radiorevelacionfm.cl\/?p=43446' aria-hidden='false' data-av_icon='\uf232' data-av_iconfont='entypo-fontello' title='' data-avia-related-tooltip='Compartir en Whatsapp' rel=\"noopener\"><span class='avia_hidden_link_text'>Compartir en Whatsapp<\/span><\/a><\/li><li class='av-share-link av-social-link-linkedin' ><a target=\"_blank\" aria-label=\"Compartir en LinkedIn\" href='https:\/\/linkedin.com\/shareArticle?mini=true&#038;title=Coyhaique%3A%20En%20internaci%C3%B3n%20provisoria%20qued%C3%B3%20adolescente%20imputado%20por%20homicidio%20frustrado%20con%20arma%20cortante&#038;url=https:\/\/radiorevelacionfm.cl\/?p=43446' aria-hidden='false' data-av_icon='\ue8fc' data-av_iconfont='entypo-fontello' title='' data-avia-related-tooltip='Compartir en LinkedIn' rel=\"noopener\"><span class='avia_hidden_link_text'>Compartir en LinkedIn<\/span><\/a><\/li><li class='av-share-link av-social-link-mail' ><a  aria-label=\"Compartir por correo\" href='mailto:?subject=Coyhaique%3A%20En%20internaci%C3%B3n%20provisoria%20qued%C3%B3%20adolescente%20imputado%20por%20homicidio%20frustrado%20con%20arma%20cortante&#038;body=https:\/\/radiorevelacionfm.cl\/?p=43446' aria-hidden='false' data-av_icon='\ue805' data-av_iconfont='entypo-fontello' title='' data-avia-related-tooltip='Compartir por correo'><span class='avia_hidden_link_text'>Compartir por correo<\/span><\/a><\/li><\/ul><\/div><\/div>\n<div  style='height:50px' class='hr hr-invisible   avia-builder-el-8  el_after_av_social_share  el_before_av_comments_list '><span class='hr-inner ' ><span class='hr-inner-style'><\/span><\/span><\/div>\n<div  class='av-buildercomment  av-blog-meta-html-info-disabled av-blog-meta-tag-disabled  '><\/div>\n","protected":false},"excerpt":{"rendered":"","protected":false},"author":1,"featured_media":16354,"comment_status":"open","ping_status":"open","sticky":false,"template":"","format":"standard","meta":{"footnotes":""},"categories":[36],"tags":[],"class_list":["post-43446","post","type-post","status-publish","format-standard","has-post-thumbnail","hentry","category-policial"],"jetpack_featured_media_url":"https:\/\/radiorevelacionfm.cl\/wp-content\/uploads\/2022\/04\/PDI-Imagen-referencial-1-1.jpg","_links":{"self":[{"href":"https:\/\/radiorevelacionfm.cl\/index.php?rest_route=\/wp\/v2\/posts\/43446","targetHints":{"allow":["GET"]}}],"collection":[{"href":"https:\/\/radiorevelacionfm.cl\/index.php?rest_route=\/wp\/v2\/posts"}],"about":[{"href":"https:\/\/radiorevelacionfm.cl\/index.php?rest_route=\/wp\/v2\/types\/post"}],"author":[{"embeddable":true,"href":"https:\/\/radiorevelacionfm.cl\/index.php?rest_route=\/wp\/v2\/users\/1"}],"replies":[{"embeddable":true,"href":"https:\/\/radiorevelacionfm.cl\/index.php?rest_route=%2Fwp%2Fv2%2Fcomments&post=43446"}],"version-history":[{"count":1,"href":"https:\/\/radiorevelacionfm.cl\/index.php?rest_route=\/wp\/v2\/posts\/43446\/revisions"}],"predecessor-version":[{"id":43447,"href":"https:\/\/radiorevelacionfm.cl\/index.php?rest_route=\/wp\/v2\/posts\/43446\/revisions\/43447"}],"wp:featuredmedia":[{"embeddable":true,"href":"https:\/\/radiorevelacionfm.cl\/index.php?rest_route=\/wp\/v2\/media\/16354"}],"wp:attachment":[{"href":"https:\/\/radiorevelacionfm.cl\/index.php?rest_route=%2Fwp%2Fv2%2Fmedia&parent=43446"}],"wp:term":[{"taxonomy":"category","embeddable":true,"href":"https:\/\/radiorevelacionfm.cl\/index.php?rest_route=%2Fwp%2Fv2%2Fcategories&post=43446"},{"taxonomy":"post_tag","embeddable":true,"href":"https:\/\/radiorevelacionfm.cl\/index.php?rest_route=%2Fwp%2Fv2%2Ftags&post=43446"}],"curies":[{"name":"wp","href":"https:\/\/api.w.org\/{rel}","templated":true}]}}