{"id":43443,"date":"2024-06-24T16:14:14","date_gmt":"2024-06-24T19:14:14","guid":{"rendered":"https:\/\/radiorevelacionfm.cl\/?p=43443"},"modified":"2024-06-24T16:14:14","modified_gmt":"2024-06-24T19:14:14","slug":"carabineros-del-gope-aysen-rescato-a-familia-aislada-por-nevazon-en-sector-lago-frio","status":"publish","type":"post","link":"https:\/\/radiorevelacionfm.cl\/?p=43443","title":{"rendered":"Carabineros del GOPE Ays\u00e9n rescat\u00f3 a familia aislada por nevaz\u00f3n en sector Lago Fr\u00edo"},"content":{"rendered":"<div class=\"flex_column av_one_full  flex_column_div av-zero-column-padding first  avia-builder-el-0  el_before_av_one_full  avia-builder-el-first  \" style='border-radius:0px; '><div  class='avia-image-container  av-styling-    avia-builder-el-1  avia-builder-el-no-sibling  avia-align-center '  itemprop=\"image\" itemscope=\"itemscope\" itemtype=\"https:\/\/schema.org\/ImageObject\"  ><div class='avia-image-container-inner'><div class='avia-image-overlay-wrap'><img decoding=\"async\" class='wp-image-43444 avia-img-lazy-loading-not-43444 avia_image' src=\"https:\/\/radiorevelacionfm.cl\/wp-content\/uploads\/2024\/06\/0e93d1cc-7509-4f47-8f1b-07348a7f2c5a-1-1_optimized-1.jpg\" alt='' title='0e93d1cc-7509-4f47-8f1b-07348a7f2c5a-(1)-(1)_optimized (1)' height=\"600\" width=\"1067\"  itemprop=\"thumbnailUrl\" srcset=\"https:\/\/radiorevelacionfm.cl\/wp-content\/uploads\/2024\/06\/0e93d1cc-7509-4f47-8f1b-07348a7f2c5a-1-1_optimized-1.jpg 1067w, https:\/\/radiorevelacionfm.cl\/wp-content\/uploads\/2024\/06\/0e93d1cc-7509-4f47-8f1b-07348a7f2c5a-1-1_optimized-1-300x169.jpg 300w, https:\/\/radiorevelacionfm.cl\/wp-content\/uploads\/2024\/06\/0e93d1cc-7509-4f47-8f1b-07348a7f2c5a-1-1_optimized-1-1030x579.jpg 1030w, https:\/\/radiorevelacionfm.cl\/wp-content\/uploads\/2024\/06\/0e93d1cc-7509-4f47-8f1b-07348a7f2c5a-1-1_optimized-1-768x432.jpg 768w, https:\/\/radiorevelacionfm.cl\/wp-content\/uploads\/2024\/06\/0e93d1cc-7509-4f47-8f1b-07348a7f2c5a-1-1_optimized-1-705x396.jpg 705w, https:\/\/radiorevelacionfm.cl\/wp-content\/uploads\/2024\/06\/0e93d1cc-7509-4f47-8f1b-07348a7f2c5a-1-1_optimized-1-450x253.jpg 450w, https:\/\/radiorevelacionfm.cl\/wp-content\/uploads\/2024\/06\/0e93d1cc-7509-4f47-8f1b-07348a7f2c5a-1-1_optimized-1-600x337.jpg 600w\" sizes=\"(max-width: 1067px) 100vw, 1067px\" \/><\/div><\/div><\/div><\/div><div class=\"flex_column av_one_full  flex_column_div av-zero-column-padding first  avia-builder-el-2  el_after_av_one_full  el_before_av_one_full  column-top-margin\" style='border-radius:0px; '><section class=\"av_textblock_section \"  itemscope=\"itemscope\" itemtype=\"https:\/\/schema.org\/BlogPosting\" itemprop=\"blogPost\" ><div class='avia_textblock  '   itemprop=\"text\" ><p style=\"text-align: center;\"><span style=\"font-size: 18pt;\"><b><span lang=\"ES-MX\">Carabineros del GOPE Ays\u00e9n rescat\u00f3 a familia aislada por nevaz\u00f3n en sector Lago Fr\u00edo<\/span><\/b><\/span><\/p>\n<div id=\"gtx-trans\" style=\"position: absolute; left: -50px; top: 4.31534px;\">\n<div class=\"gtx-trans-icon\"><\/div>\n<\/div>\n<\/div><\/section><\/div><div class=\"flex_column av_one_full  flex_column_div av-zero-column-padding first  avia-builder-el-4  el_after_av_one_full  el_before_av_hr  column-top-margin\" style='border-radius:0px; '><section class=\"av_textblock_section \"  itemscope=\"itemscope\" itemtype=\"https:\/\/schema.org\/BlogPosting\" itemprop=\"blogPost\" ><div class='avia_textblock  '   itemprop=\"text\" ><p class=\"v1MsoNormal\" style=\"text-align: justify;\"><span lang=\"ES-MX\">Con temperaturas bajo cero, con una altura de nieve por sobre la rodilla, el personal especializado logr\u00f3 abrirse paso, pudiendo concretar el rescate del grupo familiar, quienes fueron extra\u00eddos sanos y salvos.<\/span><\/p>\n<p class=\"v1MsoNormal\" style=\"text-align: justify;\"><span lang=\"ES-MX\">Tras un arduo trabajo con temperaturas bajo cero y luego de abrirse paso a trav\u00e9s de un camino y una senda cubierta por cerca de 50 cm de nieve, Carabineros del Grupo de Operaciones Policiales Especiales (GOPE) Ays\u00e9n rescat\u00f3 sana y salva a una familia (compuesta por tres integrantes), quienes producto de las intensas nevazones quedaron aislados en su vivienda en el sector rural de Lago Fr\u00edo.<\/span><\/p>\n<p class=\"v1MsoNormal\" style=\"text-align: justify;\"><span lang=\"ES-MX\">Un llamado de auxilio por parte de un joven, quien se logr\u00f3 enlazar con un radio aficionado, permiti\u00f3 que dicha petici\u00f3n fuera transmitida a Carabineros, siendo derivada una patrulla especializada del GOPE Ays\u00e9n al lugar.<\/span><\/p>\n<p class=\"v1MsoNormal\" style=\"text-align: justify;\"><span lang=\"ES-MX\">Provistos de equipamiento, el personal especializado logr\u00f3 abrirse paso hasta un determinado punto de la ruta X-659, para acto seguido continuar a pie, en una zona donde la nieve superaba la altura de las rodillas.<\/span><\/p>\n<p class=\"v1MsoNormal\" style=\"text-align: justify;\"><span lang=\"ES-MX\">\u00abPudimos llegar a ese sector que estaba con mucha nieve. La m\u00e1quina a\u00fan no pasaba, as\u00ed es que fuimos haciendo camino con la camioneta y logramos felizmente llegar a este lugar del sector Valle Hermoso, donde se encontraba esta familia en una caba\u00f1a y aislada por la gran cantidad de nieve en el lugar. Se les hab\u00eda acabado la alimentaci\u00f3n, hab\u00eda que sacarlos s\u00ed o s\u00ed en ese momento\u00bb, indic\u00f3 el Suboficial Jos\u00e9 Mu\u00f1oz a cargo de la patrulla GOPE.<\/span><\/p>\n<p class=\"v1MsoNormal\" style=\"text-align: justify;\"><b><span lang=\"ES-MX\">Rescate<\/span><\/b><\/p>\n<p class=\"v1MsoNormal\" style=\"text-align: justify;\"><span lang=\"ES-MX\">Carabineros logr\u00f3 llegar al domicilio, verificando el estado de salud del grupo familiar, quienes manifestaron su preocupaci\u00f3n por una hija con una condici\u00f3n especial.<\/span><\/p>\n<p class=\"v1MsoNormal\" style=\"text-align: justify;\"><span lang=\"ES-MX\">\u00abTomamos las acciones referentes al caso, le indicamos que los sacar\u00edamos del lugar, les dimos su tiempo para que se abriguen, para que tomaran un caf\u00e9 o leche caliente, los tratamos de muy buena forma y les dimos el tiempo prudente para que estuvieran en condiciones\u00bb, a\u00f1adi\u00f3 el Suboficial. \u00a0\u00a0<\/span><\/p>\n<p class=\"v1MsoNormal\" style=\"text-align: justify;\"><span lang=\"ES-MX\">El equipo GOPE acudi\u00f3 con indumentaria t\u00e9rmica guantes, polainas para el grupo familiar, siendo igualmente trasladado un trineo al lugar para trasladar de manera m\u00e1s c\u00f3moda y segura a la joven y evitar as\u00ed una situaci\u00f3n que pudiera resultar traum\u00e1tica, quien finalmente pudo salir caminando desde el lugar.<\/span><\/p>\n<p class=\"v1MsoNormal\" style=\"text-align: justify;\"><span lang=\"ES-MX\">\u00abAprovechamos entonces el trineo para transportar enseres de ella (&#8230;). Salimos de esta caba\u00f1a con la mam\u00e1 de esta ni\u00f1a y el hermano, caminamos hacia la camioneta y logramos llegar sin problema, embarcamos y salimos del lugar hasta el cruce El Fraile, donde nos esperaba un carro policial del Ret\u00e9n El Blanco, siendo esta familia entregada sin novedad, para continuar con el procedimiento de rigor\u00bb, precis\u00f3 el Suboficial Jos\u00e9 Mu\u00f1oz, indicando que m\u00e1s tarde se continu\u00f3 con el desarrollo de protocolos orientados a constatar lesiones, corroborar sus condiciones f\u00edsicas y estado de salud.<\/span><\/p>\n<p class=\"v1MsoNormal\" style=\"text-align: justify;\"><b><span lang=\"ES-MX\">Recomendaciones monta\u00f1a<\/span><\/b><\/p>\n<p class=\"v1MsoNormal\" style=\"text-align: justify;\"><span lang=\"ES-MX\">El Suboficial hizo propicia la ocasi\u00f3n para recordar a la comunidad al momento de visitar la monta\u00f1a, a hacerlo primeramente en forma planificada, considerar indumentaria apropiada, alimentaci\u00f3n e hidrataci\u00f3n.<\/span><\/p>\n<p class=\"v1MsoNormal\" style=\"text-align: justify;\"><span lang=\"ES-MX\">Toda actividad de este tipo debe ser informada de manera oportuna a los organismos respectivos o familiares, se\u00f1alando n\u00famero de integrantes, lugar a visitar, ruta a efectuar y tiempo de retorno, permitiendo optimizar los tiempos en caso de ser necesario un rescate.<\/span><\/p>\n<p class=\"v1MsoNormal\" style=\"text-align: justify;\"><span lang=\"ES-MX\">Igualmente recalc\u00f3 tener en consideraci\u00f3n las horas de luz -especialmente en invierno- no transitar fuera de la huella o sendero establecido.<\/span><\/p>\n<\/div><\/section><\/div><div  style='height:50px' class='hr hr-invisible   avia-builder-el-6  el_after_av_one_full  el_before_av_social_share '><span class='hr-inner ' ><span class='hr-inner-style'><\/span><\/span><\/div><\/p>\n<div  class='av-social-sharing-box  avia-builder-el-7  el_after_av_hr  el_before_av_hr  '><div class='av-share-box'><h5 class='av-share-link-description av-no-toc '>Compartir esta noticia<\/h5><ul class='av-share-box-list noLightbox'><li class='av-share-link av-social-link-facebook' ><a target=\"_blank\" aria-label=\"Compartir en Facebook\" href='https:\/\/www.facebook.com\/sharer.php?u=https:\/\/radiorevelacionfm.cl\/?p=43443&#038;t=Carabineros%20del%20GOPE%20Ays%C3%A9n%20rescat%C3%B3%20a%20familia%20aislada%20por%20nevaz%C3%B3n%20en%20sector%20Lago%20Fr%C3%ADo' aria-hidden='false' data-av_icon='\ue8f3' data-av_iconfont='entypo-fontello' title='' data-avia-related-tooltip='Compartir en Facebook' rel=\"noopener\"><span class='avia_hidden_link_text'>Compartir en Facebook<\/span><\/a><\/li><li class='av-share-link av-social-link-twitter' ><a target=\"_blank\" aria-label=\"Compartir en Twitter\" href='https:\/\/twitter.com\/share?text=Carabineros%20del%20GOPE%20Ays%C3%A9n%20rescat%C3%B3%20a%20familia%20aislada%20por%20nevaz%C3%B3n%20en%20sector%20Lago%20Fr%C3%ADo&#038;url=https:\/\/radiorevelacionfm.cl\/?p=43443' aria-hidden='false' data-av_icon='\ue8f1' data-av_iconfont='entypo-fontello' title='' data-avia-related-tooltip='Compartir en Twitter' rel=\"noopener\"><span class='avia_hidden_link_text'>Compartir en Twitter<\/span><\/a><\/li><li class='av-share-link av-social-link-whatsapp' ><a target=\"_blank\" aria-label=\"Compartir en Whatsapp\" href='https:\/\/api.whatsapp.com\/send?text=https:\/\/radiorevelacionfm.cl\/?p=43443' aria-hidden='false' data-av_icon='\uf232' data-av_iconfont='entypo-fontello' title='' data-avia-related-tooltip='Compartir en Whatsapp' rel=\"noopener\"><span class='avia_hidden_link_text'>Compartir en Whatsapp<\/span><\/a><\/li><li class='av-share-link av-social-link-linkedin' ><a target=\"_blank\" aria-label=\"Compartir en LinkedIn\" href='https:\/\/linkedin.com\/shareArticle?mini=true&#038;title=Carabineros%20del%20GOPE%20Ays%C3%A9n%20rescat%C3%B3%20a%20familia%20aislada%20por%20nevaz%C3%B3n%20en%20sector%20Lago%20Fr%C3%ADo&#038;url=https:\/\/radiorevelacionfm.cl\/?p=43443' aria-hidden='false' data-av_icon='\ue8fc' data-av_iconfont='entypo-fontello' title='' data-avia-related-tooltip='Compartir en LinkedIn' rel=\"noopener\"><span class='avia_hidden_link_text'>Compartir en LinkedIn<\/span><\/a><\/li><li class='av-share-link av-social-link-mail' ><a  aria-label=\"Compartir por correo\" href='mailto:?subject=Carabineros%20del%20GOPE%20Ays%C3%A9n%20rescat%C3%B3%20a%20familia%20aislada%20por%20nevaz%C3%B3n%20en%20sector%20Lago%20Fr%C3%ADo&#038;body=https:\/\/radiorevelacionfm.cl\/?p=43443' aria-hidden='false' data-av_icon='\ue805' data-av_iconfont='entypo-fontello' title='' data-avia-related-tooltip='Compartir por correo'><span class='avia_hidden_link_text'>Compartir por correo<\/span><\/a><\/li><\/ul><\/div><\/div>\n<div  style='height:50px' class='hr hr-invisible   avia-builder-el-8  el_after_av_social_share  el_before_av_comments_list '><span class='hr-inner ' ><span class='hr-inner-style'><\/span><\/span><\/div>\n<div  class='av-buildercomment  av-blog-meta-html-info-disabled av-blog-meta-tag-disabled  '><\/div>\n","protected":false},"excerpt":{"rendered":"","protected":false},"author":1,"featured_media":43444,"comment_status":"open","ping_status":"open","sticky":false,"template":"","format":"standard","meta":{"footnotes":""},"categories":[38],"tags":[],"class_list":["post-43443","post","type-post","status-publish","format-standard","has-post-thumbnail","hentry","category-regional"],"jetpack_featured_media_url":"https:\/\/radiorevelacionfm.cl\/wp-content\/uploads\/2024\/06\/0e93d1cc-7509-4f47-8f1b-07348a7f2c5a-1-1_optimized-1.jpg","_links":{"self":[{"href":"https:\/\/radiorevelacionfm.cl\/index.php?rest_route=\/wp\/v2\/posts\/43443","targetHints":{"allow":["GET"]}}],"collection":[{"href":"https:\/\/radiorevelacionfm.cl\/index.php?rest_route=\/wp\/v2\/posts"}],"about":[{"href":"https:\/\/radiorevelacionfm.cl\/index.php?rest_route=\/wp\/v2\/types\/post"}],"author":[{"embeddable":true,"href":"https:\/\/radiorevelacionfm.cl\/index.php?rest_route=\/wp\/v2\/users\/1"}],"replies":[{"embeddable":true,"href":"https:\/\/radiorevelacionfm.cl\/index.php?rest_route=%2Fwp%2Fv2%2Fcomments&post=43443"}],"version-history":[{"count":1,"href":"https:\/\/radiorevelacionfm.cl\/index.php?rest_route=\/wp\/v2\/posts\/43443\/revisions"}],"predecessor-version":[{"id":43445,"href":"https:\/\/radiorevelacionfm.cl\/index.php?rest_route=\/wp\/v2\/posts\/43443\/revisions\/43445"}],"wp:featuredmedia":[{"embeddable":true,"href":"https:\/\/radiorevelacionfm.cl\/index.php?rest_route=\/wp\/v2\/media\/43444"}],"wp:attachment":[{"href":"https:\/\/radiorevelacionfm.cl\/index.php?rest_route=%2Fwp%2Fv2%2Fmedia&parent=43443"}],"wp:term":[{"taxonomy":"category","embeddable":true,"href":"https:\/\/radiorevelacionfm.cl\/index.php?rest_route=%2Fwp%2Fv2%2Fcategories&post=43443"},{"taxonomy":"post_tag","embeddable":true,"href":"https:\/\/radiorevelacionfm.cl\/index.php?rest_route=%2Fwp%2Fv2%2Ftags&post=43443"}],"curies":[{"name":"wp","href":"https:\/\/api.w.org\/{rel}","templated":true}]}}