{"id":43440,"date":"2024-06-24T16:19:35","date_gmt":"2024-06-24T19:19:35","guid":{"rendered":"https:\/\/radiorevelacionfm.cl\/?p=43440"},"modified":"2024-06-24T16:19:35","modified_gmt":"2024-06-24T19:19:35","slug":"jardines-infantiles-de-integra-celebraron-dia-internacional-de-los-pueblos-indigenas","status":"publish","type":"post","link":"https:\/\/radiorevelacionfm.cl\/?p=43440","title":{"rendered":"Jardines Infantiles de Integra celebraron D\u00eda Internacional de los Pueblos Ind\u00edgenas"},"content":{"rendered":"<div class=\"flex_column av_one_full  flex_column_div av-zero-column-padding first  avia-builder-el-0  el_before_av_one_full  avia-builder-el-first  \" style='border-radius:0px; '><div  class='avia-image-container  av-styling-    avia-builder-el-1  avia-builder-el-no-sibling  avia-align-center '  itemprop=\"image\" itemscope=\"itemscope\" itemtype=\"https:\/\/schema.org\/ImageObject\"  ><div class='avia-image-container-inner'><div class='avia-image-overlay-wrap'><img decoding=\"async\" class='wp-image-43441 avia-img-lazy-loading-not-43441 avia_image' src=\"https:\/\/radiorevelacionfm.cl\/wp-content\/uploads\/2024\/06\/3-2024-06-24T133909.712-1-1.jpg\" alt='' title='3 - 2024-06-24T133909.712 (1) (1)' height=\"680\" width=\"800\"  itemprop=\"thumbnailUrl\" srcset=\"https:\/\/radiorevelacionfm.cl\/wp-content\/uploads\/2024\/06\/3-2024-06-24T133909.712-1-1.jpg 800w, https:\/\/radiorevelacionfm.cl\/wp-content\/uploads\/2024\/06\/3-2024-06-24T133909.712-1-1-300x255.jpg 300w, https:\/\/radiorevelacionfm.cl\/wp-content\/uploads\/2024\/06\/3-2024-06-24T133909.712-1-1-768x653.jpg 768w, https:\/\/radiorevelacionfm.cl\/wp-content\/uploads\/2024\/06\/3-2024-06-24T133909.712-1-1-705x599.jpg 705w, https:\/\/radiorevelacionfm.cl\/wp-content\/uploads\/2024\/06\/3-2024-06-24T133909.712-1-1-450x383.jpg 450w, https:\/\/radiorevelacionfm.cl\/wp-content\/uploads\/2024\/06\/3-2024-06-24T133909.712-1-1-600x510.jpg 600w\" sizes=\"(max-width: 800px) 100vw, 800px\" \/><\/div><\/div><\/div><\/div><div class=\"flex_column av_one_full  flex_column_div av-zero-column-padding first  avia-builder-el-2  el_after_av_one_full  el_before_av_one_full  column-top-margin\" style='border-radius:0px; '><section class=\"av_textblock_section \"  itemscope=\"itemscope\" itemtype=\"https:\/\/schema.org\/BlogPosting\" itemprop=\"blogPost\" ><div class='avia_textblock  '   itemprop=\"text\" ><p style=\"text-align: center;\"><strong><span style=\"font-size: 18pt;\">Jardines Infantiles de Integra celebraron D\u00eda Internacional de los Pueblos Ind\u00edgenas<\/span><\/strong><\/p>\n<div id=\"gtx-trans\" style=\"position: absolute; left: -50px; top: 4.31534px;\">\n<div class=\"gtx-trans-icon\"><\/div>\n<\/div>\n<\/div><\/section><\/div><div class=\"flex_column av_one_full  flex_column_div av-zero-column-padding first  avia-builder-el-4  el_after_av_one_full  el_before_av_hr  column-top-margin\" style='border-radius:0px; '><section class=\"av_textblock_section \"  itemscope=\"itemscope\" itemtype=\"https:\/\/schema.org\/BlogPosting\" itemprop=\"blogPost\" ><div class='avia_textblock  '   itemprop=\"text\" ><p style=\"font-weight: 400; text-align: justify;\"><em>Para los establecimientos educacionales esta es una instancia que les permite poder celebrar la diversidad y fortalecer la identidad cultural de los ni\u00f1os y ni\u00f1as.<\/em><\/p>\n<p style=\"font-weight: 400; text-align: justify;\">En conmemoraci\u00f3n del D\u00eda Internacional de los Pueblos Ind\u00edgenas, los jardines infantiles y salas cuna de Fundaci\u00f3n Integra en la regi\u00f3n de Ays\u00e9n desarrollaron una serie de actividades que resaltan la riqueza y diversidad de las culturas ind\u00edgenas. Esta celebraci\u00f3n no solo honra a los pueblos ind\u00edgenas, sino que tambi\u00e9n promueve el respeto y la valoraci\u00f3n de sus tradiciones entre los ni\u00f1os y sus familias.<\/p>\n<p style=\"font-weight: 400; text-align: justify;\">Durante las semanas previas, los equipos educativos y las familias desarrollaron un trabajo conjunto para preparar una variedad de actividades educativas y culturales que destacan y valoran la cultura de los pueblos originarios.<\/p>\n<p style=\"font-weight: 400; text-align: justify;\">La directora regional de Fundaci\u00f3n Integra, Leticia Araya Norambuena explica que \u201cestas actividades no solo cumplen una funci\u00f3n educativa, sino que tambi\u00e9n promueven valores de respeto, inclusi\u00f3n y convivencia. A trav\u00e9s de iniciativas como estas, nuestros equipos educativos trabajan para que ni\u00f1os y ni\u00f1as conozcan, respeten y valoren las diversas culturas que conforman nuestro pa\u00eds, contribuyendo as\u00ed a una sociedad m\u00e1s justa y equitativa\u201d.<\/p>\n<p style=\"font-weight: 400; text-align: justify;\">Un ejemplo de esto es el trabajo desarrollado por el jard\u00edn infantil y sala cuna \u201cHielito Azul\u201d de Villa O\u2019Higgins, quienes en conjunto con los padres y apoderados realizaron la confecci\u00f3n de instrumentos musicales experiencia en la que los ni\u00f1os crearon r\u00e9plicas de instrumentos musicales tradicionales de los pueblos ind\u00edgenas de Chile.<\/p>\n<p style=\"font-weight: 400; text-align: justify;\">La directora del establecimiento, Claudia Cea destac\u00f3 que \u201cesta actividad surge a partir de los intereses que tienen los ni\u00f1os y ni\u00f1as sobre conocer otras culturas, lo que nos permiti\u00f3 poder mostrarles alimentos, instrumentos musicales, m\u00fasica, bailes e indumentaria. Esto les impresion\u00f3 y les llam\u00f3 mucho la atenci\u00f3n lo que nos permiti\u00f3 poder generar una experiencia educativa en torno a esto\u201d.<\/p>\n<p style=\"font-weight: 400; text-align: justify;\">Por su parte, otros establecimientos desarrollaron acciones similares como lo fueron talleres de narraci\u00f3n de cuentos donde las familias y educadores compartieron historias y leyendas ind\u00edgenas.\u00a0 A la vez, tambi\u00e9n se realizaron muestras gastron\u00f3micas, donde las familias participaron en la preparaci\u00f3n de platos t\u00edpicos de la gastronom\u00eda ind\u00edgena los que fueron degustados por los ni\u00f1os y ni\u00f1as de los jardines infantiles.<\/p>\n<p style=\"font-weight: 400; text-align: justify;\">Desde Fundaci\u00f3n Integra recalcan que estas actividades no solo fomentan la creatividad y habilidades manuales, sino que tambi\u00e9n a comprender y valorar la sabidur\u00eda ancestral adem\u00e1s de las tradiciones orales de los pueblos ind\u00edgenas<\/p>\n<p style=\"font-weight: 400; text-align: justify;\">Trabajo Colaborativo<\/p>\n<p style=\"font-weight: 400; text-align: justify;\">El \u00e9xito de estas actividades es posible gracias al trabajo colaborativo entre los equipos educativos, las familias y la comunidad ya que se genera un ambiente educativo donde se valora y respeta la diversidad cultural, proporcionando a los ni\u00f1os una comprensi\u00f3n m\u00e1s profunda de sus ra\u00edces.<\/p>\n<p style=\"font-weight: 400; text-align: justify;\">Cecilia Alvarado, directora del jard\u00edn infantil y sala cuna \u201cLos Pioneros\u201d de Cochrane, refuerza que \u201cha sido una oportunidad maravillosa de aprendizaje en donde los ni\u00f1os han sido los protagonistas. Los padres, madres y familias han venido a acompa\u00f1ar y a participar de estas experiencias, respondiendo a las mismas necesidades e intereses que las familias hicieron a comienzo de a\u00f1o\u201d.<\/p>\n<p style=\"font-weight: 400; text-align: justify;\">Fundaci\u00f3n Integra, con 33 a\u00f1os de experiencia y m\u00e1s de 1.200 salas cuna y jardines infantiles gratuitos en todo el pa\u00eds, trabaja para que ni\u00f1as y ni\u00f1os alcancen su desarrollo pleno, bienestar integral y aprendizajes significativos, a trav\u00e9s de su protagonismo en espacios educativos amorosos, inclusivos, diversos y de calidad.<\/p>\n<\/div><\/section><\/div><div  style='height:50px' class='hr hr-invisible   avia-builder-el-6  el_after_av_one_full  el_before_av_social_share '><span class='hr-inner ' ><span class='hr-inner-style'><\/span><\/span><\/div><\/p>\n<div  class='av-social-sharing-box  avia-builder-el-7  el_after_av_hr  el_before_av_hr  '><div class='av-share-box'><h5 class='av-share-link-description av-no-toc '>Compartir esta noticia<\/h5><ul class='av-share-box-list noLightbox'><li class='av-share-link av-social-link-facebook' ><a target=\"_blank\" aria-label=\"Compartir en Facebook\" href='https:\/\/www.facebook.com\/sharer.php?u=https:\/\/radiorevelacionfm.cl\/?p=43440&#038;t=Jardines%20Infantiles%20de%20Integra%20celebraron%20D%C3%ADa%20Internacional%20de%20los%20Pueblos%20Ind%C3%ADgenas' aria-hidden='false' data-av_icon='\ue8f3' data-av_iconfont='entypo-fontello' title='' data-avia-related-tooltip='Compartir en Facebook' rel=\"noopener\"><span class='avia_hidden_link_text'>Compartir en Facebook<\/span><\/a><\/li><li class='av-share-link av-social-link-twitter' ><a target=\"_blank\" aria-label=\"Compartir en Twitter\" href='https:\/\/twitter.com\/share?text=Jardines%20Infantiles%20de%20Integra%20celebraron%20D%C3%ADa%20Internacional%20de%20los%20Pueblos%20Ind%C3%ADgenas&#038;url=https:\/\/radiorevelacionfm.cl\/?p=43440' aria-hidden='false' data-av_icon='\ue8f1' data-av_iconfont='entypo-fontello' title='' data-avia-related-tooltip='Compartir en Twitter' rel=\"noopener\"><span class='avia_hidden_link_text'>Compartir en Twitter<\/span><\/a><\/li><li class='av-share-link av-social-link-whatsapp' ><a target=\"_blank\" aria-label=\"Compartir en Whatsapp\" href='https:\/\/api.whatsapp.com\/send?text=https:\/\/radiorevelacionfm.cl\/?p=43440' aria-hidden='false' data-av_icon='\uf232' data-av_iconfont='entypo-fontello' title='' data-avia-related-tooltip='Compartir en Whatsapp' rel=\"noopener\"><span class='avia_hidden_link_text'>Compartir en Whatsapp<\/span><\/a><\/li><li class='av-share-link av-social-link-linkedin' ><a target=\"_blank\" aria-label=\"Compartir en LinkedIn\" href='https:\/\/linkedin.com\/shareArticle?mini=true&#038;title=Jardines%20Infantiles%20de%20Integra%20celebraron%20D%C3%ADa%20Internacional%20de%20los%20Pueblos%20Ind%C3%ADgenas&#038;url=https:\/\/radiorevelacionfm.cl\/?p=43440' aria-hidden='false' data-av_icon='\ue8fc' data-av_iconfont='entypo-fontello' title='' data-avia-related-tooltip='Compartir en LinkedIn' rel=\"noopener\"><span class='avia_hidden_link_text'>Compartir en LinkedIn<\/span><\/a><\/li><li class='av-share-link av-social-link-mail' ><a  aria-label=\"Compartir por correo\" href='mailto:?subject=Jardines%20Infantiles%20de%20Integra%20celebraron%20D%C3%ADa%20Internacional%20de%20los%20Pueblos%20Ind%C3%ADgenas&#038;body=https:\/\/radiorevelacionfm.cl\/?p=43440' aria-hidden='false' data-av_icon='\ue805' data-av_iconfont='entypo-fontello' title='' data-avia-related-tooltip='Compartir por correo'><span class='avia_hidden_link_text'>Compartir por correo<\/span><\/a><\/li><\/ul><\/div><\/div>\n<div  style='height:50px' class='hr hr-invisible   avia-builder-el-8  el_after_av_social_share  el_before_av_comments_list '><span class='hr-inner ' ><span class='hr-inner-style'><\/span><\/span><\/div>\n<div  class='av-buildercomment  av-blog-meta-html-info-disabled av-blog-meta-tag-disabled  '><\/div>\n","protected":false},"excerpt":{"rendered":"","protected":false},"author":1,"featured_media":43441,"comment_status":"open","ping_status":"open","sticky":false,"template":"","format":"standard","meta":{"footnotes":""},"categories":[49],"tags":[],"class_list":["post-43440","post","type-post","status-publish","format-standard","has-post-thumbnail","hentry","category-educacion"],"jetpack_featured_media_url":"https:\/\/radiorevelacionfm.cl\/wp-content\/uploads\/2024\/06\/3-2024-06-24T133909.712-1-1.jpg","_links":{"self":[{"href":"https:\/\/radiorevelacionfm.cl\/index.php?rest_route=\/wp\/v2\/posts\/43440","targetHints":{"allow":["GET"]}}],"collection":[{"href":"https:\/\/radiorevelacionfm.cl\/index.php?rest_route=\/wp\/v2\/posts"}],"about":[{"href":"https:\/\/radiorevelacionfm.cl\/index.php?rest_route=\/wp\/v2\/types\/post"}],"author":[{"embeddable":true,"href":"https:\/\/radiorevelacionfm.cl\/index.php?rest_route=\/wp\/v2\/users\/1"}],"replies":[{"embeddable":true,"href":"https:\/\/radiorevelacionfm.cl\/index.php?rest_route=%2Fwp%2Fv2%2Fcomments&post=43440"}],"version-history":[{"count":1,"href":"https:\/\/radiorevelacionfm.cl\/index.php?rest_route=\/wp\/v2\/posts\/43440\/revisions"}],"predecessor-version":[{"id":43442,"href":"https:\/\/radiorevelacionfm.cl\/index.php?rest_route=\/wp\/v2\/posts\/43440\/revisions\/43442"}],"wp:featuredmedia":[{"embeddable":true,"href":"https:\/\/radiorevelacionfm.cl\/index.php?rest_route=\/wp\/v2\/media\/43441"}],"wp:attachment":[{"href":"https:\/\/radiorevelacionfm.cl\/index.php?rest_route=%2Fwp%2Fv2%2Fmedia&parent=43440"}],"wp:term":[{"taxonomy":"category","embeddable":true,"href":"https:\/\/radiorevelacionfm.cl\/index.php?rest_route=%2Fwp%2Fv2%2Fcategories&post=43440"},{"taxonomy":"post_tag","embeddable":true,"href":"https:\/\/radiorevelacionfm.cl\/index.php?rest_route=%2Fwp%2Fv2%2Ftags&post=43440"}],"curies":[{"name":"wp","href":"https:\/\/api.w.org\/{rel}","templated":true}]}}