{"id":4344,"date":"2021-05-20T12:20:38","date_gmt":"2021-05-20T15:20:38","guid":{"rendered":"https:\/\/radiorevelacionfm.cl\/?p=4344"},"modified":"2021-05-20T12:20:38","modified_gmt":"2021-05-20T15:20:38","slug":"marcos-silva-enfocara-gestion-en-proyectos-sanitarios-y-regularizacion-de-tierras-en-guaitecas","status":"publish","type":"post","link":"https:\/\/radiorevelacionfm.cl\/?p=4344","title":{"rendered":"Marcos Silva enfocar\u00e1 gesti\u00f3n en proyectos sanitarios y regularizaci\u00f3n de tierras en Guaitecas"},"content":{"rendered":"<div class=\"flex_column av_one_full  flex_column_div av-zero-column-padding first  avia-builder-el-0  el_before_av_one_full  avia-builder-el-first  \" style='border-radius:0px; '><div  class='avia-image-container  av-styling-    avia-builder-el-1  avia-builder-el-no-sibling  avia-align-center '  itemprop=\"image\" itemscope=\"itemscope\" itemtype=\"https:\/\/schema.org\/ImageObject\"  ><div class='avia-image-container-inner'><div class='avia-image-overlay-wrap'><img decoding=\"async\" class='wp-image-4345 avia-img-lazy-loading-not-4345 avia_image' src=\"https:\/\/radiorevelacionfm.cl\/wp-content\/uploads\/2021\/05\/ALCALDE-SILVA-3.jpg\" alt='' title='ALCALDE SILVA 3' height=\"598\" width=\"878\"  itemprop=\"thumbnailUrl\" srcset=\"https:\/\/radiorevelacionfm.cl\/wp-content\/uploads\/2021\/05\/ALCALDE-SILVA-3.jpg 878w, https:\/\/radiorevelacionfm.cl\/wp-content\/uploads\/2021\/05\/ALCALDE-SILVA-3-300x204.jpg 300w, https:\/\/radiorevelacionfm.cl\/wp-content\/uploads\/2021\/05\/ALCALDE-SILVA-3-768x523.jpg 768w, https:\/\/radiorevelacionfm.cl\/wp-content\/uploads\/2021\/05\/ALCALDE-SILVA-3-705x480.jpg 705w, https:\/\/radiorevelacionfm.cl\/wp-content\/uploads\/2021\/05\/ALCALDE-SILVA-3-600x409.jpg 600w\" sizes=\"(max-width: 878px) 100vw, 878px\" \/><\/div><\/div><\/div><\/div><div class=\"flex_column av_one_full  flex_column_div av-zero-column-padding first  avia-builder-el-2  el_after_av_one_full  el_before_av_one_full  column-top-margin\" style='border-radius:0px; '><section class=\"av_textblock_section \"  itemscope=\"itemscope\" itemtype=\"https:\/\/schema.org\/BlogPosting\" itemprop=\"blogPost\" ><div class='avia_textblock  '   itemprop=\"text\" ><p style=\"text-align: center;\"><strong><span style=\"font-size: 18pt;\">Marcos Silva enfocar\u00e1 gesti\u00f3n en proyectos sanitarios y regularizaci\u00f3n de tierras en Guaitecas<\/span><\/strong><\/p>\n<div id=\"gtx-trans\" style=\"position: absolute; left: -50px; top: 4.31534px;\">\n<div class=\"gtx-trans-icon\"><\/div>\n<\/div>\n<\/div><\/section><\/div><div class=\"flex_column av_one_full  flex_column_div av-zero-column-padding first  avia-builder-el-4  el_after_av_one_full  el_before_av_hr  column-top-margin\" style='border-radius:0px; '><section class=\"av_textblock_section \"  itemscope=\"itemscope\" itemtype=\"https:\/\/schema.org\/BlogPosting\" itemprop=\"blogPost\" ><div class='avia_textblock  '   itemprop=\"text\" ><p style=\"text-align: justify;\">Con \u00e9nfasis en el tema sanitario y regularizaci\u00f3n de tierras Marcos Silva enfrentar\u00e1 periodo Alcaldicio<\/p>\n<p style=\"text-align: justify;\">El Alcalde electo por Guaitecas se comprometi\u00f3 tambi\u00e9n a que el Municipio sea siempre un servicio de puertas abiertas, inclusivo y con proyectos que mejoren la calidad de vida de la gente.<\/p>\n<p style=\"text-align: justify;\">Uno de los candidatos a Alcalde que triunf\u00f3 sin mayores problemas y con un alto respaldo ciudadano fue, Marcos Silva Miranda, en Guaitecas. Un dirigente sindical, vecino conocido, que ha vivido y trabajado toda su vida en la zona, quiso demostrar que con esfuerzo, con dedicaci\u00f3n, trabajo en terreno y principalmente el apoyo de la comunidad se puede llegar a dirigir los destinos de la comuna.<\/p>\n<p style=\"text-align: justify;\">\u201cEn lo personal agradecer al equipo de trabajo, a los chiquillos y chiquillas que dejaron los pies en la calle, a los candidatos y candidatas a Concejal y Concejala, agradecerles enormemente su compromiso, su trabajo, su perseverancia y por supuesto a nuestra gente linda de Melinka y Repollal que crey\u00f3 en m\u00ed, que cree que tenemos la capacidad para hacer las gestiones y sacar esta comuna adelante entre todos. Eternamente agradecido de cada una de las personas que nos apoyaron, que fueron la mayor\u00eda de las familias, gente sencilla que ha estado postergada por mucho tiempo, no queda m\u00e1s que poder hacer un trabajo mancomunado y unido a los equipos del Municipio\u201d.<\/p>\n<p style=\"text-align: justify;\">Marcos Silva, mencion\u00f3 adem\u00e1s que, su trabajo lo realizar\u00e1 con un Municipio de puertas abiertas e inclusivo.<\/p>\n<p style=\"text-align: justify;\">\u201cLa idea es tener un Municipio de puertas abiertas, inclusivo, que permita tener una buena atenci\u00f3n a nuestra gente, pero el desaf\u00edo es importante. Hay grandes temas que hay que desarrollar como, el alcantarillado, regularizaci\u00f3n de terreno que permita hoy en d\u00eda dar una mejor calidad de vida a nuestra gente. Enfocar tambi\u00e9n el trabajo en el registro social de hogares que es un desastre en esta comuna, todas estas cosas que van a permitir tener un mejor vivir, un mejor pasar, una comuna donde todos nos sintamos parte de este proceso y desarrollo en conjunto. Creo que la gente se merece tener una mejor comuna, la gente necesita ser escuchada, necesitamos desarrollar en conjunto estos trabajos que han estado postergados por a\u00f1os, que no se han podido materializar y que van desmedro de todos nuestros habitantes\u201d.<\/p>\n<p style=\"text-align: justify;\">El Alcalde electo por Guaitecas, Marcos Silva, se mostr\u00f3 feliz tambi\u00e9n de que exista un renovado Concejo Municipal, esperando que el trabajo de todos genere buenos resultados para la comuna.<\/p>\n<p style=\"text-align: justify;\">\u201cCreo que tenemos un tremendo desaf\u00edo, de poder entre todos, hacer una mejor comuna y una vez m\u00e1s, agradecer y felicitar a los ganadores, al nuevo equipo de Concejales donde afortunadamente qued\u00f3 una mujer, porque eso es bueno. Yo creo que hoy d\u00eda es importante atreverse a estos procesos que son democr\u00e1ticos y que permiten elegir a nuestras autoridades por cuatro a\u00f1os. As\u00ed es que, estamos felices y por supuesto comprometido para sacar esta comuna adelante con el trabajo de todos, pero quiero reiterar mi eterna gratitud y agradecimiento a las personas que me apoyaron\u201d.<\/p>\n<p style=\"text-align: justify;\">Por \u00faltimo, Marcos Silva, se\u00f1al\u00f3 que seguir\u00e1n muy pendientes en torno a lo que ocurre con la pandemia, siempre en un trabajo colaborativo con salud y recalcando el llamado a la ciudan\u00eda a seguirse cuidando para evitar nuevos brotes de coronavirus.<\/p>\n<\/div><\/section><\/div><div  style='height:50px' class='hr hr-invisible   avia-builder-el-6  el_after_av_one_full  el_before_av_social_share '><span class='hr-inner ' ><span class='hr-inner-style'><\/span><\/span><\/div><\/p>\n<div  class='av-social-sharing-box  avia-builder-el-7  el_after_av_hr  el_before_av_hr  '><div class='av-share-box'><h5 class='av-share-link-description av-no-toc '>Compartir esta noticia<\/h5><ul class='av-share-box-list noLightbox'><li class='av-share-link av-social-link-facebook' ><a target=\"_blank\" aria-label=\"Compartir en Facebook\" href='https:\/\/www.facebook.com\/sharer.php?u=https:\/\/radiorevelacionfm.cl\/?p=4344&#038;t=Marcos%20Silva%20enfocar%C3%A1%20gesti%C3%B3n%20en%20proyectos%20sanitarios%20y%20regularizaci%C3%B3n%20de%20tierras%20en%20Guaitecas' aria-hidden='false' data-av_icon='\ue8f3' data-av_iconfont='entypo-fontello' title='' data-avia-related-tooltip='Compartir en Facebook' rel=\"noopener\"><span class='avia_hidden_link_text'>Compartir en Facebook<\/span><\/a><\/li><li class='av-share-link av-social-link-twitter' ><a target=\"_blank\" aria-label=\"Compartir en Twitter\" href='https:\/\/twitter.com\/share?text=Marcos%20Silva%20enfocar%C3%A1%20gesti%C3%B3n%20en%20proyectos%20sanitarios%20y%20regularizaci%C3%B3n%20de%20tierras%20en%20Guaitecas&#038;url=https:\/\/radiorevelacionfm.cl\/?p=4344' aria-hidden='false' data-av_icon='\ue8f1' data-av_iconfont='entypo-fontello' title='' data-avia-related-tooltip='Compartir en Twitter' rel=\"noopener\"><span class='avia_hidden_link_text'>Compartir en Twitter<\/span><\/a><\/li><li class='av-share-link av-social-link-whatsapp' ><a target=\"_blank\" aria-label=\"Compartir en Whatsapp\" href='https:\/\/api.whatsapp.com\/send?text=https:\/\/radiorevelacionfm.cl\/?p=4344' aria-hidden='false' data-av_icon='\uf232' data-av_iconfont='entypo-fontello' title='' data-avia-related-tooltip='Compartir en Whatsapp' rel=\"noopener\"><span class='avia_hidden_link_text'>Compartir en Whatsapp<\/span><\/a><\/li><li class='av-share-link av-social-link-linkedin' ><a target=\"_blank\" aria-label=\"Compartir en LinkedIn\" href='https:\/\/linkedin.com\/shareArticle?mini=true&#038;title=Marcos%20Silva%20enfocar%C3%A1%20gesti%C3%B3n%20en%20proyectos%20sanitarios%20y%20regularizaci%C3%B3n%20de%20tierras%20en%20Guaitecas&#038;url=https:\/\/radiorevelacionfm.cl\/?p=4344' aria-hidden='false' data-av_icon='\ue8fc' data-av_iconfont='entypo-fontello' title='' data-avia-related-tooltip='Compartir en LinkedIn' rel=\"noopener\"><span class='avia_hidden_link_text'>Compartir en LinkedIn<\/span><\/a><\/li><li class='av-share-link av-social-link-mail' ><a  aria-label=\"Compartir por correo\" href='mailto:?subject=Marcos%20Silva%20enfocar%C3%A1%20gesti%C3%B3n%20en%20proyectos%20sanitarios%20y%20regularizaci%C3%B3n%20de%20tierras%20en%20Guaitecas&#038;body=https:\/\/radiorevelacionfm.cl\/?p=4344' aria-hidden='false' data-av_icon='\ue805' data-av_iconfont='entypo-fontello' title='' data-avia-related-tooltip='Compartir por correo'><span class='avia_hidden_link_text'>Compartir por correo<\/span><\/a><\/li><\/ul><\/div><\/div>\n<div  style='height:50px' class='hr hr-invisible   avia-builder-el-8  el_after_av_social_share  el_before_av_comments_list '><span class='hr-inner ' ><span class='hr-inner-style'><\/span><\/span><\/div>\n<div  class='av-buildercomment  av-blog-meta-html-info-disabled av-blog-meta-tag-disabled  '><\/div>\n","protected":false},"excerpt":{"rendered":"","protected":false},"author":1,"featured_media":4345,"comment_status":"open","ping_status":"open","sticky":false,"template":"","format":"standard","meta":{"footnotes":""},"categories":[38],"tags":[],"class_list":["post-4344","post","type-post","status-publish","format-standard","has-post-thumbnail","hentry","category-regional"],"jetpack_featured_media_url":"https:\/\/radiorevelacionfm.cl\/wp-content\/uploads\/2021\/05\/ALCALDE-SILVA-3.jpg","_links":{"self":[{"href":"https:\/\/radiorevelacionfm.cl\/index.php?rest_route=\/wp\/v2\/posts\/4344","targetHints":{"allow":["GET"]}}],"collection":[{"href":"https:\/\/radiorevelacionfm.cl\/index.php?rest_route=\/wp\/v2\/posts"}],"about":[{"href":"https:\/\/radiorevelacionfm.cl\/index.php?rest_route=\/wp\/v2\/types\/post"}],"author":[{"embeddable":true,"href":"https:\/\/radiorevelacionfm.cl\/index.php?rest_route=\/wp\/v2\/users\/1"}],"replies":[{"embeddable":true,"href":"https:\/\/radiorevelacionfm.cl\/index.php?rest_route=%2Fwp%2Fv2%2Fcomments&post=4344"}],"version-history":[{"count":1,"href":"https:\/\/radiorevelacionfm.cl\/index.php?rest_route=\/wp\/v2\/posts\/4344\/revisions"}],"predecessor-version":[{"id":4346,"href":"https:\/\/radiorevelacionfm.cl\/index.php?rest_route=\/wp\/v2\/posts\/4344\/revisions\/4346"}],"wp:featuredmedia":[{"embeddable":true,"href":"https:\/\/radiorevelacionfm.cl\/index.php?rest_route=\/wp\/v2\/media\/4345"}],"wp:attachment":[{"href":"https:\/\/radiorevelacionfm.cl\/index.php?rest_route=%2Fwp%2Fv2%2Fmedia&parent=4344"}],"wp:term":[{"taxonomy":"category","embeddable":true,"href":"https:\/\/radiorevelacionfm.cl\/index.php?rest_route=%2Fwp%2Fv2%2Fcategories&post=4344"},{"taxonomy":"post_tag","embeddable":true,"href":"https:\/\/radiorevelacionfm.cl\/index.php?rest_route=%2Fwp%2Fv2%2Ftags&post=4344"}],"curies":[{"name":"wp","href":"https:\/\/api.w.org\/{rel}","templated":true}]}}