{"id":43438,"date":"2024-06-24T13:48:50","date_gmt":"2024-06-24T16:48:50","guid":{"rendered":"https:\/\/radiorevelacionfm.cl\/?p=43438"},"modified":"2024-06-24T13:48:50","modified_gmt":"2024-06-24T16:48:50","slug":"en-internacion-provisoria-quedo-adolescente-que-ataco-a-su-padastro-con-arma-cortante","status":"publish","type":"post","link":"https:\/\/radiorevelacionfm.cl\/?p=43438","title":{"rendered":"En internaci\u00f3n provisoria qued\u00f3 adolescente que atac\u00f3 a su padastro con arma cortante"},"content":{"rendered":"<div class=\"flex_column av_one_full  flex_column_div av-zero-column-padding first  avia-builder-el-0  el_before_av_one_full  avia-builder-el-first  \" style='border-radius:0px; '><div  class='avia-image-container  av-styling-    avia-builder-el-1  avia-builder-el-no-sibling  avia-align-center '  itemprop=\"image\" itemscope=\"itemscope\" itemtype=\"https:\/\/schema.org\/ImageObject\"  ><div class='avia-image-container-inner'><div class='avia-image-overlay-wrap'><img decoding=\"async\" class='wp-image-2523 avia-img-lazy-loading-not-2523 avia_image' src=\"https:\/\/radiorevelacionfm.cl\/wp-content\/uploads\/2021\/02\/PDI_20180317175640-1.jpg\" alt='' title='PDI_20180317175640 (1)' height=\"620\" width=\"820\"  itemprop=\"thumbnailUrl\" srcset=\"https:\/\/radiorevelacionfm.cl\/wp-content\/uploads\/2021\/02\/PDI_20180317175640-1.jpg 820w, https:\/\/radiorevelacionfm.cl\/wp-content\/uploads\/2021\/02\/PDI_20180317175640-1-300x227.jpg 300w, https:\/\/radiorevelacionfm.cl\/wp-content\/uploads\/2021\/02\/PDI_20180317175640-1-768x581.jpg 768w, https:\/\/radiorevelacionfm.cl\/wp-content\/uploads\/2021\/02\/PDI_20180317175640-1-705x533.jpg 705w, https:\/\/radiorevelacionfm.cl\/wp-content\/uploads\/2021\/02\/PDI_20180317175640-1-600x454.jpg 600w\" sizes=\"(max-width: 820px) 100vw, 820px\" \/><\/div><\/div><\/div><\/div><div class=\"flex_column av_one_full  flex_column_div av-zero-column-padding first  avia-builder-el-2  el_after_av_one_full  el_before_av_one_full  column-top-margin\" style='border-radius:0px; '><section class=\"av_textblock_section \"  itemscope=\"itemscope\" itemtype=\"https:\/\/schema.org\/BlogPosting\" itemprop=\"blogPost\" ><div class='avia_textblock  '   itemprop=\"text\" ><p style=\"text-align: center;\"><strong><span style=\"font-size: 18pt;\">En internaci\u00f3n provisoria qued\u00f3 adolescente que atac\u00f3 a su padastro con arma cortante<\/span><\/strong><\/p>\n<div id=\"gtx-trans\" style=\"position: absolute; left: -50px; top: 4.31534px;\">\n<div class=\"gtx-trans-icon\"><\/div>\n<\/div>\n<\/div><\/section><\/div><div class=\"flex_column av_one_full  flex_column_div av-zero-column-padding first  avia-builder-el-4  el_after_av_one_full  el_before_av_hr  column-top-margin\" style='border-radius:0px; '><section class=\"av_textblock_section \"  itemscope=\"itemscope\" itemtype=\"https:\/\/schema.org\/BlogPosting\" itemprop=\"blogPost\" ><div class='avia_textblock  '   itemprop=\"text\" ><p style=\"font-weight: 400; text-align: justify;\">Hechos ocurrieron la madrugada del s\u00e1bado en Coyhaique.<\/p>\n<p style=\"font-weight: 400; text-align: justify;\"><em>La Fiscal\u00eda formaliz\u00f3 investigaci\u00f3n en contra del imputado luego de las diligencias efectuadas tanto por Carabineros de la Primera Comisar\u00eda como de la Brigada de Homicidios de la PDI.<\/em><\/p>\n<p style=\"font-weight: 400; text-align: justify;\">La Fiscal\u00eda Local de Coyhaique formaliz\u00f3 este domingo una investigaci\u00f3n en contra de un imputado adolescente de 16 a\u00f1os por el delito de homicidio frustrado cometido en contra de su padrastro, hecho registrado la madrugada del s\u00e1bado en una poblaci\u00f3n del sector alto de la ciudad.<\/p>\n<p style=\"font-weight: 400; text-align: justify;\">En base a los primeros informes, el delito se habr\u00eda originado despu\u00e9s de una discusi\u00f3n. La v\u00edctima de este caso, un hombre de 46 a\u00f1os, result\u00f3 con cinco pu\u00f1aladas penetrantes en la zona del t\u00f3rax y una en la espalda.<\/p>\n<p style=\"font-weight: 400; text-align: justify;\">Seg\u00fan explic\u00f3 el fiscal adjunto Jaime Rojas, \u201cel Ministerio P\u00fablico formaliz\u00f3 investigaci\u00f3n en contra de un adolescente como autor de un delito de homicidio en grado de desarrollo frustrado, que ocurri\u00f3 durante la madrugada del s\u00e1bado en un domicilio en esta ciudad\u201d.<\/p>\n<p style=\"font-weight: 400; text-align: justify;\">El persecutor penal a\u00f1adi\u00f3 que \u201cde acuerdo a los antecedentes preliminarmente recopilados, se ha podido establecer que el adolescente asest\u00f3 pu\u00f1aladas, en este caso a su padrastro, el cual se encuentra hasta este momento con un car\u00e1cter reservado en cuanto a sus lesiones y tambi\u00e9n en riesgo vital\u201d.<\/p>\n<p style=\"font-weight: 400; text-align: justify;\">Jaime Rojas agreg\u00f3 que \u201catendida la gravedad de los hechos es que la Fiscal\u00eda solicit\u00f3 al Juzgado de Garant\u00eda decretar la medida cautelar de internaci\u00f3n provisoria del imputado. El tribunal, compartiendo los argumentos expuestos, decret\u00f3 esta medida cautelar y fij\u00f3 un plazo de investigaci\u00f3n de 80 d\u00edas\u201d.<\/p>\n<p style=\"font-weight: 400; text-align: justify;\">PDI<\/p>\n<p style=\"font-weight: 400; text-align: justify;\">Sobre este caso, el subcomisario Maximiliano Crot Moreau, jefe subrogante de la unidad especializada, se\u00f1al\u00f3 que, \u201coficiales policiales de la Brigada de Homicidios Coyhaique lograron la detenci\u00f3n de un imputado, adolescente de 16 a\u00f1os de edad, por su autor\u00eda en el delito de homicidio frustrado con arma cortante, cuya v\u00edctima corresponde a un sujeto de sexo masculino de 46 a\u00f1os de edad\u201d.<\/p>\n<p style=\"font-weight: 400; text-align: justify;\">Fue as\u00ed que, \u201clas diligencias desarrolladas por esta brigada especializada, permitieron obtener todos los antecedentes que acreditan la participaci\u00f3n del imputado en el hecho y la din\u00e1mica acontecida\u201d, agreg\u00f3 el subcomisario Crot.<\/p>\n<p style=\"font-weight: 400; text-align: justify;\">Sobre la criminodin\u00e1mica del delito, el jefe subrogante de la Brigada de Homicidios Coyhaique indic\u00f3 que \u201cla v\u00edctima, mientras se encontraba en su domicilio, recrimin\u00f3 al imputado por problemas familiares y \u00e9ste, premunido con un arma cortante, lo agredi\u00f3 en diversas ocasiones. A ra\u00edz de esto, la v\u00edctima sali\u00f3 del inmueble y fue auxiliada por un tercero que lo traslad\u00f3 al Hospital de Coyhaique, donde fue intervenido quir\u00fargicamente, y se encuentra en riesgo vital\u201d.<\/p>\n<\/div><\/section><\/div><div  style='height:50px' class='hr hr-invisible   avia-builder-el-6  el_after_av_one_full  el_before_av_social_share '><span class='hr-inner ' ><span class='hr-inner-style'><\/span><\/span><\/div><\/p>\n<div  class='av-social-sharing-box  avia-builder-el-7  el_after_av_hr  el_before_av_hr  '><div class='av-share-box'><h5 class='av-share-link-description av-no-toc '>Compartir esta noticia<\/h5><ul class='av-share-box-list noLightbox'><li class='av-share-link av-social-link-facebook' ><a target=\"_blank\" aria-label=\"Compartir en Facebook\" href='https:\/\/www.facebook.com\/sharer.php?u=https:\/\/radiorevelacionfm.cl\/?p=43438&#038;t=En%20internaci%C3%B3n%20provisoria%20qued%C3%B3%20adolescente%20que%20atac%C3%B3%20a%20su%20padastro%20con%20arma%20cortante' aria-hidden='false' data-av_icon='\ue8f3' data-av_iconfont='entypo-fontello' title='' data-avia-related-tooltip='Compartir en Facebook' rel=\"noopener\"><span class='avia_hidden_link_text'>Compartir en Facebook<\/span><\/a><\/li><li class='av-share-link av-social-link-twitter' ><a target=\"_blank\" aria-label=\"Compartir en Twitter\" href='https:\/\/twitter.com\/share?text=En%20internaci%C3%B3n%20provisoria%20qued%C3%B3%20adolescente%20que%20atac%C3%B3%20a%20su%20padastro%20con%20arma%20cortante&#038;url=https:\/\/radiorevelacionfm.cl\/?p=43438' aria-hidden='false' data-av_icon='\ue8f1' data-av_iconfont='entypo-fontello' title='' data-avia-related-tooltip='Compartir en Twitter' rel=\"noopener\"><span class='avia_hidden_link_text'>Compartir en Twitter<\/span><\/a><\/li><li class='av-share-link av-social-link-whatsapp' ><a target=\"_blank\" aria-label=\"Compartir en Whatsapp\" href='https:\/\/api.whatsapp.com\/send?text=https:\/\/radiorevelacionfm.cl\/?p=43438' aria-hidden='false' data-av_icon='\uf232' data-av_iconfont='entypo-fontello' title='' data-avia-related-tooltip='Compartir en Whatsapp' rel=\"noopener\"><span class='avia_hidden_link_text'>Compartir en Whatsapp<\/span><\/a><\/li><li class='av-share-link av-social-link-linkedin' ><a target=\"_blank\" aria-label=\"Compartir en LinkedIn\" href='https:\/\/linkedin.com\/shareArticle?mini=true&#038;title=En%20internaci%C3%B3n%20provisoria%20qued%C3%B3%20adolescente%20que%20atac%C3%B3%20a%20su%20padastro%20con%20arma%20cortante&#038;url=https:\/\/radiorevelacionfm.cl\/?p=43438' aria-hidden='false' data-av_icon='\ue8fc' data-av_iconfont='entypo-fontello' title='' data-avia-related-tooltip='Compartir en LinkedIn' rel=\"noopener\"><span class='avia_hidden_link_text'>Compartir en LinkedIn<\/span><\/a><\/li><li class='av-share-link av-social-link-mail' ><a  aria-label=\"Compartir por correo\" href='mailto:?subject=En%20internaci%C3%B3n%20provisoria%20qued%C3%B3%20adolescente%20que%20atac%C3%B3%20a%20su%20padastro%20con%20arma%20cortante&#038;body=https:\/\/radiorevelacionfm.cl\/?p=43438' aria-hidden='false' data-av_icon='\ue805' data-av_iconfont='entypo-fontello' title='' data-avia-related-tooltip='Compartir por correo'><span class='avia_hidden_link_text'>Compartir por correo<\/span><\/a><\/li><\/ul><\/div><\/div>\n<div  style='height:50px' class='hr hr-invisible   avia-builder-el-8  el_after_av_social_share  el_before_av_comments_list '><span class='hr-inner ' ><span class='hr-inner-style'><\/span><\/span><\/div>\n<div  class='av-buildercomment  av-blog-meta-html-info-disabled av-blog-meta-tag-disabled  '><\/div>\n","protected":false},"excerpt":{"rendered":"","protected":false},"author":1,"featured_media":2523,"comment_status":"open","ping_status":"open","sticky":false,"template":"","format":"standard","meta":{"footnotes":""},"categories":[36],"tags":[],"class_list":["post-43438","post","type-post","status-publish","format-standard","has-post-thumbnail","hentry","category-policial"],"jetpack_featured_media_url":"https:\/\/radiorevelacionfm.cl\/wp-content\/uploads\/2021\/02\/PDI_20180317175640-1.jpg","_links":{"self":[{"href":"https:\/\/radiorevelacionfm.cl\/index.php?rest_route=\/wp\/v2\/posts\/43438","targetHints":{"allow":["GET"]}}],"collection":[{"href":"https:\/\/radiorevelacionfm.cl\/index.php?rest_route=\/wp\/v2\/posts"}],"about":[{"href":"https:\/\/radiorevelacionfm.cl\/index.php?rest_route=\/wp\/v2\/types\/post"}],"author":[{"embeddable":true,"href":"https:\/\/radiorevelacionfm.cl\/index.php?rest_route=\/wp\/v2\/users\/1"}],"replies":[{"embeddable":true,"href":"https:\/\/radiorevelacionfm.cl\/index.php?rest_route=%2Fwp%2Fv2%2Fcomments&post=43438"}],"version-history":[{"count":1,"href":"https:\/\/radiorevelacionfm.cl\/index.php?rest_route=\/wp\/v2\/posts\/43438\/revisions"}],"predecessor-version":[{"id":43439,"href":"https:\/\/radiorevelacionfm.cl\/index.php?rest_route=\/wp\/v2\/posts\/43438\/revisions\/43439"}],"wp:featuredmedia":[{"embeddable":true,"href":"https:\/\/radiorevelacionfm.cl\/index.php?rest_route=\/wp\/v2\/media\/2523"}],"wp:attachment":[{"href":"https:\/\/radiorevelacionfm.cl\/index.php?rest_route=%2Fwp%2Fv2%2Fmedia&parent=43438"}],"wp:term":[{"taxonomy":"category","embeddable":true,"href":"https:\/\/radiorevelacionfm.cl\/index.php?rest_route=%2Fwp%2Fv2%2Fcategories&post=43438"},{"taxonomy":"post_tag","embeddable":true,"href":"https:\/\/radiorevelacionfm.cl\/index.php?rest_route=%2Fwp%2Fv2%2Ftags&post=43438"}],"curies":[{"name":"wp","href":"https:\/\/api.w.org\/{rel}","templated":true}]}}