{"id":43433,"date":"2024-06-24T11:42:59","date_gmt":"2024-06-24T14:42:59","guid":{"rendered":"https:\/\/radiorevelacionfm.cl\/?p=43433"},"modified":"2024-06-24T11:42:59","modified_gmt":"2024-06-24T14:42:59","slug":"con-autoformacion-y-acciones-comunitarias-conmemoraron-30-anos-de-santuario-de-la-naturaleza-capilla-de-marmol","status":"publish","type":"post","link":"https:\/\/radiorevelacionfm.cl\/?p=43433","title":{"rendered":"Con autoformaci\u00f3n y acciones comunitarias conmemoraron 30 a\u00f1os de Santuario de la Naturaleza \u00abCapilla de M\u00e1rmol\u00bb"},"content":{"rendered":"<div class=\"flex_column av_one_full  flex_column_div av-zero-column-padding first  avia-builder-el-0  el_before_av_one_full  avia-builder-el-first  \" style='border-radius:0px; '><div  class='avia-image-container  av-styling-    avia-builder-el-1  avia-builder-el-no-sibling  avia-align-center '  itemprop=\"image\" itemscope=\"itemscope\" itemtype=\"https:\/\/schema.org\/ImageObject\"  ><div class='avia-image-container-inner'><div class='avia-image-overlay-wrap'><img decoding=\"async\" class='wp-image-43435 avia-img-lazy-loading-not-43435 avia_image' src=\"https:\/\/radiorevelacionfm.cl\/wp-content\/uploads\/2024\/06\/IMG_0917-1-1.jpg\" alt='' title='IMG_0917 (1) (1)' height=\"600\" width=\"800\"  itemprop=\"thumbnailUrl\" srcset=\"https:\/\/radiorevelacionfm.cl\/wp-content\/uploads\/2024\/06\/IMG_0917-1-1.jpg 800w, https:\/\/radiorevelacionfm.cl\/wp-content\/uploads\/2024\/06\/IMG_0917-1-1-300x225.jpg 300w, https:\/\/radiorevelacionfm.cl\/wp-content\/uploads\/2024\/06\/IMG_0917-1-1-768x576.jpg 768w, https:\/\/radiorevelacionfm.cl\/wp-content\/uploads\/2024\/06\/IMG_0917-1-1-705x529.jpg 705w, https:\/\/radiorevelacionfm.cl\/wp-content\/uploads\/2024\/06\/IMG_0917-1-1-450x338.jpg 450w, https:\/\/radiorevelacionfm.cl\/wp-content\/uploads\/2024\/06\/IMG_0917-1-1-600x450.jpg 600w\" sizes=\"(max-width: 800px) 100vw, 800px\" \/><\/div><\/div><\/div><\/div><div class=\"flex_column av_one_full  flex_column_div av-zero-column-padding first  avia-builder-el-2  el_after_av_one_full  el_before_av_one_full  column-top-margin\" style='border-radius:0px; '><section class=\"av_textblock_section \"  itemscope=\"itemscope\" itemtype=\"https:\/\/schema.org\/BlogPosting\" itemprop=\"blogPost\" ><div class='avia_textblock  '   itemprop=\"text\" ><p style=\"text-align: center;\"><span style=\"font-size: 18pt;\"><b><span lang=\"ES-TRAD\">Con autoformaci\u00f3n y acciones comunitarias conmemoraron 30 a\u00f1os de Santuario de la Naturaleza \u00abCapilla de M\u00e1rmol\u00bb<\/span><\/b><\/span><\/p>\n<div id=\"gtx-trans\" style=\"position: absolute; left: -50px; top: 4.31534px;\">\n<div class=\"gtx-trans-icon\"><\/div>\n<\/div>\n<\/div><\/section><\/div><div class=\"flex_column av_one_full  flex_column_div av-zero-column-padding first  avia-builder-el-4  el_after_av_one_full  el_before_av_hr  column-top-margin\" style='border-radius:0px; '><section class=\"av_textblock_section \"  itemscope=\"itemscope\" itemtype=\"https:\/\/schema.org\/BlogPosting\" itemprop=\"blogPost\" ><div class='avia_textblock  '   itemprop=\"text\" ><p class=\"v1gmail-MsoListParagraphCxSpFirst\" style=\"text-align: justify;\"><i><span lang=\"ES-TRAD\">Fueron tres los d\u00edas durante los cuales, a pesar de las dif\u00edciles condiciones clim\u00e1ticas, habitantes de la cuenca del lago General Carrera se reunieron para asistir a diversas charlas y exposiciones.<span class=\"v1gmail-Apple-converted-space\">\u00a0<\/span><\/span><\/i><\/p>\n<p class=\"v1gmail-MsoListParagraphCxSpFirst\" style=\"text-align: justify;\"><i><span lang=\"ES-TRAD\">Geolog\u00eda, historia, biodiversidad, medio ambiente, junto a visitas guiadas gratuitas a las formaciones rocosas, una feria costumbrista y un baile en el gimnasio local.<\/span><\/i><\/p>\n<p class=\"v1MsoNormal\" style=\"text-align: justify;\"><span lang=\"ES-TRAD\">Un encuentro de autoformaci\u00f3n y actividades comunitarias. Tal fue el sentido del<span class=\"v1gmail-Apple-converted-space\">\u00a0<\/span>Festival Regional del M\u00e1rmol, que concluy\u00f3 el s\u00e1bado, con el cual la<span class=\"v1gmail-Apple-converted-space\">\u00a0<\/span>Junta de Vecinos N6 de Puerto R\u00edo Tranquilo<span class=\"v1gmail-Apple-converted-space\">\u00a0<\/span>conmemor\u00f3 los 30 a\u00f1os de dictaci\u00f3n del Decreto Exento 281 del Ministerio de Educaci\u00f3n, que el 22 de junio de 1994 constituy\u00f3 el<span class=\"v1gmail-Apple-converted-space\">\u00a0<\/span><i>Santuario de la Naturaleza \u00abCapilla de M\u00e1rmol<\/i>\u00ab.<\/span><\/p>\n<p class=\"v1MsoNormal\" style=\"text-align: justify;\"><span lang=\"ES-TRAD\">Del<span class=\"v1gmail-Apple-converted-space\">\u00a0<\/span>jueves 20<span class=\"v1gmail-Apple-converted-space\">\u00a0<\/span>al<span class=\"v1gmail-Apple-converted-space\">\u00a0<\/span>s\u00e1bado<span class=\"v1gmail-Apple-converted-space\">\u00a0<\/span>22 de junio<span class=\"v1gmail-Apple-converted-space\">\u00a0<\/span>se congregaron decenas de personas en la sede vecinal, donde el<span class=\"v1gmail-Apple-converted-space\">\u00a0<\/span>vecino H\u00e9ctor Vargas<span class=\"v1gmail-Apple-converted-space\">\u00a0<\/span>relat\u00f3 sus vivencias en torno a las formaciones rocosas y los inicios del turismo en el \u00e1rea. En tanto, el<span class=\"v1gmail-Apple-converted-space\">\u00a0<\/span>antrop\u00f3logo y Premio Regional de Arte y Cultura 2023 categor\u00eda Ensayo, Mauricio Osorio,<span class=\"v1gmail-Apple-converted-space\">\u00a0<\/span>dio cuenta de la historia de los top\u00f3nimos del sector (capillas, catedrales, cuevas, cavernas) y de las diversas versiones sobre el nombre original del gran lago, donde se confrontan General Carrera, Buenos Aires, Coluguape, Chelenko e Ingewtaik gegogunumunee.<\/span><\/p>\n<p class=\"v1MsoNormal\" style=\"text-align: justify;\"><span lang=\"ES-TRAD\">En representaci\u00f3n del<span class=\"v1gmail-Apple-converted-space\">\u00a0<\/span>Centro de Investigaci\u00f3n en Ecosistemas de la Patagonia (CIEP), expuso Brian Reid,<span class=\"v1gmail-Apple-converted-space\">\u00a0<\/span>quien se refiri\u00f3 a los ciclos hidrol\u00f3gicos del lago General Carrera, el<span class=\"v1gmail-Apple-converted-space\">\u00a0<\/span>ge\u00f3logo Jos\u00e9 Miguel Benado<span class=\"v1gmail-Apple-converted-space\">\u00a0<\/span>a los procesos de clarificaci\u00f3n de los l\u00edmites del santuario impulsados por la seremi de Miner\u00eda, mientras que el<span class=\"v1gmail-Apple-converted-space\">\u00a0<\/span>periodista Patricio Segura<span class=\"v1gmail-Apple-converted-space\">\u00a0<\/span>hizo un recorrido por los hitos institucionales que desde sus inicios, y hasta hoy, tienen al \u00e1rea en una indefinici\u00f3n con respecto al pol\u00edgono, lo cual afecta su protecci\u00f3n.<\/span><\/p>\n<p class=\"v1MsoNormal\" style=\"text-align: justify;\"><span lang=\"ES-TRAD\">Mauricio Melgarejo<\/span><span lang=\"ES-TRAD\"><span class=\"v1gmail-Apple-converted-space\">\u00a0<\/span>dio cuenta del trabajo de investigaci\u00f3n y relaci\u00f3n comunitaria de la Fundaci\u00f3n La Tapera en la provincia Capit\u00e1n Prat, a la vez que el<span class=\"v1gmail-Apple-converted-space\">\u00a0<\/span>ge\u00f3logo Eliot Paredes<span class=\"v1gmail-Apple-converted-space\">\u00a0<\/span>expuso sobre geolog\u00eda, clima y cultura. Hern\u00e1n Vel\u00e1squez<span class=\"v1gmail-Apple-converted-space\">\u00a0<\/span>y<span class=\"v1gmail-Apple-converted-space\">\u00a0<\/span>Enzo Montenegro<span class=\"v1gmail-Apple-converted-space\">\u00a0<\/span>relataron la gesti\u00f3n de la Fundaci\u00f3n Biored Patagonia en Puerto R\u00edo Tranquilo, particularmente de registro de especies locales y educaci\u00f3n ambiental, concluyendo las exposiciones con<span class=\"v1gmail-Apple-converted-space\">\u00a0<\/span>Sabina Lamunao<span class=\"v1gmail-Apple-converted-space\">\u00a0<\/span>y<span class=\"v1gmail-Apple-converted-space\">\u00a0<\/span>Raquel Godoy, junto al investigador Alejandro Salazar,<span class=\"v1gmail-Apple-converted-space\">\u00a0<\/span>quienes dieron cuenta de la labor que durante m\u00e1s de una d\u00e9cada la Universidad Cat\u00f3lica ha desarrollado en el sector de Exploradores, a trav\u00e9s de Estaci\u00f3n Patagonia UC.<\/span><\/p>\n<p class=\"v1MsoNormal\" style=\"text-align: justify;\"><span lang=\"ES-TRAD\">Las actividades contemplaron, asimismo, un asado comunitario en la sede local, junto con una<span class=\"v1gmail-Apple-converted-space\">\u00a0<\/span>Feria Costumbrista con emprendedores\/as de la cuenca<span class=\"v1gmail-Apple-converted-space\">\u00a0<\/span>y una<span class=\"v1gmail-Apple-converted-space\">\u00a0<\/span>navegaci\u00f3n educativa<span class=\"v1gmail-Apple-converted-space\">\u00a0<\/span>con la comunidad escolar, tras la cual lo\/as estudiantes realizaron actividades, concursos y dise\u00f1aron el lienzo de los 30 a\u00f1os.<span class=\"v1gmail-Apple-converted-space\">\u00a0<\/span>\u00a0\u00a0<\/span><\/p>\n<p class=\"v1MsoNormal\" style=\"text-align: justify;\"><span lang=\"ES-TRAD\">La jornada del s\u00e1bado concluy\u00f3 con un baile en el gimnasio local. Ese d\u00eda, adem\u00e1s, se estren\u00f3 el<span class=\"v1gmail-Apple-converted-space\">\u00a0<\/span>micro-documental \u00ab<i>Pioneros del santuario<\/i>\u00ab, con la historia de los primeros prestadores de servicios tur\u00edsticos a la Capilla de M\u00e1rmol: desde sus miradas y memorias, consignando tres d\u00e9cadas de trabajo potenciando el lugar, lo que ha permitido que alcance la relevancia internacional que hoy ostenta.<\/span><\/p>\n<p class=\"v1MsoNormal\" style=\"text-align: justify;\"><span lang=\"ES-TRAD\">\u00ab<i>Nos ha sorprendido favorablemente lo que fue la convocatoria y c\u00f3mo se ha desarrollado el festival, dadas las condiciones clim\u00e1ticas. La comunidad de la cuenca acept\u00f3 favorablemente esta invitaci\u00f3n, donde la convocatoria nos ha sorprendido por el n\u00famero de charlas, exponentes y asistentes que estuvieron estos dos d\u00edas participando<\/i>\u00bb explic\u00f3 el<span class=\"v1gmail-Apple-converted-space\">\u00a0<\/span>director de la Junta de Vecinos Daniel Palominos.<\/span><\/p>\n<p class=\"v1MsoNormal\" style=\"text-align: justify;\"><span lang=\"ES-TRAD\">El objetivo del encuentro, junto con conmemorar los 30 a\u00f1os de la dictaci\u00f3n del decreto, fue ser \u00ab<i>un piloto para ver c\u00f3mo desde una comunidad aleda\u00f1a al santuario y a un parque natural podr\u00edamos empezar a generar estas vinculaciones para su protecci\u00f3n y conservaci\u00f3n<\/i>\u00ab.<span class=\"v1gmail-Apple-converted-space\">\u00a0<\/span><\/span><\/p>\n<p class=\"v1MsoNormal\" style=\"text-align: justify;\"><span lang=\"ES-TRAD\">Agreg\u00f3 Palominos que \u00ab<i>nosotros comenzamos como directiva y asumimos este compromiso con la comunidad en septiembre de 2023. Cuando comenzamos se levant\u00f3 una consulta ciudadana, donde particip\u00f3 gran parte del pueblo. Dentro de las respuestas, la comunidad nos mandat\u00f3 a realizar m\u00e1s actividades y fiestas costumbristas<\/i>\u00ab. En este contexto, han avanzado en cumplir tal compromiso a trav\u00e9s de la<span class=\"v1gmail-Apple-converted-space\">\u00a0<\/span>Semana Tranquilina, el<span class=\"v1gmail-Apple-converted-space\">\u00a0<\/span>Festival de Teatro de la Patagonia<span class=\"v1gmail-Apple-converted-space\">\u00a0<\/span>y ahora el<span class=\"v1gmail-Apple-converted-space\">\u00a0<\/span>Festival Regional del M\u00e1rmol.<span class=\"v1gmail-Apple-converted-space\">\u00a0<\/span><\/span><\/p>\n<p class=\"v1MsoNormal\" style=\"text-align: justify;\"><span lang=\"ES-TRAD\">La directiva agradeci\u00f3 a todos quienes colaboraron. En primer lugar a la propia comunidad, los emprendimientos locales y regionales. Tambi\u00e9n a las organizaciones e instituciones como la<span class=\"v1gmail-Apple-converted-space\">\u00a0<\/span>Corporaci\u00f3n Chelenko,<span class=\"v1gmail-Apple-converted-space\">\u00a0<\/span>Universidad Cat\u00f3lica, el<span class=\"v1gmail-Apple-converted-space\">\u00a0<\/span>CIEP, las<span class=\"v1gmail-Apple-converted-space\">\u00a0<\/span>seremis de Miner\u00eda y Medio Ambiente,<span class=\"v1gmail-Apple-converted-space\">\u00a0<\/span>Parque La Tapera,<span class=\"v1gmail-Apple-converted-space\">\u00a0<\/span>Comunidades Portal, entidades que respondieron desde un inicio con disposici\u00f3n a sumarse a las actividades. Y en especial<span class=\"v1gmail-Apple-converted-space\">\u00a0<\/span>el apoyo econ\u00f3mico del Gobierno Regional de Ays\u00e9n y el Consejo Regional, que destinaron un recursos de un subsidio especial para la realizaci\u00f3n de las jornadas.<\/span><\/p>\n<\/div><\/section><\/div><div  style='height:50px' class='hr hr-invisible   avia-builder-el-6  el_after_av_one_full  el_before_av_social_share '><span class='hr-inner ' ><span class='hr-inner-style'><\/span><\/span><\/div><\/p>\n<div  class='av-social-sharing-box  avia-builder-el-7  el_after_av_hr  el_before_av_hr  '><div class='av-share-box'><h5 class='av-share-link-description av-no-toc '>Compartir esta noticia<\/h5><ul class='av-share-box-list noLightbox'><li class='av-share-link av-social-link-facebook' ><a target=\"_blank\" aria-label=\"Compartir en Facebook\" href='https:\/\/www.facebook.com\/sharer.php?u=https:\/\/radiorevelacionfm.cl\/?p=43433&#038;t=Con%20autoformaci%C3%B3n%20y%20acciones%20comunitarias%20conmemoraron%2030%20a%C3%B1os%20de%20Santuario%20de%20la%20Naturaleza%20%C2%ABCapilla%20de%20M%C3%A1rmol%C2%BB' aria-hidden='false' data-av_icon='\ue8f3' data-av_iconfont='entypo-fontello' title='' data-avia-related-tooltip='Compartir en Facebook' rel=\"noopener\"><span class='avia_hidden_link_text'>Compartir en Facebook<\/span><\/a><\/li><li class='av-share-link av-social-link-twitter' ><a target=\"_blank\" aria-label=\"Compartir en Twitter\" href='https:\/\/twitter.com\/share?text=Con%20autoformaci%C3%B3n%20y%20acciones%20comunitarias%20conmemoraron%2030%20a%C3%B1os%20de%20Santuario%20de%20la%20Naturaleza%20%C2%ABCapilla%20de%20M%C3%A1rmol%C2%BB&#038;url=https:\/\/radiorevelacionfm.cl\/?p=43433' aria-hidden='false' data-av_icon='\ue8f1' data-av_iconfont='entypo-fontello' title='' data-avia-related-tooltip='Compartir en Twitter' rel=\"noopener\"><span class='avia_hidden_link_text'>Compartir en Twitter<\/span><\/a><\/li><li class='av-share-link av-social-link-whatsapp' ><a target=\"_blank\" aria-label=\"Compartir en Whatsapp\" href='https:\/\/api.whatsapp.com\/send?text=https:\/\/radiorevelacionfm.cl\/?p=43433' aria-hidden='false' data-av_icon='\uf232' data-av_iconfont='entypo-fontello' title='' data-avia-related-tooltip='Compartir en Whatsapp' rel=\"noopener\"><span class='avia_hidden_link_text'>Compartir en Whatsapp<\/span><\/a><\/li><li class='av-share-link av-social-link-linkedin' ><a target=\"_blank\" aria-label=\"Compartir en LinkedIn\" href='https:\/\/linkedin.com\/shareArticle?mini=true&#038;title=Con%20autoformaci%C3%B3n%20y%20acciones%20comunitarias%20conmemoraron%2030%20a%C3%B1os%20de%20Santuario%20de%20la%20Naturaleza%20%C2%ABCapilla%20de%20M%C3%A1rmol%C2%BB&#038;url=https:\/\/radiorevelacionfm.cl\/?p=43433' aria-hidden='false' data-av_icon='\ue8fc' data-av_iconfont='entypo-fontello' title='' data-avia-related-tooltip='Compartir en LinkedIn' rel=\"noopener\"><span class='avia_hidden_link_text'>Compartir en LinkedIn<\/span><\/a><\/li><li class='av-share-link av-social-link-mail' ><a  aria-label=\"Compartir por correo\" href='mailto:?subject=Con%20autoformaci%C3%B3n%20y%20acciones%20comunitarias%20conmemoraron%2030%20a%C3%B1os%20de%20Santuario%20de%20la%20Naturaleza%20%C2%ABCapilla%20de%20M%C3%A1rmol%C2%BB&#038;body=https:\/\/radiorevelacionfm.cl\/?p=43433' aria-hidden='false' data-av_icon='\ue805' data-av_iconfont='entypo-fontello' title='' data-avia-related-tooltip='Compartir por correo'><span class='avia_hidden_link_text'>Compartir por correo<\/span><\/a><\/li><\/ul><\/div><\/div>\n<div  style='height:50px' class='hr hr-invisible   avia-builder-el-8  el_after_av_social_share  el_before_av_comments_list '><span class='hr-inner ' ><span class='hr-inner-style'><\/span><\/span><\/div>\n<div  class='av-buildercomment  av-blog-meta-html-info-disabled av-blog-meta-tag-disabled  '><\/div>\n","protected":false},"excerpt":{"rendered":"","protected":false},"author":1,"featured_media":43435,"comment_status":"open","ping_status":"open","sticky":false,"template":"","format":"standard","meta":{"footnotes":""},"categories":[38],"tags":[],"class_list":["post-43433","post","type-post","status-publish","format-standard","has-post-thumbnail","hentry","category-regional"],"jetpack_featured_media_url":"https:\/\/radiorevelacionfm.cl\/wp-content\/uploads\/2024\/06\/IMG_0917-1-1.jpg","_links":{"self":[{"href":"https:\/\/radiorevelacionfm.cl\/index.php?rest_route=\/wp\/v2\/posts\/43433","targetHints":{"allow":["GET"]}}],"collection":[{"href":"https:\/\/radiorevelacionfm.cl\/index.php?rest_route=\/wp\/v2\/posts"}],"about":[{"href":"https:\/\/radiorevelacionfm.cl\/index.php?rest_route=\/wp\/v2\/types\/post"}],"author":[{"embeddable":true,"href":"https:\/\/radiorevelacionfm.cl\/index.php?rest_route=\/wp\/v2\/users\/1"}],"replies":[{"embeddable":true,"href":"https:\/\/radiorevelacionfm.cl\/index.php?rest_route=%2Fwp%2Fv2%2Fcomments&post=43433"}],"version-history":[{"count":2,"href":"https:\/\/radiorevelacionfm.cl\/index.php?rest_route=\/wp\/v2\/posts\/43433\/revisions"}],"predecessor-version":[{"id":43437,"href":"https:\/\/radiorevelacionfm.cl\/index.php?rest_route=\/wp\/v2\/posts\/43433\/revisions\/43437"}],"wp:featuredmedia":[{"embeddable":true,"href":"https:\/\/radiorevelacionfm.cl\/index.php?rest_route=\/wp\/v2\/media\/43435"}],"wp:attachment":[{"href":"https:\/\/radiorevelacionfm.cl\/index.php?rest_route=%2Fwp%2Fv2%2Fmedia&parent=43433"}],"wp:term":[{"taxonomy":"category","embeddable":true,"href":"https:\/\/radiorevelacionfm.cl\/index.php?rest_route=%2Fwp%2Fv2%2Fcategories&post=43433"},{"taxonomy":"post_tag","embeddable":true,"href":"https:\/\/radiorevelacionfm.cl\/index.php?rest_route=%2Fwp%2Fv2%2Ftags&post=43433"}],"curies":[{"name":"wp","href":"https:\/\/api.w.org\/{rel}","templated":true}]}}