{"id":43427,"date":"2024-06-24T10:50:12","date_gmt":"2024-06-24T13:50:12","guid":{"rendered":"https:\/\/radiorevelacionfm.cl\/?p=43427"},"modified":"2024-06-24T10:50:12","modified_gmt":"2024-06-24T13:50:12","slug":"estudiantes-de-liceo-luisa-rabanal-palma-de-chile-chico-visitaron-central-hidroelectrica-de-puerto-aysen","status":"publish","type":"post","link":"https:\/\/radiorevelacionfm.cl\/?p=43427","title":{"rendered":"Estudiantes de Liceo Luisa Rabanal Palma de Chile Chico visitaron Central Hidroel\u00e9ctrica de Puerto Ays\u00e9n"},"content":{"rendered":"<div class=\"flex_column av_one_full  flex_column_div av-zero-column-padding first  avia-builder-el-0  el_before_av_one_full  avia-builder-el-first  \" style='border-radius:0px; '><div  class='avia-image-container  av-styling-    avia-builder-el-1  avia-builder-el-no-sibling  avia-align-center '  itemprop=\"image\" itemscope=\"itemscope\" itemtype=\"https:\/\/schema.org\/ImageObject\"  ><div class='avia-image-container-inner'><div class='avia-image-overlay-wrap'><img decoding=\"async\" class='wp-image-43428 avia-img-lazy-loading-not-43428 avia_image' src=\"https:\/\/radiorevelacionfm.cl\/wp-content\/uploads\/2024\/06\/liceos-electricos-pto-aysen0-1_optimized-1-1.jpeg\" alt='' title='liceos-el\u00e9ctricos-pto-aysen0-(1)_optimized (1) (1)' height=\"600\" width=\"800\"  itemprop=\"thumbnailUrl\" srcset=\"https:\/\/radiorevelacionfm.cl\/wp-content\/uploads\/2024\/06\/liceos-electricos-pto-aysen0-1_optimized-1-1.jpeg 800w, https:\/\/radiorevelacionfm.cl\/wp-content\/uploads\/2024\/06\/liceos-electricos-pto-aysen0-1_optimized-1-1-300x225.jpeg 300w, https:\/\/radiorevelacionfm.cl\/wp-content\/uploads\/2024\/06\/liceos-electricos-pto-aysen0-1_optimized-1-1-768x576.jpeg 768w, https:\/\/radiorevelacionfm.cl\/wp-content\/uploads\/2024\/06\/liceos-electricos-pto-aysen0-1_optimized-1-1-705x529.jpeg 705w, https:\/\/radiorevelacionfm.cl\/wp-content\/uploads\/2024\/06\/liceos-electricos-pto-aysen0-1_optimized-1-1-450x338.jpeg 450w, https:\/\/radiorevelacionfm.cl\/wp-content\/uploads\/2024\/06\/liceos-electricos-pto-aysen0-1_optimized-1-1-600x450.jpeg 600w\" sizes=\"(max-width: 800px) 100vw, 800px\" \/><\/div><\/div><\/div><\/div><div class=\"flex_column av_one_full  flex_column_div av-zero-column-padding first  avia-builder-el-2  el_after_av_one_full  el_before_av_one_full  column-top-margin\" style='border-radius:0px; '><section class=\"av_textblock_section \"  itemscope=\"itemscope\" itemtype=\"https:\/\/schema.org\/BlogPosting\" itemprop=\"blogPost\" ><div class='avia_textblock  '   itemprop=\"text\" ><p style=\"text-align: center;\"><strong><span style=\"font-size: 18pt;\">Estudiantes de Liceo Luisa Rabanal Palma de Chile Chico visitaron Central Hidroel\u00e9ctrica de Puerto Ays\u00e9n<\/span><\/strong><\/p>\n<div id=\"gtx-trans\" style=\"position: absolute; left: -50px; top: 4.31534px;\">\n<div class=\"gtx-trans-icon\"><\/div>\n<\/div>\n<\/div><\/section><\/div><div class=\"flex_column av_one_full  flex_column_div av-zero-column-padding first  avia-builder-el-4  el_after_av_one_full  el_before_av_hr  column-top-margin\" style='border-radius:0px; '><section class=\"av_textblock_section \"  itemscope=\"itemscope\" itemtype=\"https:\/\/schema.org\/BlogPosting\" itemprop=\"blogPost\" ><div class='avia_textblock  '   itemprop=\"text\" ><p style=\"text-align: justify;\">Edelaysen, en su constante compromiso con la educaci\u00f3n y el desarrollo de los futuros profesionales de electricidad en la regi\u00f3n a trav\u00e9s de su programa de \u201cLiceos El\u00e9ctricos\u201d, en colaboraci\u00f3n con la ONG Canales, trasladaron hasta la central hidroel\u00e9ctrica Puerto Ays\u00e9n a los estudiantes de la especialidad de electricidad del Liceo Luisa Rabanal Palma de Chile Chico.<\/p>\n<p style=\"text-align: justify;\">\u201cEstamos orgullosos de ser parte de la formaci\u00f3n de los j\u00f3venes y de incentivar sus conocimientos en electricidad\u201d, declar\u00f3 Francisco Pavez, ejecutivo de Edelaysen, agregando que \u201cactividades como esta son esenciales para inspirar a la pr\u00f3xima generaci\u00f3n de profesionales y para fomentar un mayor inter\u00e9s en las carreras t\u00e9cnicas\u201d.<\/p>\n<p style=\"text-align: justify;\">Durante la enriquecedora experiencia, los j\u00f3venes tuvieron la oportunidad de recorrer la central hidroel\u00e9ctrica, ubicada en sector R\u00edo Los Palos de la comuna de Ays\u00e9n, donde aprendieron de primera mano sobre el proceso de generaci\u00f3n de energ\u00eda. Guiados por profesionales, los estudiantes realizaron consultas y profundizaron sus conocimientos en el campo de la electricidad.<\/p>\n<p style=\"text-align: justify;\">Ra\u00fal Retamal, docente de la especialidad de electricidad del establecimiento de Chile Chico destac\u00f3 que: \u201cestamos en un lugar privilegiado para aprender de generaci\u00f3n hidroel\u00e9ctrica, que es algo que los ni\u00f1os no hab\u00edan visto. Para nosotros es importante saber como se produce este tipo de energ\u00eda, ya que como venimos de Chile Chico, ellos ven la parte t\u00e9rmica pero no as\u00ed la generaci\u00f3n hidroel\u00e9ctrica y esto para ellos es muy bueno y pedag\u00f3gico porque al final termina ayudando a mejorar el aprendizaje de los estudiantes\u201d.<\/p>\n<p style=\"text-align: justify;\">Por su parte Claudia Bunster de ONG Canales destac\u00f3 que: \u201cGracias a la colaboraci\u00f3n y al trabajo en conjunto\u00a0 que hemos estado realizando con Edelaysen,\u00a0 la pol\u00edtica p\u00fablica red futuro t\u00e9cnico del Ministerio de Educaci\u00f3n del Ministerio de Educaci\u00f3n ejecutada por ONG Canales y la Secretaria Regional de Educaci\u00f3n Ays\u00e9n, docentes y estudiantes del liceo Bicentenario Luisa Rabanal Palma, han logrado conocer las instalaciones de la Central Hidroel\u00e9ctrica en la regi\u00f3n, lo que les ha permitido tener una visi\u00f3n m\u00e1s global del Sistema el\u00e9ctrico regional,\u00a0 fortaleciendo as\u00ed\u00a0 su motivaci\u00f3n, al conocer las distintas \u00e1reas en donde se pueden desempe\u00f1ar como futuros t\u00e9cnicos en la regi\u00f3n\u201d.<\/p>\n<p style=\"text-align: justify;\">Cabe destacar que la jornada concluy\u00f3 con una premiaci\u00f3n al estudiante que respondi\u00f3 correctamente la pregunta planteada por los profesionales, destacando su comprensi\u00f3n y entusiasmo por lo aprendido en el recorrido por toda la central.<\/p>\n<\/div><\/section><\/div><div  style='height:50px' class='hr hr-invisible   avia-builder-el-6  el_after_av_one_full  el_before_av_social_share '><span class='hr-inner ' ><span class='hr-inner-style'><\/span><\/span><\/div><\/p>\n<div  class='av-social-sharing-box  avia-builder-el-7  el_after_av_hr  el_before_av_hr  '><div class='av-share-box'><h5 class='av-share-link-description av-no-toc '>Compartir esta noticia<\/h5><ul class='av-share-box-list noLightbox'><li class='av-share-link av-social-link-facebook' ><a target=\"_blank\" aria-label=\"Compartir en Facebook\" href='https:\/\/www.facebook.com\/sharer.php?u=https:\/\/radiorevelacionfm.cl\/?p=43427&#038;t=Estudiantes%20de%20Liceo%20Luisa%20Rabanal%20Palma%20de%20Chile%20Chico%20visitaron%20Central%20Hidroel%C3%A9ctrica%20de%20Puerto%20Ays%C3%A9n' aria-hidden='false' data-av_icon='\ue8f3' data-av_iconfont='entypo-fontello' title='' data-avia-related-tooltip='Compartir en Facebook' rel=\"noopener\"><span class='avia_hidden_link_text'>Compartir en Facebook<\/span><\/a><\/li><li class='av-share-link av-social-link-twitter' ><a target=\"_blank\" aria-label=\"Compartir en Twitter\" href='https:\/\/twitter.com\/share?text=Estudiantes%20de%20Liceo%20Luisa%20Rabanal%20Palma%20de%20Chile%20Chico%20visitaron%20Central%20Hidroel%C3%A9ctrica%20de%20Puerto%20Ays%C3%A9n&#038;url=https:\/\/radiorevelacionfm.cl\/?p=43427' aria-hidden='false' data-av_icon='\ue8f1' data-av_iconfont='entypo-fontello' title='' data-avia-related-tooltip='Compartir en Twitter' rel=\"noopener\"><span class='avia_hidden_link_text'>Compartir en Twitter<\/span><\/a><\/li><li class='av-share-link av-social-link-whatsapp' ><a target=\"_blank\" aria-label=\"Compartir en Whatsapp\" href='https:\/\/api.whatsapp.com\/send?text=https:\/\/radiorevelacionfm.cl\/?p=43427' aria-hidden='false' data-av_icon='\uf232' data-av_iconfont='entypo-fontello' title='' data-avia-related-tooltip='Compartir en Whatsapp' rel=\"noopener\"><span class='avia_hidden_link_text'>Compartir en Whatsapp<\/span><\/a><\/li><li class='av-share-link av-social-link-linkedin' ><a target=\"_blank\" aria-label=\"Compartir en LinkedIn\" href='https:\/\/linkedin.com\/shareArticle?mini=true&#038;title=Estudiantes%20de%20Liceo%20Luisa%20Rabanal%20Palma%20de%20Chile%20Chico%20visitaron%20Central%20Hidroel%C3%A9ctrica%20de%20Puerto%20Ays%C3%A9n&#038;url=https:\/\/radiorevelacionfm.cl\/?p=43427' aria-hidden='false' data-av_icon='\ue8fc' data-av_iconfont='entypo-fontello' title='' data-avia-related-tooltip='Compartir en LinkedIn' rel=\"noopener\"><span class='avia_hidden_link_text'>Compartir en LinkedIn<\/span><\/a><\/li><li class='av-share-link av-social-link-mail' ><a  aria-label=\"Compartir por correo\" href='mailto:?subject=Estudiantes%20de%20Liceo%20Luisa%20Rabanal%20Palma%20de%20Chile%20Chico%20visitaron%20Central%20Hidroel%C3%A9ctrica%20de%20Puerto%20Ays%C3%A9n&#038;body=https:\/\/radiorevelacionfm.cl\/?p=43427' aria-hidden='false' data-av_icon='\ue805' data-av_iconfont='entypo-fontello' title='' data-avia-related-tooltip='Compartir por correo'><span class='avia_hidden_link_text'>Compartir por correo<\/span><\/a><\/li><\/ul><\/div><\/div>\n<div  style='height:50px' class='hr hr-invisible   avia-builder-el-8  el_after_av_social_share  el_before_av_comments_list '><span class='hr-inner ' ><span class='hr-inner-style'><\/span><\/span><\/div>\n<div  class='av-buildercomment  av-blog-meta-html-info-disabled av-blog-meta-tag-disabled  '><\/div>\n","protected":false},"excerpt":{"rendered":"","protected":false},"author":1,"featured_media":43428,"comment_status":"open","ping_status":"open","sticky":false,"template":"","format":"standard","meta":{"footnotes":""},"categories":[38],"tags":[],"class_list":["post-43427","post","type-post","status-publish","format-standard","has-post-thumbnail","hentry","category-regional"],"jetpack_featured_media_url":"https:\/\/radiorevelacionfm.cl\/wp-content\/uploads\/2024\/06\/liceos-electricos-pto-aysen0-1_optimized-1-1.jpeg","_links":{"self":[{"href":"https:\/\/radiorevelacionfm.cl\/index.php?rest_route=\/wp\/v2\/posts\/43427","targetHints":{"allow":["GET"]}}],"collection":[{"href":"https:\/\/radiorevelacionfm.cl\/index.php?rest_route=\/wp\/v2\/posts"}],"about":[{"href":"https:\/\/radiorevelacionfm.cl\/index.php?rest_route=\/wp\/v2\/types\/post"}],"author":[{"embeddable":true,"href":"https:\/\/radiorevelacionfm.cl\/index.php?rest_route=\/wp\/v2\/users\/1"}],"replies":[{"embeddable":true,"href":"https:\/\/radiorevelacionfm.cl\/index.php?rest_route=%2Fwp%2Fv2%2Fcomments&post=43427"}],"version-history":[{"count":1,"href":"https:\/\/radiorevelacionfm.cl\/index.php?rest_route=\/wp\/v2\/posts\/43427\/revisions"}],"predecessor-version":[{"id":43429,"href":"https:\/\/radiorevelacionfm.cl\/index.php?rest_route=\/wp\/v2\/posts\/43427\/revisions\/43429"}],"wp:featuredmedia":[{"embeddable":true,"href":"https:\/\/radiorevelacionfm.cl\/index.php?rest_route=\/wp\/v2\/media\/43428"}],"wp:attachment":[{"href":"https:\/\/radiorevelacionfm.cl\/index.php?rest_route=%2Fwp%2Fv2%2Fmedia&parent=43427"}],"wp:term":[{"taxonomy":"category","embeddable":true,"href":"https:\/\/radiorevelacionfm.cl\/index.php?rest_route=%2Fwp%2Fv2%2Fcategories&post=43427"},{"taxonomy":"post_tag","embeddable":true,"href":"https:\/\/radiorevelacionfm.cl\/index.php?rest_route=%2Fwp%2Fv2%2Ftags&post=43427"}],"curies":[{"name":"wp","href":"https:\/\/api.w.org\/{rel}","templated":true}]}}